{"id":586,"date":"2012-04-03T12:37:28","date_gmt":"2012-04-03T10:37:28","guid":{"rendered":"http:\/\/www.coeurssansfrontieres.com\/zone-privee\/informations-ponctuelles\/fevrier-mars-2012\/"},"modified":"2017-10-05T16:50:51","modified_gmt":"2017-10-05T14:50:51","slug":"fevrier-mars-2012","status":"publish","type":"post","link":"https:\/\/www.coeurssansfrontieres.com\/fr\/vie-de-lassociation\/annoncesnouvelles\/fevrier-mars-2012\/","title":{"rendered":"F\u00e9vrier &#8211; Mars 2012"},"content":{"rendered":"<p>[et_pb_section admin_label=\u00a0\u00bbsection\u00a0\u00bb][et_pb_row admin_label=\u00a0\u00bbrow\u00a0\u00bb][et_pb_column type=\u00a0\u00bb4_4&Prime;][et_pb_text admin_label=\u00a0\u00bbTexte\u00a0\u00bb]<\/p>\n<p><strong><em>C\u0153urs sans fronti\u00e8res, le globe terrestre, deux c\u0153urs accol\u00e9s, l\u2019un prot\u00e9geant l\u2019autre.<\/em><\/strong><\/p>\n<p>Avons-nous suffisamment r\u00e9fl\u00e9chi \u00e0 l\u2019embl\u00e8me de notre association ?<\/p>\n<p>Ce symbole nous guide vers une fraternit\u00e9 sans barri\u00e8res. Certes nous sommes n\u00e9s de parents qui ne se seraient pas rencontr\u00e9s sans la Seconde Guerre mondiale, la cons\u00e9quence fut pour la plupart d\u2019entre nous la souffrance de grandir sans racines et souvent sans l\u2019amour n\u00e9cessaire \u00e0 un enfant.<\/p>\n<p>Pourtant, nous avons relev\u00e9 la t\u00eate que l\u2019on nous a maintenue baiss\u00e9e pendant tant d\u2019ann\u00e9es.<\/p>\n<p>N\u2019est-ce pas un exploit \u00e0 plus de 60 ans d\u2019avoir d\u00e9cid\u00e9 d\u2019\u00eatre reconnus et accept\u00e9s ? N\u2019est-il pas merveilleux d\u2019y parvenir, quel chemin parcouru depuis le d\u00e9but de cette aventure ! Les mentalit\u00e9s \u00e9voluent, les portes s\u2019entrouvrent, chaque ann\u00e9e la presse r\u00e9gionale nous ouvre ses colonnes, depuis d\u00e9cembre trois articles ont \u00e9t\u00e9 consacr\u00e9s \u00e0 nos recherches en Allemagne, un en Autriche, les mois pr\u00e9c\u00e9dents la presse fran\u00e7aise s\u2019est \u00e9galement faite l\u2019\u00e9cho de l\u2019attente de quelques uns d\u2019entre-nous.<\/p>\n<p>Des \u00e9v\u00e8nements r\u00e9cents, ont ombrag\u00e9 un ciel que nous pensions serein, nous voulons y voir la crise d\u2019adolescence d\u2019une association r\u00e9cente. Il nous faut en prendre la mesure.<\/p>\n<p>Nous avons \u00e9volu\u00e9 depuis la premi\u00e8re r\u00e9union berlinoise dont est issue la magnifique id\u00e9e de s\u2019unir pour progresser. Apr\u00e8s quelques ann\u00e9es au sein de c\u0153urs sans fronti\u00e8res, particuli\u00e8rement depuis la cr\u00e9ation des secteurs r\u00e9gionaux, nous avons confront\u00e9 nos histoires, sommes sortis de l\u2019isolement, devenus acteurs. Nous agissons alors que nous subissions. Nous apportons \u00e0 ceux qui nous rejoignent une base plus solide que celle que les plus anciens ont eue pour s\u2019appuyer. La fraternit\u00e9 caract\u00e9rise CSF.<\/p>\n<p>Les fronti\u00e8res sont des barri\u00e8res que nous devons garder ouvertes. Celles-ci se nomment \u00e0 priori, jugement\u2026 et ne sont jamais tr\u00e8s loin dans l\u2019\u00eatre humain, ne les laissons pas s\u2019installer dans notre association, comment avancerions-nous ?<\/p>\n<p><em><strong>R\u00e9gions<\/strong><\/em><\/p>\n<p>Pour \u00e9quilibrer les r\u00e9gions, un l\u00e9ger remaniement a \u00e9t\u00e9 effectu\u00e9. Vous trouverez dans la partie publique : Vie de l\u2019association, un nouvel onglet : R\u00e9partition r\u00e9gionale.<\/p>\n<p>Si votre d\u00e9partement a chang\u00e9 de r\u00e9gion, rien ne sera diff\u00e9rent pour vous, vous restez dans la r\u00e9gion o\u00f9 vous \u00e9tiez, avec le\/la m\u00eame d\u00e9l\u00e9gu\u00e9\/e r\u00e9gional\/e. Seuls les nouveaux adh\u00e9rents sont concern\u00e9s par cette nouvelle organisation.<\/p>\n<p>B\u00e9atrice Kelsch devient correspondante Allemagne, cela permettra aux germanophones de pouvoir communiquer de temps \u00e0 autre par t\u00e9l\u00e9phone dans leur langue maternelle, ce que Chantal, malgr\u00e9 ses efforts pour apprendre la langue de Goethe, ne peut assurer.<\/p>\n<p><em><strong>Nomination<\/strong><\/em><\/p>\n<p>Comme le veulent nos statuts, Article 13 :<\/p>\n<p>\u00ab En cas de vacances de poste, le Comit\u00e9 Directeur pourvoit provisoirement au remplacement de ses membres par d&rsquo;autres membres adh\u00e9rents jusqu&rsquo;\u00e0 la prochaine assembl\u00e9e G\u00e9n\u00e9rale. \u00bb<\/p>\n<p>Hubert Le Neillon, qui a d\u00e9j\u00e0 aid\u00e9 plusieurs d\u2019entre nous par des traductions, rejoint le l\u2019\u00e9quipe du comit\u00e9 directeur.<\/p>\n<p><em><strong>Questionnaire<\/strong><\/em> :<\/p>\n<p>En raison des nombreuses r\u00e9ponses, le questionnaire a \u00e9t\u00e9 un succ\u00e8s. Nous nous en r\u00e9jouissons, il est le signe de la vitalit\u00e9 de l\u2019association. Nous esp\u00e9rions y trouver l\u2019aide n\u00e9cessaire \u00e0 un fonctionnement plus coll\u00e9giale, notre souhait se r\u00e9alise. Nous ferons appel aux volontaires, au cours des actions qui n\u00e9cessitent leurs comp\u00e9tences. Nous les remercions.<\/p>\n<p>Il est toujours possible \u00e0 ceux qui n\u2019ont pas r\u00e9pondu ou aux nouveaux arriv\u00e9s de proposer leur aide, ou \u00e0 chacun de nous faire part de ses observations ou suggestions.<\/p>\n<p>Merci d\u2019avance \u00e0 tous.<\/p>\n<p>[\/et_pb_text][\/et_pb_column][\/et_pb_row][\/et_pb_section]<\/p>\n","protected":false},"excerpt":{"rendered":"<p>C\u0153urs sans fronti\u00e8res, le globe terrestre, deux c\u0153urs accol\u00e9s, l\u2019un prot\u00e9geant l\u2019autre. Avons-nous suffisamment r\u00e9fl\u00e9chi \u00e0 l\u2019embl\u00e8me de notre association ? Ce symbole nous guide vers une fraternit\u00e9 sans barri\u00e8res. Certes nous sommes n\u00e9s de parents qui ne se seraient pas rencontr\u00e9s sans la Seconde Guerre mondiale, la cons\u00e9quence fut pour la plupart d\u2019entre nous [&hellip;]<\/p>\n","protected":false},"author":249,"featured_media":5221,"comment_status":"open","ping_status":"open","sticky":false,"template":"","format":"standard","meta":{"_et_pb_use_builder":"on","_et_pb_old_content":"<p><strong><em>C\u0153urs sans fronti\u00e8res, le globe terrestre, deux c\u0153urs accol\u00e9s, l\u2019un prot\u00e9geant l\u2019autre.<\/em><\/strong><\/p><p>Avons-nous suffisamment r\u00e9fl\u00e9chi \u00e0 l\u2019embl\u00e8me de notre association ?<\/p><p>Ce symbole nous guide vers une fraternit\u00e9 sans barri\u00e8res. Certes nous sommes n\u00e9s de parents qui ne se seraient pas rencontr\u00e9s sans la Seconde Guerre mondiale, la cons\u00e9quence fut pour la plupart d\u2019entre nous la souffrance de grandir sans racines et souvent sans l\u2019amour n\u00e9cessaire \u00e0 un enfant.<\/p><p>Pourtant, nous avons relev\u00e9 la t\u00eate que l\u2019on nous a maintenue baiss\u00e9e pendant tant d\u2019ann\u00e9es.<\/p><p>N\u2019est-ce pas un exploit \u00e0 plus de 60 ans d\u2019avoir d\u00e9cid\u00e9 d\u2019\u00eatre reconnus et accept\u00e9s ? N\u2019est-il pas merveilleux d\u2019y parvenir, quel chemin parcouru depuis le d\u00e9but de cette aventure ! Les mentalit\u00e9s \u00e9voluent, les portes s\u2019entrouvrent, chaque ann\u00e9e la presse r\u00e9gionale nous ouvre ses colonnes, depuis d\u00e9cembre trois articles ont \u00e9t\u00e9 consacr\u00e9s \u00e0 nos recherches en Allemagne, un en Autriche, les mois pr\u00e9c\u00e9dents la presse fran\u00e7aise s\u2019est \u00e9galement faite l\u2019\u00e9cho de l\u2019attente de quelques uns d\u2019entre-nous.<\/p><p>Des \u00e9v\u00e8nements r\u00e9cents, ont ombrag\u00e9 un ciel que nous pensions serein, nous voulons y voir la crise d\u2019adolescence d\u2019une association r\u00e9cente. Il nous faut en prendre la mesure.<\/p><p>Nous avons \u00e9volu\u00e9 depuis la premi\u00e8re r\u00e9union berlinoise dont est issue la magnifique id\u00e9e de s\u2019unir pour progresser. Apr\u00e8s quelques ann\u00e9es au sein de c\u0153urs sans fronti\u00e8res, particuli\u00e8rement depuis la cr\u00e9ation des secteurs r\u00e9gionaux, nous avons confront\u00e9 nos histoires, sommes sortis de l\u2019isolement, devenus acteurs. Nous agissons alors que nous subissions. Nous apportons \u00e0 ceux qui nous rejoignent une base plus solide que celle que les plus anciens ont eue pour s\u2019appuyer. La fraternit\u00e9 caract\u00e9rise CSF.<\/p><p>Les fronti\u00e8res sont des barri\u00e8res que nous devons garder ouvertes. Celles-ci se nomment \u00e0 priori, jugement\u2026 et ne sont jamais tr\u00e8s loin dans l\u2019\u00eatre humain, ne les laissons pas s\u2019installer dans notre association, comment avancerions-nous ?<\/p><p><em><strong>R\u00e9gions<\/strong><\/em><\/p><p>Pour \u00e9quilibrer les r\u00e9gions, un l\u00e9ger remaniement a \u00e9t\u00e9 effectu\u00e9. Vous trouverez dans la partie publique : Vie de l\u2019association, un nouvel onglet : R\u00e9partition r\u00e9gionale.<\/p><p>Si votre d\u00e9partement a chang\u00e9 de r\u00e9gion, rien ne sera diff\u00e9rent pour vous, vous restez dans la r\u00e9gion o\u00f9 vous \u00e9tiez, avec le\/la m\u00eame d\u00e9l\u00e9gu\u00e9\/e r\u00e9gional\/e. Seuls les nouveaux adh\u00e9rents sont concern\u00e9s par cette nouvelle organisation.<\/p><p>B\u00e9atrice Kelsch devient correspondante Allemagne, cela permettra aux germanophones de pouvoir communiquer de temps \u00e0 autre par t\u00e9l\u00e9phone dans leur langue maternelle, ce que Chantal, malgr\u00e9 ses efforts pour apprendre la langue de Goethe, ne peut assurer.<\/p><p><em><strong>Nomination<\/strong><\/em><\/p><p>Comme le veulent nos statuts, Article 13 :<\/p><p>\u00ab En cas de vacances de poste, le Comit\u00e9 Directeur pourvoit provisoirement au remplacement de ses membres par d'autres membres adh\u00e9rents jusqu'\u00e0 la prochaine assembl\u00e9e G\u00e9n\u00e9rale. \u00bb<\/p><p>Hubert Le Neillon, qui a d\u00e9j\u00e0 aid\u00e9 plusieurs d\u2019entre nous par des traductions, rejoint le l\u2019\u00e9quipe du comit\u00e9 directeur.<\/p><p><em><strong>Questionnaire<\/strong><\/em> :<\/p><p>En raison des nombreuses r\u00e9ponses, le questionnaire a \u00e9t\u00e9 un succ\u00e8s. Nous nous en r\u00e9jouissons, il est le signe de la vitalit\u00e9 de l\u2019association. Nous esp\u00e9rions y trouver l\u2019aide n\u00e9cessaire \u00e0 un fonctionnement plus coll\u00e9giale, notre souhait se r\u00e9alise. Nous ferons appel aux volontaires, au cours des actions qui n\u00e9cessitent leurs comp\u00e9tences. Nous les remercions.<\/p><p>Il est toujours possible \u00e0 ceux qui n\u2019ont pas r\u00e9pondu ou aux nouveaux arriv\u00e9s de proposer leur aide, ou \u00e0 chacun de nous faire part de ses observations ou suggestions.<\/p><p>Merci d\u2019avance \u00e0 tous.<\/p>","_et_gb_content_width":"","footnotes":""},"categories":[183,13],"tags":[],"class_list":["post-586","post","type-post","status-publish","format-standard","has-post-thumbnail","hentry","category-annoncesnouvelles","category-vie-de-lassociation"],"yoast_head":"<!-- This site is optimized with the Yoast SEO plugin v27.5 - https:\/\/yoast.com\/product\/yoast-seo-wordpress\/ -->\n<title>F\u00e9vrier - Mars 2012 - CSF - HOG<\/title>\n<meta name=\"robots\" content=\"index, follow, max-snippet:-1, max-image-preview:large, max-video-preview:-1\" \/>\n<link rel=\"canonical\" href=\"https:\/\/www.coeurssansfrontieres.com\/fr\/vie-de-lassociation\/annoncesnouvelles\/fevrier-mars-2012\/\" \/>\n<meta property=\"og:locale\" content=\"fr_FR\" \/>\n<meta property=\"og:type\" content=\"article\" \/>\n<meta property=\"og:title\" content=\"F\u00e9vrier - Mars 2012 - CSF - HOG\" \/>\n<meta property=\"og:description\" content=\"C\u0153urs sans fronti\u00e8res, le globe terrestre, deux c\u0153urs accol\u00e9s, l\u2019un prot\u00e9geant l\u2019autre. Avons-nous suffisamment r\u00e9fl\u00e9chi \u00e0 l\u2019embl\u00e8me de notre association ? Ce symbole nous guide vers une fraternit\u00e9 sans barri\u00e8res. Certes nous sommes n\u00e9s de parents qui ne se seraient pas rencontr\u00e9s sans la Seconde Guerre mondiale, la cons\u00e9quence fut pour la plupart d\u2019entre nous [&hellip;]\" \/>\n<meta property=\"og:url\" content=\"https:\/\/www.coeurssansfrontieres.com\/fr\/vie-de-lassociation\/annoncesnouvelles\/fevrier-mars-2012\/\" \/>\n<meta property=\"og:site_name\" content=\"CSF - HOG\" \/>\n<meta property=\"article:published_time\" content=\"2012-04-03T10:37:28+00:00\" \/>\n<meta property=\"article:modified_time\" content=\"2017-10-05T14:50:51+00:00\" \/>\n<meta property=\"og:image\" content=\"https:\/\/www.coeurssansfrontieres.com\/wp-content\/uploads\/2017\/08\/annonces-ombres.png\" \/>\n\t<meta property=\"og:image:width\" content=\"122\" \/>\n\t<meta property=\"og:image:height\" content=\"122\" \/>\n\t<meta property=\"og:image:type\" content=\"image\/png\" \/>\n<meta name=\"author\" content=\"GOFFIN Alexandre\" \/>\n<meta name=\"twitter:card\" content=\"summary_large_image\" \/>\n<meta name=\"twitter:label1\" content=\"\u00c9crit par\" \/>\n\t<meta name=\"twitter:data1\" content=\"GOFFIN Alexandre\" \/>\n\t<meta name=\"twitter:label2\" content=\"Dur\u00e9e de lecture estim\u00e9e\" \/>\n\t<meta name=\"twitter:data2\" content=\"3 minutes\" \/>\n<script type=\"application\/ld+json\" class=\"yoast-schema-graph\">{\"@context\":\"https:\\\/\\\/schema.org\",\"@graph\":[{\"@type\":\"Article\",\"@id\":\"https:\\\/\\\/www.coeurssansfrontieres.com\\\/fr\\\/vie-de-lassociation\\\/annoncesnouvelles\\\/fevrier-mars-2012\\\/#article\",\"isPartOf\":{\"@id\":\"https:\\\/\\\/www.coeurssansfrontieres.com\\\/fr\\\/vie-de-lassociation\\\/annoncesnouvelles\\\/fevrier-mars-2012\\\/\"},\"author\":{\"name\":\"GOFFIN Alexandre\",\"@id\":\"https:\\\/\\\/www.coeurssansfrontieres.com\\\/fr\\\/#\\\/schema\\\/person\\\/19507754554eb5218427fc31038cac56\"},\"headline\":\"F\u00e9vrier &#8211; Mars 2012\",\"datePublished\":\"2012-04-03T10:37:28+00:00\",\"dateModified\":\"2017-10-05T14:50:51+00:00\",\"mainEntityOfPage\":{\"@id\":\"https:\\\/\\\/www.coeurssansfrontieres.com\\\/fr\\\/vie-de-lassociation\\\/annoncesnouvelles\\\/fevrier-mars-2012\\\/\"},\"wordCount\":675,\"commentCount\":0,\"image\":{\"@id\":\"https:\\\/\\\/www.coeurssansfrontieres.com\\\/fr\\\/vie-de-lassociation\\\/annoncesnouvelles\\\/fevrier-mars-2012\\\/#primaryimage\"},\"thumbnailUrl\":\"https:\\\/\\\/www.coeurssansfrontieres.com\\\/wp-content\\\/uploads\\\/2017\\\/08\\\/annonces-ombres.png\",\"articleSection\":[\"AnnoncesNouvelles\",\"Vie de l'Association\"],\"inLanguage\":\"fr-FR\",\"potentialAction\":[{\"@type\":\"CommentAction\",\"name\":\"Comment\",\"target\":[\"https:\\\/\\\/www.coeurssansfrontieres.com\\\/fr\\\/vie-de-lassociation\\\/annoncesnouvelles\\\/fevrier-mars-2012\\\/#respond\"]}]},{\"@type\":\"WebPage\",\"@id\":\"https:\\\/\\\/www.coeurssansfrontieres.com\\\/fr\\\/vie-de-lassociation\\\/annoncesnouvelles\\\/fevrier-mars-2012\\\/\",\"url\":\"https:\\\/\\\/www.coeurssansfrontieres.com\\\/fr\\\/vie-de-lassociation\\\/annoncesnouvelles\\\/fevrier-mars-2012\\\/\",\"name\":\"F\u00e9vrier - Mars 2012 - CSF - HOG\",\"isPartOf\":{\"@id\":\"https:\\\/\\\/www.coeurssansfrontieres.com\\\/fr\\\/#website\"},\"primaryImageOfPage\":{\"@id\":\"https:\\\/\\\/www.coeurssansfrontieres.com\\\/fr\\\/vie-de-lassociation\\\/annoncesnouvelles\\\/fevrier-mars-2012\\\/#primaryimage\"},\"image\":{\"@id\":\"https:\\\/\\\/www.coeurssansfrontieres.com\\\/fr\\\/vie-de-lassociation\\\/annoncesnouvelles\\\/fevrier-mars-2012\\\/#primaryimage\"},\"thumbnailUrl\":\"https:\\\/\\\/www.coeurssansfrontieres.com\\\/wp-content\\\/uploads\\\/2017\\\/08\\\/annonces-ombres.png\",\"datePublished\":\"2012-04-03T10:37:28+00:00\",\"dateModified\":\"2017-10-05T14:50:51+00:00\",\"author\":{\"@id\":\"https:\\\/\\\/www.coeurssansfrontieres.com\\\/fr\\\/#\\\/schema\\\/person\\\/19507754554eb5218427fc31038cac56\"},\"breadcrumb\":{\"@id\":\"https:\\\/\\\/www.coeurssansfrontieres.com\\\/fr\\\/vie-de-lassociation\\\/annoncesnouvelles\\\/fevrier-mars-2012\\\/#breadcrumb\"},\"inLanguage\":\"fr-FR\",\"potentialAction\":[{\"@type\":\"ReadAction\",\"target\":[\"https:\\\/\\\/www.coeurssansfrontieres.com\\\/fr\\\/vie-de-lassociation\\\/annoncesnouvelles\\\/fevrier-mars-2012\\\/\"]}]},{\"@type\":\"ImageObject\",\"inLanguage\":\"fr-FR\",\"@id\":\"https:\\\/\\\/www.coeurssansfrontieres.com\\\/fr\\\/vie-de-lassociation\\\/annoncesnouvelles\\\/fevrier-mars-2012\\\/#primaryimage\",\"url\":\"https:\\\/\\\/www.coeurssansfrontieres.com\\\/wp-content\\\/uploads\\\/2017\\\/08\\\/annonces-ombres.png\",\"contentUrl\":\"https:\\\/\\\/www.coeurssansfrontieres.com\\\/wp-content\\\/uploads\\\/2017\\\/08\\\/annonces-ombres.png\",\"width\":122,\"height\":122},{\"@type\":\"BreadcrumbList\",\"@id\":\"https:\\\/\\\/www.coeurssansfrontieres.com\\\/fr\\\/vie-de-lassociation\\\/annoncesnouvelles\\\/fevrier-mars-2012\\\/#breadcrumb\",\"itemListElement\":[{\"@type\":\"ListItem\",\"position\":1,\"name\":\"Accueil\",\"item\":\"https:\\\/\\\/www.coeurssansfrontieres.com\\\/fr\\\/\"},{\"@type\":\"ListItem\",\"position\":2,\"name\":\"F\u00e9vrier &#8211; Mars 2012\"}]},{\"@type\":\"WebSite\",\"@id\":\"https:\\\/\\\/www.coeurssansfrontieres.com\\\/fr\\\/#website\",\"url\":\"https:\\\/\\\/www.coeurssansfrontieres.com\\\/fr\\\/\",\"name\":\"C\u0153urs sans fronti\u00e8res\",\"description\":\"Association franco-allemande des Enfants de la Seconde Guerre Mondiale\",\"potentialAction\":[{\"@type\":\"SearchAction\",\"target\":{\"@type\":\"EntryPoint\",\"urlTemplate\":\"https:\\\/\\\/www.coeurssansfrontieres.com\\\/fr\\\/?s={search_term_string}\"},\"query-input\":{\"@type\":\"PropertyValueSpecification\",\"valueRequired\":true,\"valueName\":\"search_term_string\"}}],\"inLanguage\":\"fr-FR\"},{\"@type\":\"Person\",\"@id\":\"https:\\\/\\\/www.coeurssansfrontieres.com\\\/fr\\\/#\\\/schema\\\/person\\\/19507754554eb5218427fc31038cac56\",\"name\":\"GOFFIN Alexandre\"}]}<\/script>\n<!-- \/ Yoast SEO plugin. -->","yoast_head_json":{"title":"F\u00e9vrier - Mars 2012 - CSF - HOG","robots":{"index":"index","follow":"follow","max-snippet":"max-snippet:-1","max-image-preview":"max-image-preview:large","max-video-preview":"max-video-preview:-1"},"canonical":"https:\/\/www.coeurssansfrontieres.com\/fr\/vie-de-lassociation\/annoncesnouvelles\/fevrier-mars-2012\/","og_locale":"fr_FR","og_type":"article","og_title":"F\u00e9vrier - Mars 2012 - CSF - HOG","og_description":"C\u0153urs sans fronti\u00e8res, le globe terrestre, deux c\u0153urs accol\u00e9s, l\u2019un prot\u00e9geant l\u2019autre. Avons-nous suffisamment r\u00e9fl\u00e9chi \u00e0 l\u2019embl\u00e8me de notre association ? Ce symbole nous guide vers une fraternit\u00e9 sans barri\u00e8res. Certes nous sommes n\u00e9s de parents qui ne se seraient pas rencontr\u00e9s sans la Seconde Guerre mondiale, la cons\u00e9quence fut pour la plupart d\u2019entre nous [&hellip;]","og_url":"https:\/\/www.coeurssansfrontieres.com\/fr\/vie-de-lassociation\/annoncesnouvelles\/fevrier-mars-2012\/","og_site_name":"CSF - HOG","article_published_time":"2012-04-03T10:37:28+00:00","article_modified_time":"2017-10-05T14:50:51+00:00","og_image":[{"width":122,"height":122,"url":"https:\/\/www.coeurssansfrontieres.com\/wp-content\/uploads\/2017\/08\/annonces-ombres.png","type":"image\/png"}],"author":"GOFFIN Alexandre","twitter_card":"summary_large_image","twitter_misc":{"\u00c9crit par":"GOFFIN Alexandre","Dur\u00e9e de lecture estim\u00e9e":"3 minutes"},"schema":{"@context":"https:\/\/schema.org","@graph":[{"@type":"Article","@id":"https:\/\/www.coeurssansfrontieres.com\/fr\/vie-de-lassociation\/annoncesnouvelles\/fevrier-mars-2012\/#article","isPartOf":{"@id":"https:\/\/www.coeurssansfrontieres.com\/fr\/vie-de-lassociation\/annoncesnouvelles\/fevrier-mars-2012\/"},"author":{"name":"GOFFIN Alexandre","@id":"https:\/\/www.coeurssansfrontieres.com\/fr\/#\/schema\/person\/19507754554eb5218427fc31038cac56"},"headline":"F\u00e9vrier &#8211; Mars 2012","datePublished":"2012-04-03T10:37:28+00:00","dateModified":"2017-10-05T14:50:51+00:00","mainEntityOfPage":{"@id":"https:\/\/www.coeurssansfrontieres.com\/fr\/vie-de-lassociation\/annoncesnouvelles\/fevrier-mars-2012\/"},"wordCount":675,"commentCount":0,"image":{"@id":"https:\/\/www.coeurssansfrontieres.com\/fr\/vie-de-lassociation\/annoncesnouvelles\/fevrier-mars-2012\/#primaryimage"},"thumbnailUrl":"https:\/\/www.coeurssansfrontieres.com\/wp-content\/uploads\/2017\/08\/annonces-ombres.png","articleSection":["AnnoncesNouvelles","Vie de l'Association"],"inLanguage":"fr-FR","potentialAction":[{"@type":"CommentAction","name":"Comment","target":["https:\/\/www.coeurssansfrontieres.com\/fr\/vie-de-lassociation\/annoncesnouvelles\/fevrier-mars-2012\/#respond"]}]},{"@type":"WebPage","@id":"https:\/\/www.coeurssansfrontieres.com\/fr\/vie-de-lassociation\/annoncesnouvelles\/fevrier-mars-2012\/","url":"https:\/\/www.coeurssansfrontieres.com\/fr\/vie-de-lassociation\/annoncesnouvelles\/fevrier-mars-2012\/","name":"F\u00e9vrier - Mars 2012 - CSF - HOG","isPartOf":{"@id":"https:\/\/www.coeurssansfrontieres.com\/fr\/#website"},"primaryImageOfPage":{"@id":"https:\/\/www.coeurssansfrontieres.com\/fr\/vie-de-lassociation\/annoncesnouvelles\/fevrier-mars-2012\/#primaryimage"},"image":{"@id":"https:\/\/www.coeurssansfrontieres.com\/fr\/vie-de-lassociation\/annoncesnouvelles\/fevrier-mars-2012\/#primaryimage"},"thumbnailUrl":"https:\/\/www.coeurssansfrontieres.com\/wp-content\/uploads\/2017\/08\/annonces-ombres.png","datePublished":"2012-04-03T10:37:28+00:00","dateModified":"2017-10-05T14:50:51+00:00","author":{"@id":"https:\/\/www.coeurssansfrontieres.com\/fr\/#\/schema\/person\/19507754554eb5218427fc31038cac56"},"breadcrumb":{"@id":"https:\/\/www.coeurssansfrontieres.com\/fr\/vie-de-lassociation\/annoncesnouvelles\/fevrier-mars-2012\/#breadcrumb"},"inLanguage":"fr-FR","potentialAction":[{"@type":"ReadAction","target":["https:\/\/www.coeurssansfrontieres.com\/fr\/vie-de-lassociation\/annoncesnouvelles\/fevrier-mars-2012\/"]}]},{"@type":"ImageObject","inLanguage":"fr-FR","@id":"https:\/\/www.coeurssansfrontieres.com\/fr\/vie-de-lassociation\/annoncesnouvelles\/fevrier-mars-2012\/#primaryimage","url":"https:\/\/www.coeurssansfrontieres.com\/wp-content\/uploads\/2017\/08\/annonces-ombres.png","contentUrl":"https:\/\/www.coeurssansfrontieres.com\/wp-content\/uploads\/2017\/08\/annonces-ombres.png","width":122,"height":122},{"@type":"BreadcrumbList","@id":"https:\/\/www.coeurssansfrontieres.com\/fr\/vie-de-lassociation\/annoncesnouvelles\/fevrier-mars-2012\/#breadcrumb","itemListElement":[{"@type":"ListItem","position":1,"name":"Accueil","item":"https:\/\/www.coeurssansfrontieres.com\/fr\/"},{"@type":"ListItem","position":2,"name":"F\u00e9vrier &#8211; Mars 2012"}]},{"@type":"WebSite","@id":"https:\/\/www.coeurssansfrontieres.com\/fr\/#website","url":"https:\/\/www.coeurssansfrontieres.com\/fr\/","name":"C\u0153urs sans fronti\u00e8res","description":"Association franco-allemande des Enfants de la Seconde Guerre Mondiale","potentialAction":[{"@type":"SearchAction","target":{"@type":"EntryPoint","urlTemplate":"https:\/\/www.coeurssansfrontieres.com\/fr\/?s={search_term_string}"},"query-input":{"@type":"PropertyValueSpecification","valueRequired":true,"valueName":"search_term_string"}}],"inLanguage":"fr-FR"},{"@type":"Person","@id":"https:\/\/www.coeurssansfrontieres.com\/fr\/#\/schema\/person\/19507754554eb5218427fc31038cac56","name":"GOFFIN Alexandre"}]}},"_links":{"self":[{"href":"https:\/\/www.coeurssansfrontieres.com\/fr\/wp-json\/wp\/v2\/posts\/586","targetHints":{"allow":["GET"]}}],"collection":[{"href":"https:\/\/www.coeurssansfrontieres.com\/fr\/wp-json\/wp\/v2\/posts"}],"about":[{"href":"https:\/\/www.coeurssansfrontieres.com\/fr\/wp-json\/wp\/v2\/types\/post"}],"author":[{"embeddable":true,"href":"https:\/\/www.coeurssansfrontieres.com\/fr\/wp-json\/wp\/v2\/users\/249"}],"replies":[{"embeddable":true,"href":"https:\/\/www.coeurssansfrontieres.com\/fr\/wp-json\/wp\/v2\/comments?post=586"}],"version-history":[{"count":0,"href":"https:\/\/www.coeurssansfrontieres.com\/fr\/wp-json\/wp\/v2\/posts\/586\/revisions"}],"wp:featuredmedia":[{"embeddable":true,"href":"https:\/\/www.coeurssansfrontieres.com\/fr\/wp-json\/wp\/v2\/media\/5221"}],"wp:attachment":[{"href":"https:\/\/www.coeurssansfrontieres.com\/fr\/wp-json\/wp\/v2\/media?parent=586"}],"wp:term":[{"taxonomy":"category","embeddable":true,"href":"https:\/\/www.coeurssansfrontieres.com\/fr\/wp-json\/wp\/v2\/categories?post=586"},{"taxonomy":"post_tag","embeddable":true,"href":"https:\/\/www.coeurssansfrontieres.com\/fr\/wp-json\/wp\/v2\/tags?post=586"}],"curies":[{"name":"wp","href":"https:\/\/api.w.org\/{rel}","templated":true}]}}