{"id":598,"date":"2012-05-30T13:00:27","date_gmt":"2012-05-30T11:00:27","guid":{"rendered":"http:\/\/www.coeurssansfrontieres.com\/zone-privee\/informations-ponctuelles\/avril-mai-2012\/"},"modified":"2017-10-05T16:40:10","modified_gmt":"2017-10-05T14:40:10","slug":"avril-mai-2012","status":"publish","type":"post","link":"https:\/\/www.coeurssansfrontieres.com\/fr\/vie-de-lassociation\/annoncesnouvelles\/avril-mai-2012\/","title":{"rendered":"Avril \u2013 Mai 2012"},"content":{"rendered":"<p>[et_pb_section admin_label=\u00a0\u00bbsection\u00a0\u00bb][et_pb_row admin_label=\u00a0\u00bbrow\u00a0\u00bb][et_pb_column type=\u00a0\u00bb4_4&Prime;][et_pb_text admin_label=\u00a0\u00bbTexte\u00a0\u00bb]<\/p>\n<p>Nous aborderons dans quelques jours le 6\u00e8me mois de 2012, nous sommes donc \u00e0 la mi-ann\u00e9e.<\/p>\n<p>Au cours de ce dernier semestre quelques \u00e9v\u00e8nements heureux ont ponctu\u00e9 l\u2019actualit\u00e9 de CSF\/HOG :<\/p>\n<p>&#8211; <strong><span style=\"font-size: 13pt;\">L\u2019arriv\u00e9e de nouveaux adh\u00e9rents<\/span><\/strong>, fran\u00e7ais, allemands, autrichiens ; la plupart nous ont connus par notre site, nous leur souhaitons la bienvenue. Ils me donnent l\u2019occasion de vous rappeler mes propos lors de la derni\u00e8re assembl\u00e9e g\u00e9n\u00e9rale :<\/p>\n<p>Le site est ouvert \u00e0 tous, plus vous vous exprimerez, plus il sera vivant et pr\u00e9sentera le dynamisme de notre association, son esprit, ses joies et ses peines. En envoyant des id\u00e9es, des textes, des photos, des commentaires vous enrichissez votre site et faites conna\u00eetre notre cause \u00e0 l\u2019ensemble des visiteurs ext\u00e9rieurs \u00e0 l\u2019association. C\u2019est ainsi que ces personnes nous contactent pour proposer de l\u2019aide pour les recherches en cours.<\/p>\n<p>&#8211; <strong><span style=\"font-size: 13pt;\">Le voyage 2012 \u00e0 Berlin<\/span><\/strong> ; je vous invite \u00e0 lire le commentaire du s\u00e9jour berlinois, \u00e9crit par Jean Willemin, vous le trouverez \u00e0 la rubrique \u00ab Vie de l\u2019association\/rencontre \u00bb. Merci \u00e0 Jean pour ce texte.<\/p>\n<p>&#8211; <strong><span style=\"font-size: 13pt;\">Les recherches r\u00e9solues<\/span><\/strong> :<\/p>\n<p><strong>Daniel<\/strong> (Ille-et-Vilaine)<\/p>\n<p>a trouv\u00e9 et d\u00e9j\u00e0 rencontr\u00e9 sa famille allemande. Sur le conseil de son d\u00e9l\u00e9gu\u00e9 r\u00e9gional, il a comme beaucoup d\u2019entre nous \u00e9crit \u00e0 la WASt, Madame Zipperling a identifi\u00e9 sa famille allemande. Daniel a \u00e9t\u00e9 accueilli chaleureusement par sa famille.<\/p>\n<p><strong>Herv\u00e9<\/strong> (Vaucluse), recherche n\u00b0 276<\/p>\n<p>La recherche d\u2019Herv\u00e9 a \u00e9t\u00e9 laborieuse, il a sonn\u00e9 \u00e0 bien des portes, tant en Autriche qu\u2019en France, surmont\u00e9 tous les obstacles, \u00e9t\u00e9 aid\u00e9 et encourag\u00e9 par son d\u00e9l\u00e9gu\u00e9 r\u00e9gional, par une adh\u00e9rente allemande qui se rend souvent en Autriche, par des articles dans la presse autrichienne. Herv\u00e9 a l\u2019immense bonheur, apr\u00e8s avoir contempl\u00e9 pendant des ann\u00e9es en photo le dos de son p\u00e8re, de voir enfin son visage. Voyez son annonce dans les recherches et un des articles de presse dans la rubrique \u00ab actualit\u00e9s \u00bb (\u00ab Qui conna\u00eet le p\u00e8re acrobate de cet entant de la guerre ? \u00bb).<\/p>\n<p><strong>Monique<\/strong>, (Paris), recherche n\u00b0 97<\/p>\n<p>Monique r\u00eavait de trouver la maison devant laquelle son p\u00e8re prisonnier de guerre fran\u00e7ais est photographi\u00e9. Brigitte, une des personnes qui a \u00e9t\u00e9 int\u00e9ress\u00e9e par notre site, comme indiqu\u00e9 pr\u00e9c\u00e9demment, a contact\u00e9 une journaliste qui a \u00e9crit un article dans le journal local de la r\u00e9gion o\u00f9 le papa de Monique travaillait en commando. Cet article a g\u00e9n\u00e9r\u00e9 des appels de t\u00e9moins \u00e2g\u00e9s se souvenant de la pr\u00e9sence des prisonniers de guerre, la maison a \u00e9t\u00e9 identifi\u00e9e en 48 h.<\/p>\n<p>Quelques semaines plus tard, Monique participe au voyage \u00e0 Berlin, rencontre Brigitte et la journaliste, et se rend \u00e0 la maison photographi\u00e9e. Elle rencontre la famille du propri\u00e9taire et le maire du village. Un nouvel article para\u00eet dans la presse avec l\u2019espoir de trouver un \u00e9ventuel enfant du p\u00e8re de Monique.<\/p>\n<p>&#8211; <strong><span style=\"font-size: 13pt;\">Les retrouvailles<\/span><\/strong> :<\/p>\n<p><strong>Odette<\/strong> (Ile de France) a visit\u00e9 pour la 1\u00e8re fois sa famille allemande, une grande et belle famille. Odette est tr\u00e8s heureuse, ressent qu\u2019un grand vide s\u2019est combl\u00e9, elle s\u2019\u00e9merveille de se sentir si semblable \u00e0 sa famille paternelle.<\/p>\n<p><strong>Jean<\/strong> (Jura) a prolong\u00e9 son s\u00e9jour Berlinois, pour faire la connaissance de sa famille allemande. Comme Odette, il a la chance d\u2019\u00eatre totalement accept\u00e9 et son bonheur est immense.<\/p>\n<p>Il est r\u00e9confortant de voir que tous les espoirs sont encore permis, D\u2019autres recherches sont bien avanc\u00e9es, il reste encore quelques v\u00e9rifications \u00e0 mener, avant de vous les annoncer comme d\u00e9finitivement r\u00e9solues.<\/p>\n<p>Je conclurai en disant que la r\u00e9ussite tient \u00e0 un travail continu , \u00e0 l\u2019entraide, \u00e0 la chance et au fait de r\u00e9sister au d\u00e9couragement.<\/p>\n<p>&#8211; <strong><span style=\"font-size: 13pt;\">La r\u00e9union r\u00e9gionale Allemagne<\/span><\/strong> :<\/p>\n<p>Le 5 mai la r\u00e9union r\u00e9gionale Allemagne\/Autriche s\u2019est tenue \u00e0 Offenburg, 26 personnes \u00e9taient pr\u00e9sentes.<\/p>\n<p>L\u2019ambiance chaleureuse, le miracle de toutes nos rencontres s\u2019est \u00e0 nouveau produit : chacun s\u2019est imm\u00e9diatement senti \u00e0 l\u2019aise et compris. Les heures ont pass\u00e9 trop vite, vivement la prochaine rencontre \u00e0 Paris \u00e0 l\u2019occasion de l\u2019AG.<\/p>\n<p><em>Chantal Le Quentrec, Secr\u00e9taire de CSF, assure le lien entre vous et votre site, elle attend avec impatience vos messages, textes, suggestions, photos ou autres.<\/em><\/p>\n<p><em>Par mail : <\/em><a href=\"mailto:Coeurssansfrontieres-lequentrec@laposte.fr\">Coeurssansfrontieres-lequentrec@laposte.fr<\/a><\/p>\n<p><em>Par courrier : <\/em>Chantal Le Quentrec &#8211; 12 Villa St Pierre -94220 Charenton le Pont<\/p>\n<p>[\/et_pb_text][\/et_pb_column][\/et_pb_row][\/et_pb_section]<\/p>\n","protected":false},"excerpt":{"rendered":"<p>Nous aborderons dans quelques jours le 6\u00e8me mois de 2012, nous sommes donc \u00e0 la mi-ann\u00e9e. Au cours de ce dernier semestre quelques \u00e9v\u00e8nements heureux ont ponctu\u00e9 l\u2019actualit\u00e9 de CSF\/HOG : &#8211; L\u2019arriv\u00e9e de nouveaux adh\u00e9rents, fran\u00e7ais, allemands, autrichiens ; la plupart nous ont connus par notre site, nous leur souhaitons la bienvenue. Ils me [&hellip;]<\/p>\n","protected":false},"author":249,"featured_media":5221,"comment_status":"open","ping_status":"open","sticky":false,"template":"","format":"standard","meta":{"_et_pb_use_builder":"on","_et_pb_old_content":"<p><br \/>Nous aborderons dans quelques jours le 6\u00e8me mois de 2012, nous sommes donc \u00e0 la mi-ann\u00e9e.<\/p><p>Au cours de ce dernier semestre quelques \u00e9v\u00e8nements heureux ont ponctu\u00e9 l\u2019actualit\u00e9 de CSF\/HOG :<\/p><p>- <strong><span style=\"font-size: 13pt;\">L\u2019arriv\u00e9e de nouveaux adh\u00e9rents<\/span><\/strong>, fran\u00e7ais, allemands, autrichiens ; la plupart nous ont connus par notre site, nous leur souhaitons la bienvenue. Ils me donnent l\u2019occasion de vous rappeler mes propos lors de la derni\u00e8re assembl\u00e9e g\u00e9n\u00e9rale :<\/p><p>Le site est ouvert \u00e0 tous, plus vous vous exprimerez, plus il sera vivant et pr\u00e9sentera le dynamisme de notre association, son esprit, ses joies et ses peines. En envoyant des id\u00e9es, des textes, des photos, des commentaires vous enrichissez votre site et faites conna\u00eetre notre cause \u00e0 l\u2019ensemble des visiteurs ext\u00e9rieurs \u00e0 l\u2019association. C\u2019est ainsi que ces personnes nous contactent pour proposer de l\u2019aide pour les recherches en cours.<\/p><p>- <strong><span style=\"font-size: 13pt;\">Le voyage 2012 \u00e0 Berlin<\/span><\/strong> ; je vous invite \u00e0 lire le commentaire du s\u00e9jour berlinois, \u00e9crit par Jean Willemin, vous le trouverez \u00e0 la rubrique \u00ab Vie de l\u2019association\/rencontre \u00bb. Merci \u00e0 Jean pour ce texte.<\/p><p>- <strong><span style=\"font-size: 13pt;\">Les recherches r\u00e9solues<\/span><\/strong> :<\/p><p><strong>Daniel<\/strong> (Ille-et-Vilaine)<\/p><p>a trouv\u00e9 et d\u00e9j\u00e0 rencontr\u00e9 sa famille allemande. Sur le conseil de son d\u00e9l\u00e9gu\u00e9 r\u00e9gional, il a comme beaucoup d\u2019entre nous \u00e9crit \u00e0 la WASt, Madame Zipperling a identifi\u00e9 sa famille allemande. Daniel a \u00e9t\u00e9 accueilli chaleureusement par sa famille.<\/p><p><strong>Herv\u00e9<\/strong> (Vaucluse), recherche n\u00b0 276<\/p><p>La recherche d\u2019Herv\u00e9 a \u00e9t\u00e9 laborieuse, il a sonn\u00e9 \u00e0 bien des portes, tant en Autriche qu\u2019en France, surmont\u00e9 tous les obstacles, \u00e9t\u00e9 aid\u00e9 et encourag\u00e9 par son d\u00e9l\u00e9gu\u00e9 r\u00e9gional, par une adh\u00e9rente allemande qui se rend souvent en Autriche, par des articles dans la presse autrichienne. Herv\u00e9 a l\u2019immense bonheur, apr\u00e8s avoir contempl\u00e9 pendant des ann\u00e9es en photo le dos de son p\u00e8re, de voir enfin son visage. Voyez son annonce dans les recherches et un des articles de presse dans la rubrique \u00ab actualit\u00e9s \u00bb (\u00ab Qui conna\u00eet le p\u00e8re acrobate de cet entant de la guerre ? \u00bb).<\/p><p><strong>Monique<\/strong>, (Paris), recherche n\u00b0 97<\/p><p>Monique r\u00eavait de trouver la maison devant laquelle son p\u00e8re prisonnier de guerre fran\u00e7ais est photographi\u00e9. Brigitte, une des personnes qui a \u00e9t\u00e9 int\u00e9ress\u00e9e par notre site, comme indiqu\u00e9 pr\u00e9c\u00e9demment, a contact\u00e9 une journaliste qui a \u00e9crit un article dans le journal local de la r\u00e9gion o\u00f9 le papa de Monique travaillait en commando. Cet article a g\u00e9n\u00e9r\u00e9 des appels de t\u00e9moins \u00e2g\u00e9s se souvenant de la pr\u00e9sence des prisonniers de guerre, la maison a \u00e9t\u00e9 identifi\u00e9e en 48 h.<\/p><p>Quelques semaines plus tard, Monique participe au voyage \u00e0 Berlin, rencontre Brigitte et la journaliste, et se rend \u00e0 la maison photographi\u00e9e. Elle rencontre la famille du propri\u00e9taire et le maire du village. Un nouvel article para\u00eet dans la presse avec l\u2019espoir de trouver un \u00e9ventuel enfant du p\u00e8re de Monique.<\/p><p>- <strong><span style=\"font-size: 13pt;\">Les retrouvailles<\/span><\/strong> :<\/p><p><strong>Odette<\/strong> (Ile de France) a visit\u00e9 pour la 1\u00e8re fois sa famille allemande, une grande et belle famille. Odette est tr\u00e8s heureuse, ressent qu\u2019un grand vide s\u2019est combl\u00e9, elle s\u2019\u00e9merveille de se sentir si semblable \u00e0 sa famille paternelle.<\/p><p><strong>Jean<\/strong> (Jura) a prolong\u00e9 son s\u00e9jour Berlinois, pour faire la connaissance de sa famille allemande. Comme Odette, il a la chance d\u2019\u00eatre totalement accept\u00e9 et son bonheur est immense.<\/p><p>Il est r\u00e9confortant de voir que tous les espoirs sont encore permis, D\u2019autres recherches sont bien avanc\u00e9es, il reste encore quelques v\u00e9rifications \u00e0 mener, avant de vous les annoncer comme d\u00e9finitivement r\u00e9solues.<\/p><p>Je conclurai en disant que la r\u00e9ussite tient \u00e0 un travail continu , \u00e0 l\u2019entraide, \u00e0 la chance et au fait de r\u00e9sister au d\u00e9couragement.<\/p><p>- <strong><span style=\"font-size: 13pt;\">La r\u00e9union r\u00e9gionale Allemagne<\/span><\/strong> :<\/p><p>Le 5 mai la r\u00e9union r\u00e9gionale Allemagne\/Autriche s\u2019est tenue \u00e0 Offenburg, 26 personnes \u00e9taient pr\u00e9sentes.<\/p><p>L\u2019ambiance chaleureuse, le miracle de toutes nos rencontres s\u2019est \u00e0 nouveau produit : chacun s\u2019est imm\u00e9diatement senti \u00e0 l\u2019aise et compris. Les heures ont pass\u00e9 trop vite, vivement la prochaine rencontre \u00e0 Paris \u00e0 l\u2019occasion de l\u2019AG.<\/p><p><em>Chantal Le Quentrec, Secr\u00e9taire de CSF, assure le lien entre vous et votre site, elle attend avec impatience vos messages, textes, suggestions, photos ou autres.<\/em><\/p><p><em>Par mail : <\/em><a href=\"mailto:Coeurssansfrontieres-lequentrec@laposte.fr\">Coeurssansfrontieres-lequentrec@laposte.fr<\/a><\/p><p><em>Par courrier : <\/em>Chantal Le Quentrec - 12 Villa St Pierre -94220 Charenton le Pont<\/p>","_et_gb_content_width":"","footnotes":""},"categories":[183,13],"tags":[],"class_list":["post-598","post","type-post","status-publish","format-standard","has-post-thumbnail","hentry","category-annoncesnouvelles","category-vie-de-lassociation"],"yoast_head":"<!-- This site is optimized with the Yoast SEO plugin v27.5 - https:\/\/yoast.com\/product\/yoast-seo-wordpress\/ -->\n<title>Avril \u2013 Mai 2012 - CSF - HOG<\/title>\n<meta name=\"robots\" content=\"index, follow, max-snippet:-1, max-image-preview:large, max-video-preview:-1\" \/>\n<link rel=\"canonical\" href=\"https:\/\/www.coeurssansfrontieres.com\/fr\/vie-de-lassociation\/annoncesnouvelles\/avril-mai-2012\/\" \/>\n<meta property=\"og:locale\" content=\"fr_FR\" \/>\n<meta property=\"og:type\" content=\"article\" \/>\n<meta property=\"og:title\" content=\"Avril \u2013 Mai 2012 - CSF - HOG\" \/>\n<meta property=\"og:description\" content=\"Nous aborderons dans quelques jours le 6\u00e8me mois de 2012, nous sommes donc \u00e0 la mi-ann\u00e9e. Au cours de ce dernier semestre quelques \u00e9v\u00e8nements heureux ont ponctu\u00e9 l\u2019actualit\u00e9 de CSF\/HOG : - L\u2019arriv\u00e9e de nouveaux adh\u00e9rents, fran\u00e7ais, allemands, autrichiens ; la plupart nous ont connus par notre site, nous leur souhaitons la bienvenue. Ils me [&hellip;]\" \/>\n<meta property=\"og:url\" content=\"https:\/\/www.coeurssansfrontieres.com\/fr\/vie-de-lassociation\/annoncesnouvelles\/avril-mai-2012\/\" \/>\n<meta property=\"og:site_name\" content=\"CSF - HOG\" \/>\n<meta property=\"article:published_time\" content=\"2012-05-30T11:00:27+00:00\" \/>\n<meta property=\"article:modified_time\" content=\"2017-10-05T14:40:10+00:00\" \/>\n<meta property=\"og:image\" content=\"https:\/\/www.coeurssansfrontieres.com\/wp-content\/uploads\/2017\/08\/annonces-ombres.png\" \/>\n\t<meta property=\"og:image:width\" content=\"122\" \/>\n\t<meta property=\"og:image:height\" content=\"122\" \/>\n\t<meta property=\"og:image:type\" content=\"image\/png\" \/>\n<meta name=\"author\" content=\"GOFFIN Alexandre\" \/>\n<meta name=\"twitter:card\" content=\"summary_large_image\" \/>\n<meta name=\"twitter:label1\" content=\"\u00c9crit par\" \/>\n\t<meta name=\"twitter:data1\" content=\"GOFFIN Alexandre\" \/>\n\t<meta name=\"twitter:label2\" content=\"Dur\u00e9e de lecture estim\u00e9e\" \/>\n\t<meta name=\"twitter:data2\" content=\"4 minutes\" \/>\n<script type=\"application\/ld+json\" class=\"yoast-schema-graph\">{\"@context\":\"https:\\\/\\\/schema.org\",\"@graph\":[{\"@type\":\"Article\",\"@id\":\"https:\\\/\\\/www.coeurssansfrontieres.com\\\/fr\\\/vie-de-lassociation\\\/annoncesnouvelles\\\/avril-mai-2012\\\/#article\",\"isPartOf\":{\"@id\":\"https:\\\/\\\/www.coeurssansfrontieres.com\\\/fr\\\/vie-de-lassociation\\\/annoncesnouvelles\\\/avril-mai-2012\\\/\"},\"author\":{\"name\":\"GOFFIN Alexandre\",\"@id\":\"https:\\\/\\\/www.coeurssansfrontieres.com\\\/fr\\\/#\\\/schema\\\/person\\\/19507754554eb5218427fc31038cac56\"},\"headline\":\"Avril \u2013 Mai 2012\",\"datePublished\":\"2012-05-30T11:00:27+00:00\",\"dateModified\":\"2017-10-05T14:40:10+00:00\",\"mainEntityOfPage\":{\"@id\":\"https:\\\/\\\/www.coeurssansfrontieres.com\\\/fr\\\/vie-de-lassociation\\\/annoncesnouvelles\\\/avril-mai-2012\\\/\"},\"wordCount\":780,\"commentCount\":0,\"image\":{\"@id\":\"https:\\\/\\\/www.coeurssansfrontieres.com\\\/fr\\\/vie-de-lassociation\\\/annoncesnouvelles\\\/avril-mai-2012\\\/#primaryimage\"},\"thumbnailUrl\":\"https:\\\/\\\/www.coeurssansfrontieres.com\\\/wp-content\\\/uploads\\\/2017\\\/08\\\/annonces-ombres.png\",\"articleSection\":[\"AnnoncesNouvelles\",\"Vie de l'Association\"],\"inLanguage\":\"fr-FR\",\"potentialAction\":[{\"@type\":\"CommentAction\",\"name\":\"Comment\",\"target\":[\"https:\\\/\\\/www.coeurssansfrontieres.com\\\/fr\\\/vie-de-lassociation\\\/annoncesnouvelles\\\/avril-mai-2012\\\/#respond\"]}]},{\"@type\":\"WebPage\",\"@id\":\"https:\\\/\\\/www.coeurssansfrontieres.com\\\/fr\\\/vie-de-lassociation\\\/annoncesnouvelles\\\/avril-mai-2012\\\/\",\"url\":\"https:\\\/\\\/www.coeurssansfrontieres.com\\\/fr\\\/vie-de-lassociation\\\/annoncesnouvelles\\\/avril-mai-2012\\\/\",\"name\":\"Avril \u2013 Mai 2012 - CSF - HOG\",\"isPartOf\":{\"@id\":\"https:\\\/\\\/www.coeurssansfrontieres.com\\\/fr\\\/#website\"},\"primaryImageOfPage\":{\"@id\":\"https:\\\/\\\/www.coeurssansfrontieres.com\\\/fr\\\/vie-de-lassociation\\\/annoncesnouvelles\\\/avril-mai-2012\\\/#primaryimage\"},\"image\":{\"@id\":\"https:\\\/\\\/www.coeurssansfrontieres.com\\\/fr\\\/vie-de-lassociation\\\/annoncesnouvelles\\\/avril-mai-2012\\\/#primaryimage\"},\"thumbnailUrl\":\"https:\\\/\\\/www.coeurssansfrontieres.com\\\/wp-content\\\/uploads\\\/2017\\\/08\\\/annonces-ombres.png\",\"datePublished\":\"2012-05-30T11:00:27+00:00\",\"dateModified\":\"2017-10-05T14:40:10+00:00\",\"author\":{\"@id\":\"https:\\\/\\\/www.coeurssansfrontieres.com\\\/fr\\\/#\\\/schema\\\/person\\\/19507754554eb5218427fc31038cac56\"},\"breadcrumb\":{\"@id\":\"https:\\\/\\\/www.coeurssansfrontieres.com\\\/fr\\\/vie-de-lassociation\\\/annoncesnouvelles\\\/avril-mai-2012\\\/#breadcrumb\"},\"inLanguage\":\"fr-FR\",\"potentialAction\":[{\"@type\":\"ReadAction\",\"target\":[\"https:\\\/\\\/www.coeurssansfrontieres.com\\\/fr\\\/vie-de-lassociation\\\/annoncesnouvelles\\\/avril-mai-2012\\\/\"]}]},{\"@type\":\"ImageObject\",\"inLanguage\":\"fr-FR\",\"@id\":\"https:\\\/\\\/www.coeurssansfrontieres.com\\\/fr\\\/vie-de-lassociation\\\/annoncesnouvelles\\\/avril-mai-2012\\\/#primaryimage\",\"url\":\"https:\\\/\\\/www.coeurssansfrontieres.com\\\/wp-content\\\/uploads\\\/2017\\\/08\\\/annonces-ombres.png\",\"contentUrl\":\"https:\\\/\\\/www.coeurssansfrontieres.com\\\/wp-content\\\/uploads\\\/2017\\\/08\\\/annonces-ombres.png\",\"width\":122,\"height\":122},{\"@type\":\"BreadcrumbList\",\"@id\":\"https:\\\/\\\/www.coeurssansfrontieres.com\\\/fr\\\/vie-de-lassociation\\\/annoncesnouvelles\\\/avril-mai-2012\\\/#breadcrumb\",\"itemListElement\":[{\"@type\":\"ListItem\",\"position\":1,\"name\":\"Accueil\",\"item\":\"https:\\\/\\\/www.coeurssansfrontieres.com\\\/fr\\\/\"},{\"@type\":\"ListItem\",\"position\":2,\"name\":\"Avril \u2013 Mai 2012\"}]},{\"@type\":\"WebSite\",\"@id\":\"https:\\\/\\\/www.coeurssansfrontieres.com\\\/fr\\\/#website\",\"url\":\"https:\\\/\\\/www.coeurssansfrontieres.com\\\/fr\\\/\",\"name\":\"C\u0153urs sans fronti\u00e8res\",\"description\":\"Association franco-allemande des Enfants de la Seconde Guerre Mondiale\",\"potentialAction\":[{\"@type\":\"SearchAction\",\"target\":{\"@type\":\"EntryPoint\",\"urlTemplate\":\"https:\\\/\\\/www.coeurssansfrontieres.com\\\/fr\\\/?s={search_term_string}\"},\"query-input\":{\"@type\":\"PropertyValueSpecification\",\"valueRequired\":true,\"valueName\":\"search_term_string\"}}],\"inLanguage\":\"fr-FR\"},{\"@type\":\"Person\",\"@id\":\"https:\\\/\\\/www.coeurssansfrontieres.com\\\/fr\\\/#\\\/schema\\\/person\\\/19507754554eb5218427fc31038cac56\",\"name\":\"GOFFIN Alexandre\"}]}<\/script>\n<!-- \/ Yoast SEO plugin. -->","yoast_head_json":{"title":"Avril \u2013 Mai 2012 - CSF - HOG","robots":{"index":"index","follow":"follow","max-snippet":"max-snippet:-1","max-image-preview":"max-image-preview:large","max-video-preview":"max-video-preview:-1"},"canonical":"https:\/\/www.coeurssansfrontieres.com\/fr\/vie-de-lassociation\/annoncesnouvelles\/avril-mai-2012\/","og_locale":"fr_FR","og_type":"article","og_title":"Avril \u2013 Mai 2012 - CSF - HOG","og_description":"Nous aborderons dans quelques jours le 6\u00e8me mois de 2012, nous sommes donc \u00e0 la mi-ann\u00e9e. Au cours de ce dernier semestre quelques \u00e9v\u00e8nements heureux ont ponctu\u00e9 l\u2019actualit\u00e9 de CSF\/HOG : - L\u2019arriv\u00e9e de nouveaux adh\u00e9rents, fran\u00e7ais, allemands, autrichiens ; la plupart nous ont connus par notre site, nous leur souhaitons la bienvenue. Ils me [&hellip;]","og_url":"https:\/\/www.coeurssansfrontieres.com\/fr\/vie-de-lassociation\/annoncesnouvelles\/avril-mai-2012\/","og_site_name":"CSF - HOG","article_published_time":"2012-05-30T11:00:27+00:00","article_modified_time":"2017-10-05T14:40:10+00:00","og_image":[{"width":122,"height":122,"url":"https:\/\/www.coeurssansfrontieres.com\/wp-content\/uploads\/2017\/08\/annonces-ombres.png","type":"image\/png"}],"author":"GOFFIN Alexandre","twitter_card":"summary_large_image","twitter_misc":{"\u00c9crit par":"GOFFIN Alexandre","Dur\u00e9e de lecture estim\u00e9e":"4 minutes"},"schema":{"@context":"https:\/\/schema.org","@graph":[{"@type":"Article","@id":"https:\/\/www.coeurssansfrontieres.com\/fr\/vie-de-lassociation\/annoncesnouvelles\/avril-mai-2012\/#article","isPartOf":{"@id":"https:\/\/www.coeurssansfrontieres.com\/fr\/vie-de-lassociation\/annoncesnouvelles\/avril-mai-2012\/"},"author":{"name":"GOFFIN Alexandre","@id":"https:\/\/www.coeurssansfrontieres.com\/fr\/#\/schema\/person\/19507754554eb5218427fc31038cac56"},"headline":"Avril \u2013 Mai 2012","datePublished":"2012-05-30T11:00:27+00:00","dateModified":"2017-10-05T14:40:10+00:00","mainEntityOfPage":{"@id":"https:\/\/www.coeurssansfrontieres.com\/fr\/vie-de-lassociation\/annoncesnouvelles\/avril-mai-2012\/"},"wordCount":780,"commentCount":0,"image":{"@id":"https:\/\/www.coeurssansfrontieres.com\/fr\/vie-de-lassociation\/annoncesnouvelles\/avril-mai-2012\/#primaryimage"},"thumbnailUrl":"https:\/\/www.coeurssansfrontieres.com\/wp-content\/uploads\/2017\/08\/annonces-ombres.png","articleSection":["AnnoncesNouvelles","Vie de l'Association"],"inLanguage":"fr-FR","potentialAction":[{"@type":"CommentAction","name":"Comment","target":["https:\/\/www.coeurssansfrontieres.com\/fr\/vie-de-lassociation\/annoncesnouvelles\/avril-mai-2012\/#respond"]}]},{"@type":"WebPage","@id":"https:\/\/www.coeurssansfrontieres.com\/fr\/vie-de-lassociation\/annoncesnouvelles\/avril-mai-2012\/","url":"https:\/\/www.coeurssansfrontieres.com\/fr\/vie-de-lassociation\/annoncesnouvelles\/avril-mai-2012\/","name":"Avril \u2013 Mai 2012 - CSF - HOG","isPartOf":{"@id":"https:\/\/www.coeurssansfrontieres.com\/fr\/#website"},"primaryImageOfPage":{"@id":"https:\/\/www.coeurssansfrontieres.com\/fr\/vie-de-lassociation\/annoncesnouvelles\/avril-mai-2012\/#primaryimage"},"image":{"@id":"https:\/\/www.coeurssansfrontieres.com\/fr\/vie-de-lassociation\/annoncesnouvelles\/avril-mai-2012\/#primaryimage"},"thumbnailUrl":"https:\/\/www.coeurssansfrontieres.com\/wp-content\/uploads\/2017\/08\/annonces-ombres.png","datePublished":"2012-05-30T11:00:27+00:00","dateModified":"2017-10-05T14:40:10+00:00","author":{"@id":"https:\/\/www.coeurssansfrontieres.com\/fr\/#\/schema\/person\/19507754554eb5218427fc31038cac56"},"breadcrumb":{"@id":"https:\/\/www.coeurssansfrontieres.com\/fr\/vie-de-lassociation\/annoncesnouvelles\/avril-mai-2012\/#breadcrumb"},"inLanguage":"fr-FR","potentialAction":[{"@type":"ReadAction","target":["https:\/\/www.coeurssansfrontieres.com\/fr\/vie-de-lassociation\/annoncesnouvelles\/avril-mai-2012\/"]}]},{"@type":"ImageObject","inLanguage":"fr-FR","@id":"https:\/\/www.coeurssansfrontieres.com\/fr\/vie-de-lassociation\/annoncesnouvelles\/avril-mai-2012\/#primaryimage","url":"https:\/\/www.coeurssansfrontieres.com\/wp-content\/uploads\/2017\/08\/annonces-ombres.png","contentUrl":"https:\/\/www.coeurssansfrontieres.com\/wp-content\/uploads\/2017\/08\/annonces-ombres.png","width":122,"height":122},{"@type":"BreadcrumbList","@id":"https:\/\/www.coeurssansfrontieres.com\/fr\/vie-de-lassociation\/annoncesnouvelles\/avril-mai-2012\/#breadcrumb","itemListElement":[{"@type":"ListItem","position":1,"name":"Accueil","item":"https:\/\/www.coeurssansfrontieres.com\/fr\/"},{"@type":"ListItem","position":2,"name":"Avril \u2013 Mai 2012"}]},{"@type":"WebSite","@id":"https:\/\/www.coeurssansfrontieres.com\/fr\/#website","url":"https:\/\/www.coeurssansfrontieres.com\/fr\/","name":"C\u0153urs sans fronti\u00e8res","description":"Association franco-allemande des Enfants de la Seconde Guerre Mondiale","potentialAction":[{"@type":"SearchAction","target":{"@type":"EntryPoint","urlTemplate":"https:\/\/www.coeurssansfrontieres.com\/fr\/?s={search_term_string}"},"query-input":{"@type":"PropertyValueSpecification","valueRequired":true,"valueName":"search_term_string"}}],"inLanguage":"fr-FR"},{"@type":"Person","@id":"https:\/\/www.coeurssansfrontieres.com\/fr\/#\/schema\/person\/19507754554eb5218427fc31038cac56","name":"GOFFIN Alexandre"}]}},"_links":{"self":[{"href":"https:\/\/www.coeurssansfrontieres.com\/fr\/wp-json\/wp\/v2\/posts\/598","targetHints":{"allow":["GET"]}}],"collection":[{"href":"https:\/\/www.coeurssansfrontieres.com\/fr\/wp-json\/wp\/v2\/posts"}],"about":[{"href":"https:\/\/www.coeurssansfrontieres.com\/fr\/wp-json\/wp\/v2\/types\/post"}],"author":[{"embeddable":true,"href":"https:\/\/www.coeurssansfrontieres.com\/fr\/wp-json\/wp\/v2\/users\/249"}],"replies":[{"embeddable":true,"href":"https:\/\/www.coeurssansfrontieres.com\/fr\/wp-json\/wp\/v2\/comments?post=598"}],"version-history":[{"count":0,"href":"https:\/\/www.coeurssansfrontieres.com\/fr\/wp-json\/wp\/v2\/posts\/598\/revisions"}],"wp:featuredmedia":[{"embeddable":true,"href":"https:\/\/www.coeurssansfrontieres.com\/fr\/wp-json\/wp\/v2\/media\/5221"}],"wp:attachment":[{"href":"https:\/\/www.coeurssansfrontieres.com\/fr\/wp-json\/wp\/v2\/media?parent=598"}],"wp:term":[{"taxonomy":"category","embeddable":true,"href":"https:\/\/www.coeurssansfrontieres.com\/fr\/wp-json\/wp\/v2\/categories?post=598"},{"taxonomy":"post_tag","embeddable":true,"href":"https:\/\/www.coeurssansfrontieres.com\/fr\/wp-json\/wp\/v2\/tags?post=598"}],"curies":[{"name":"wp","href":"https:\/\/api.w.org\/{rel}","templated":true}]}}