{"id":623,"date":"2012-08-26T14:51:50","date_gmt":"2012-08-26T12:51:50","guid":{"rendered":"http:\/\/www.coeurssansfrontieres.com\/zone-privee\/informations-ponctuelles\/juillet-aout-2012\/"},"modified":"2017-10-05T16:05:15","modified_gmt":"2017-10-05T14:05:15","slug":"juillet-aout-2012","status":"publish","type":"post","link":"https:\/\/www.coeurssansfrontieres.com\/fr\/vie-de-lassociation\/annoncesnouvelles\/juillet-aout-2012\/","title":{"rendered":"Juillet &#8211; Ao\u00fbt 2012"},"content":{"rendered":"<p>[et_pb_section admin_label=\u00a0\u00bbsection\u00a0\u00bb][et_pb_row admin_label=\u00a0\u00bbrow\u00a0\u00bb][et_pb_column type=\u00a0\u00bb4_4&Prime;][et_pb_text admin_label=\u00a0\u00bbTexte\u00a0\u00bb]<\/p>\n<p>Ainsi que nous l\u2019avions annonc\u00e9 lors de notre mail intitul\u00e9: \u00abNos promesses de l\u2019AG 2011\u00bb, Le Minist\u00e8re des Affaires \u00e9trang\u00e8res a accord\u00e9 un rendez-vous \u00e0 CSF.<\/p>\n<p>Le 8 ao\u00fbt, Monsieur Micha\u00ebl OHNMACHT, (rempla\u00e7ant de Madame FELLNER), Secr\u00e9taire g\u00e9n\u00e9ral pour la coop\u00e9ration Franco-allemande a re\u00e7u Michel Blanc et Chantal Le Quentrec.<\/p>\n<p><em>Le but de ce rendez-vous \u00e9taient de pr\u00e9ciser les diff\u00e9rences de traitement entre les enfants de la guerre fran\u00e7ais et les enfants de la guerre (ou de l\u2019imm\u00e9diat apr\u00e8s guerre) allemands.<\/em><\/p>\n<p>Il a \u00e9t\u00e9 rappel\u00e9 \u00e0 Monsieur Ohnmacht que:<\/p>\n<p>&#8211; les allemands n\u00e9s de m\u00e8res allemandes et p\u00e8res prisonniers de guerre fran\u00e7ais, ou de p\u00e8res STO, ou de soldats fran\u00e7ais en garnison dans les zones d\u2019Occupations fran\u00e7aises en Allemagne, ne peuvent demander \u00e0 b\u00e9n\u00e9ficier de la double nationalit\u00e9, alors que la l\u00e9gislation des 2 pays l\u2019accorde \u00e0 leurs homologues fran\u00e7ais<\/p>\n<p>&#8211; Les enfants de la guerre fran\u00e7ais ont acc\u00e8s aux archives de la Deutsche Dienststelle (WASt), et ont la facilit\u00e9 de s\u2019exprimer en fran\u00e7ais, alors que les enfants allemands n\u00e9s des soldats fran\u00e7ais qui interrogent les archives militaires fran\u00e7aises re\u00e7oivent une fin de non recevoir, puisqu\u2019ils ne peuvent prouver leur filiation.<\/p>\n<p>Monsieur Micha\u00ebl Ohnmacht a reconnu l\u2019iniquit\u00e9 de la situation et a volontiers prodigu\u00e9 des conseils et cit\u00e9s les contacts \u00e0 \u00e9tablir en Allemagne et en France pour agir en faveur des allemands concern\u00e9s.<\/p>\n<p>Chantal (d\u00e9l\u00e9gu\u00e9e r\u00e9gionale Allemagne) et Beatrice (correspondante Allemagne) vont suivre les pr\u00e9cieux conseils de Monsieur Ohnmacht, ceci bien entendu, en concertation avec les adh\u00e9rents allemands.<\/p>\n<p>Il a \u00e9t\u00e9 \u00e9galement mentionn\u00e9 \u00e0 Monsieur Ohnmacht, <em>le grand int\u00e9r\u00eat que l\u2019association porte \u00e0 la comm\u00e9moration du trait\u00e9 de l\u2019Elys\u00e9e et \u00e0 l\u2019ann\u00e9e franco-allemande<\/em> qui vient de d\u00e9buter. Monsieur Ohnmacht a \u00e9t\u00e9 sensible \u00e0 cette affirmation qui souligne l\u2019importance que CSF porte au d\u00e9veloppement des relations et de l\u2019amiti\u00e9 entre la France et l\u2019Allemagne.<\/p>\n<p><em>Un dossier \u00abanniversaire du trait\u00e9 de l\u2019Elys\u00e9e\u00bb, a \u00e9t\u00e9 ouvert sur le site<\/em>. L\u2019onglet \u00ab\u00a0Bourse d\u2019\u00e9changes\u00a0\u00bb a \u00e9t\u00e9 remplac\u00e9 par l\u2019onglet \u00ab\u00a0Ev\u00e8nementiels\u00a0\u00bb<\/p>\n<p>Cette nouvelle rubrique est inaugur\u00e9e avec le trait\u00e9 de l\u2019Elys\u00e9e. Merci de communiquer \u00e0 Chantal Le Quentrec, les informations dont vous aurez connaissances tant sur les diverses comm\u00e9morations que sur l\u2019ann\u00e9e France-Allemagne (juillet 2012\/juillet 2013).<\/p>\n<p><em>Le Comit\u00e9 directeur pr\u00e9pare la rencontre annuelle CSF.<\/em> Lundi 20 ao\u00fbt, H\u00e9l\u00e8ne Le Tat (tr\u00e9sori\u00e8re (et Chantal Le Quentrec (secr\u00e9taire) ont visit\u00e9 l\u2019h\u00f4tel, o\u00f9 nous aurons le plaisir de nous revoir les <strong>17 et 18 novembre 2012<\/strong>. L\u2019accueil du personnel de l\u2019\u00e9tablissement, la propret\u00e9 des lieux,<\/p>\n<p><img loading=\"lazy\" decoding=\"async\" src=\"images\/stories\/120811LQ049A.JPG\" alt=\"120811LQ049A\" width=\"500\" height=\"375\" border=\"1\" \/><\/p>\n<p>L\u2019\u00e9quipement de la salle de r\u00e9unions, les repas (Chantal et H\u00e9l\u00e8ne ont d\u00e9jeun\u00e9 sur place pour tester) semble favorable \u00e0 une agr\u00e9able rencontre.<\/p>\n<p>L\u2019h\u00f4tel (bien insonoris\u00e9) est proche de l\u2019a\u00e9roport Roissy\/Charles de Gaulle. Une navette gratuite relie l\u2019a\u00e9roport \u00e0 l\u2019h\u00f4tel.<\/p>\n<p>H\u00e9l\u00e8ne pr\u00e9pare toutes les informations n\u00e9cessaires, vous recevrez d\u00e9but septembre la fiche d\u2019inscription. Ceux qui d\u00e9sirent b\u00e9n\u00e9ficier des prix r\u00e9duits de transport en achetant leurs billets d\u2019avion ou de train peuvent le faire, le lieu et les dates sont d\u00e9finitifs. Des responsables de CSF, dont Chantal et H\u00e9l\u00e8ne seront pr\u00e9sents d\u00e8s le vendredi afin d\u2019accueillir ceux qui souhaitent arriver la veille de la rencontre.<\/p>\n<p><img loading=\"lazy\" decoding=\"async\" src=\"images\/stories\/120811LQ049B.JPG\" alt=\"120811LQ049B\" width=\"500\" height=\"375\" border=\"1\" \/><\/p>\n<p>Tr\u00e8s cordialement.<\/p>\n<p>[\/et_pb_text][\/et_pb_column][\/et_pb_row][\/et_pb_section]<\/p>\n","protected":false},"excerpt":{"rendered":"<p>Ainsi que nous l\u2019avions annonc\u00e9 lors de notre mail intitul\u00e9: \u00abNos promesses de l\u2019AG 2011\u00bb, Le Minist\u00e8re des Affaires \u00e9trang\u00e8res a accord\u00e9 un rendez-vous \u00e0 CSF. Le 8 ao\u00fbt, Monsieur Micha\u00ebl OHNMACHT, (rempla\u00e7ant de Madame FELLNER), Secr\u00e9taire g\u00e9n\u00e9ral pour la coop\u00e9ration Franco-allemande a re\u00e7u Michel Blanc et Chantal Le Quentrec. Le but de ce rendez-vous [&hellip;]<\/p>\n","protected":false},"author":249,"featured_media":5221,"comment_status":"open","ping_status":"open","sticky":false,"template":"","format":"standard","meta":{"_et_pb_use_builder":"on","_et_pb_old_content":"<p>Ainsi que nous l\u2019avions annonc\u00e9 lors de notre mail intitul\u00e9: \u00abNos promesses de l\u2019AG 2011\u00bb, Le Minist\u00e8re des Affaires \u00e9trang\u00e8res a accord\u00e9 un rendez-vous \u00e0 CSF.<\/p><p>Le 8 ao\u00fbt, Monsieur Micha\u00ebl OHNMACHT, (rempla\u00e7ant de Madame FELLNER), Secr\u00e9taire g\u00e9n\u00e9ral pour la coop\u00e9ration Franco-allemande a re\u00e7u Michel Blanc et Chantal Le Quentrec.<\/p><p><em>Le but de ce rendez-vous \u00e9taient de pr\u00e9ciser les diff\u00e9rences de traitement entre les enfants de la guerre fran\u00e7ais et les enfants de la guerre (ou de l\u2019imm\u00e9diat apr\u00e8s guerre) allemands.<\/em><\/p><p>Il a \u00e9t\u00e9 rappel\u00e9 \u00e0 Monsieur Ohnmacht que:<\/p><p>- les allemands n\u00e9s de m\u00e8res allemandes et p\u00e8res prisonniers de guerre fran\u00e7ais, ou de p\u00e8res STO, ou de soldats fran\u00e7ais en garnison dans les zones d\u2019Occupations fran\u00e7aises en Allemagne, ne peuvent demander \u00e0 b\u00e9n\u00e9ficier de la double nationalit\u00e9, alors que la l\u00e9gislation des 2 pays l\u2019accorde \u00e0 leurs homologues fran\u00e7ais<\/p><p>- Les enfants de la guerre fran\u00e7ais ont acc\u00e8s aux archives de la Deutsche Dienststelle (WASt), et ont la facilit\u00e9 de s\u2019exprimer en fran\u00e7ais, alors que les enfants allemands n\u00e9s des soldats fran\u00e7ais qui interrogent les archives militaires fran\u00e7aises re\u00e7oivent une fin de non recevoir, puisqu\u2019ils ne peuvent prouver leur filiation.<\/p><p>Monsieur Micha\u00ebl Ohnmacht a reconnu l\u2019iniquit\u00e9 de la situation et a volontiers prodigu\u00e9 des conseils et cit\u00e9s les contacts \u00e0 \u00e9tablir en Allemagne et en France pour agir en faveur des allemands concern\u00e9s.<\/p><p>Chantal (d\u00e9l\u00e9gu\u00e9e r\u00e9gionale Allemagne) et Beatrice (correspondante Allemagne) vont suivre les pr\u00e9cieux conseils de Monsieur Ohnmacht, ceci bien entendu, en concertation avec les adh\u00e9rents allemands.<\/p><p>Il a \u00e9t\u00e9 \u00e9galement mentionn\u00e9 \u00e0 Monsieur Ohnmacht, <em>le grand int\u00e9r\u00eat que l\u2019association porte \u00e0 la comm\u00e9moration du trait\u00e9 de l\u2019Elys\u00e9e et \u00e0 l\u2019ann\u00e9e franco-allemande<\/em> qui vient de d\u00e9buter. Monsieur Ohnmacht a \u00e9t\u00e9 sensible \u00e0 cette affirmation qui souligne l\u2019importance que CSF porte au d\u00e9veloppement des relations et de l\u2019amiti\u00e9 entre la France et l\u2019Allemagne.<\/p><p><em>Un dossier \u00abanniversaire du trait\u00e9 de l\u2019Elys\u00e9e\u00bb, a \u00e9t\u00e9 ouvert sur le site<\/em>. L\u2019onglet \"Bourse d\u2019\u00e9changes\" a \u00e9t\u00e9 remplac\u00e9 par l\u2019onglet \"Ev\u00e8nementiels\"<\/p><p>Cette nouvelle rubrique est inaugur\u00e9e avec le trait\u00e9 de l\u2019Elys\u00e9e. Merci de communiquer \u00e0 Chantal Le Quentrec, les informations dont vous aurez connaissances tant sur les diverses comm\u00e9morations que sur l\u2019ann\u00e9e France-Allemagne (juillet 2012\/juillet 2013).<\/p><p><em>Le Comit\u00e9 directeur pr\u00e9pare la rencontre annuelle CSF.<\/em> Lundi 20 ao\u00fbt, H\u00e9l\u00e8ne Le Tat (tr\u00e9sori\u00e8re (et Chantal Le Quentrec (secr\u00e9taire) ont visit\u00e9 l\u2019h\u00f4tel, o\u00f9 nous aurons le plaisir de nous revoir les <strong>17 et 18 novembre 2012<\/strong>. L\u2019accueil du personnel de l\u2019\u00e9tablissement, la propret\u00e9 des lieux,<\/p><p><img src=\"images\/stories\/120811LQ049A.JPG\" alt=\"120811LQ049A\" width=\"500\" height=\"375\" border=\"1\" \/><\/p><p>L\u2019\u00e9quipement de la salle de r\u00e9unions, les repas (Chantal et H\u00e9l\u00e8ne ont d\u00e9jeun\u00e9 sur place pour tester) semble favorable \u00e0 une agr\u00e9able rencontre.<\/p><p>L\u2019h\u00f4tel (bien insonoris\u00e9) est proche de l\u2019a\u00e9roport Roissy\/Charles de Gaulle. Une navette gratuite relie l\u2019a\u00e9roport \u00e0 l\u2019h\u00f4tel.<\/p><p>H\u00e9l\u00e8ne pr\u00e9pare toutes les informations n\u00e9cessaires, vous recevrez d\u00e9but septembre la fiche d\u2019inscription. Ceux qui d\u00e9sirent b\u00e9n\u00e9ficier des prix r\u00e9duits de transport en achetant leurs billets d\u2019avion ou de train peuvent le faire, le lieu et les dates sont d\u00e9finitifs. Des responsables de CSF, dont Chantal et H\u00e9l\u00e8ne seront pr\u00e9sents d\u00e8s le vendredi afin d\u2019accueillir ceux qui souhaitent arriver la veille de la rencontre.<\/p><p><img src=\"images\/stories\/120811LQ049B.JPG\" alt=\"120811LQ049B\" width=\"500\" height=\"375\" border=\"1\" \/><\/p><p>Tr\u00e8s cordialement.<\/p>","_et_gb_content_width":"","footnotes":""},"categories":[183,13],"tags":[],"class_list":["post-623","post","type-post","status-publish","format-standard","has-post-thumbnail","hentry","category-annoncesnouvelles","category-vie-de-lassociation"],"yoast_head":"<!-- This site is optimized with the Yoast SEO plugin v27.5 - https:\/\/yoast.com\/product\/yoast-seo-wordpress\/ -->\n<title>Juillet - Ao\u00fbt 2012 - CSF - HOG<\/title>\n<meta name=\"robots\" content=\"index, follow, max-snippet:-1, max-image-preview:large, max-video-preview:-1\" \/>\n<link rel=\"canonical\" href=\"https:\/\/www.coeurssansfrontieres.com\/fr\/vie-de-lassociation\/annoncesnouvelles\/juillet-aout-2012\/\" \/>\n<meta property=\"og:locale\" content=\"fr_FR\" \/>\n<meta property=\"og:type\" content=\"article\" \/>\n<meta property=\"og:title\" content=\"Juillet - Ao\u00fbt 2012 - CSF - HOG\" \/>\n<meta property=\"og:description\" content=\"Ainsi que nous l\u2019avions annonc\u00e9 lors de notre mail intitul\u00e9: \u00abNos promesses de l\u2019AG 2011\u00bb, Le Minist\u00e8re des Affaires \u00e9trang\u00e8res a accord\u00e9 un rendez-vous \u00e0 CSF. Le 8 ao\u00fbt, Monsieur Micha\u00ebl OHNMACHT, (rempla\u00e7ant de Madame FELLNER), Secr\u00e9taire g\u00e9n\u00e9ral pour la coop\u00e9ration Franco-allemande a re\u00e7u Michel Blanc et Chantal Le Quentrec. Le but de ce rendez-vous [&hellip;]\" \/>\n<meta property=\"og:url\" content=\"https:\/\/www.coeurssansfrontieres.com\/fr\/vie-de-lassociation\/annoncesnouvelles\/juillet-aout-2012\/\" \/>\n<meta property=\"og:site_name\" content=\"CSF - HOG\" \/>\n<meta property=\"article:published_time\" content=\"2012-08-26T12:51:50+00:00\" \/>\n<meta property=\"article:modified_time\" content=\"2017-10-05T14:05:15+00:00\" \/>\n<meta property=\"og:image\" content=\"https:\/\/www.coeurssansfrontieres.com\/wp-content\/uploads\/2017\/08\/annonces-ombres.png\" \/>\n\t<meta property=\"og:image:width\" content=\"122\" \/>\n\t<meta property=\"og:image:height\" content=\"122\" \/>\n\t<meta property=\"og:image:type\" content=\"image\/png\" \/>\n<meta name=\"author\" content=\"GOFFIN Alexandre\" \/>\n<meta name=\"twitter:card\" content=\"summary_large_image\" \/>\n<meta name=\"twitter:label1\" content=\"\u00c9crit par\" \/>\n\t<meta name=\"twitter:data1\" content=\"GOFFIN Alexandre\" \/>\n\t<meta name=\"twitter:label2\" content=\"Dur\u00e9e de lecture estim\u00e9e\" \/>\n\t<meta name=\"twitter:data2\" content=\"3 minutes\" \/>\n<script type=\"application\/ld+json\" class=\"yoast-schema-graph\">{\"@context\":\"https:\\\/\\\/schema.org\",\"@graph\":[{\"@type\":\"Article\",\"@id\":\"https:\\\/\\\/www.coeurssansfrontieres.com\\\/fr\\\/vie-de-lassociation\\\/annoncesnouvelles\\\/juillet-aout-2012\\\/#article\",\"isPartOf\":{\"@id\":\"https:\\\/\\\/www.coeurssansfrontieres.com\\\/fr\\\/vie-de-lassociation\\\/annoncesnouvelles\\\/juillet-aout-2012\\\/\"},\"author\":{\"name\":\"GOFFIN Alexandre\",\"@id\":\"https:\\\/\\\/www.coeurssansfrontieres.com\\\/fr\\\/#\\\/schema\\\/person\\\/19507754554eb5218427fc31038cac56\"},\"headline\":\"Juillet &#8211; Ao\u00fbt 2012\",\"datePublished\":\"2012-08-26T12:51:50+00:00\",\"dateModified\":\"2017-10-05T14:05:15+00:00\",\"mainEntityOfPage\":{\"@id\":\"https:\\\/\\\/www.coeurssansfrontieres.com\\\/fr\\\/vie-de-lassociation\\\/annoncesnouvelles\\\/juillet-aout-2012\\\/\"},\"wordCount\":650,\"commentCount\":0,\"image\":{\"@id\":\"https:\\\/\\\/www.coeurssansfrontieres.com\\\/fr\\\/vie-de-lassociation\\\/annoncesnouvelles\\\/juillet-aout-2012\\\/#primaryimage\"},\"thumbnailUrl\":\"https:\\\/\\\/www.coeurssansfrontieres.com\\\/wp-content\\\/uploads\\\/2017\\\/08\\\/annonces-ombres.png\",\"articleSection\":[\"AnnoncesNouvelles\",\"Vie de l'Association\"],\"inLanguage\":\"fr-FR\",\"potentialAction\":[{\"@type\":\"CommentAction\",\"name\":\"Comment\",\"target\":[\"https:\\\/\\\/www.coeurssansfrontieres.com\\\/fr\\\/vie-de-lassociation\\\/annoncesnouvelles\\\/juillet-aout-2012\\\/#respond\"]}]},{\"@type\":\"WebPage\",\"@id\":\"https:\\\/\\\/www.coeurssansfrontieres.com\\\/fr\\\/vie-de-lassociation\\\/annoncesnouvelles\\\/juillet-aout-2012\\\/\",\"url\":\"https:\\\/\\\/www.coeurssansfrontieres.com\\\/fr\\\/vie-de-lassociation\\\/annoncesnouvelles\\\/juillet-aout-2012\\\/\",\"name\":\"Juillet - Ao\u00fbt 2012 - CSF - HOG\",\"isPartOf\":{\"@id\":\"https:\\\/\\\/www.coeurssansfrontieres.com\\\/fr\\\/#website\"},\"primaryImageOfPage\":{\"@id\":\"https:\\\/\\\/www.coeurssansfrontieres.com\\\/fr\\\/vie-de-lassociation\\\/annoncesnouvelles\\\/juillet-aout-2012\\\/#primaryimage\"},\"image\":{\"@id\":\"https:\\\/\\\/www.coeurssansfrontieres.com\\\/fr\\\/vie-de-lassociation\\\/annoncesnouvelles\\\/juillet-aout-2012\\\/#primaryimage\"},\"thumbnailUrl\":\"https:\\\/\\\/www.coeurssansfrontieres.com\\\/wp-content\\\/uploads\\\/2017\\\/08\\\/annonces-ombres.png\",\"datePublished\":\"2012-08-26T12:51:50+00:00\",\"dateModified\":\"2017-10-05T14:05:15+00:00\",\"author\":{\"@id\":\"https:\\\/\\\/www.coeurssansfrontieres.com\\\/fr\\\/#\\\/schema\\\/person\\\/19507754554eb5218427fc31038cac56\"},\"breadcrumb\":{\"@id\":\"https:\\\/\\\/www.coeurssansfrontieres.com\\\/fr\\\/vie-de-lassociation\\\/annoncesnouvelles\\\/juillet-aout-2012\\\/#breadcrumb\"},\"inLanguage\":\"fr-FR\",\"potentialAction\":[{\"@type\":\"ReadAction\",\"target\":[\"https:\\\/\\\/www.coeurssansfrontieres.com\\\/fr\\\/vie-de-lassociation\\\/annoncesnouvelles\\\/juillet-aout-2012\\\/\"]}]},{\"@type\":\"ImageObject\",\"inLanguage\":\"fr-FR\",\"@id\":\"https:\\\/\\\/www.coeurssansfrontieres.com\\\/fr\\\/vie-de-lassociation\\\/annoncesnouvelles\\\/juillet-aout-2012\\\/#primaryimage\",\"url\":\"https:\\\/\\\/www.coeurssansfrontieres.com\\\/wp-content\\\/uploads\\\/2017\\\/08\\\/annonces-ombres.png\",\"contentUrl\":\"https:\\\/\\\/www.coeurssansfrontieres.com\\\/wp-content\\\/uploads\\\/2017\\\/08\\\/annonces-ombres.png\",\"width\":122,\"height\":122},{\"@type\":\"BreadcrumbList\",\"@id\":\"https:\\\/\\\/www.coeurssansfrontieres.com\\\/fr\\\/vie-de-lassociation\\\/annoncesnouvelles\\\/juillet-aout-2012\\\/#breadcrumb\",\"itemListElement\":[{\"@type\":\"ListItem\",\"position\":1,\"name\":\"Accueil\",\"item\":\"https:\\\/\\\/www.coeurssansfrontieres.com\\\/fr\\\/\"},{\"@type\":\"ListItem\",\"position\":2,\"name\":\"Juillet &#8211; Ao\u00fbt 2012\"}]},{\"@type\":\"WebSite\",\"@id\":\"https:\\\/\\\/www.coeurssansfrontieres.com\\\/fr\\\/#website\",\"url\":\"https:\\\/\\\/www.coeurssansfrontieres.com\\\/fr\\\/\",\"name\":\"C\u0153urs sans fronti\u00e8res\",\"description\":\"Association franco-allemande des Enfants de la Seconde Guerre Mondiale\",\"potentialAction\":[{\"@type\":\"SearchAction\",\"target\":{\"@type\":\"EntryPoint\",\"urlTemplate\":\"https:\\\/\\\/www.coeurssansfrontieres.com\\\/fr\\\/?s={search_term_string}\"},\"query-input\":{\"@type\":\"PropertyValueSpecification\",\"valueRequired\":true,\"valueName\":\"search_term_string\"}}],\"inLanguage\":\"fr-FR\"},{\"@type\":\"Person\",\"@id\":\"https:\\\/\\\/www.coeurssansfrontieres.com\\\/fr\\\/#\\\/schema\\\/person\\\/19507754554eb5218427fc31038cac56\",\"name\":\"GOFFIN Alexandre\"}]}<\/script>\n<!-- \/ Yoast SEO plugin. -->","yoast_head_json":{"title":"Juillet - Ao\u00fbt 2012 - CSF - HOG","robots":{"index":"index","follow":"follow","max-snippet":"max-snippet:-1","max-image-preview":"max-image-preview:large","max-video-preview":"max-video-preview:-1"},"canonical":"https:\/\/www.coeurssansfrontieres.com\/fr\/vie-de-lassociation\/annoncesnouvelles\/juillet-aout-2012\/","og_locale":"fr_FR","og_type":"article","og_title":"Juillet - Ao\u00fbt 2012 - CSF - HOG","og_description":"Ainsi que nous l\u2019avions annonc\u00e9 lors de notre mail intitul\u00e9: \u00abNos promesses de l\u2019AG 2011\u00bb, Le Minist\u00e8re des Affaires \u00e9trang\u00e8res a accord\u00e9 un rendez-vous \u00e0 CSF. Le 8 ao\u00fbt, Monsieur Micha\u00ebl OHNMACHT, (rempla\u00e7ant de Madame FELLNER), Secr\u00e9taire g\u00e9n\u00e9ral pour la coop\u00e9ration Franco-allemande a re\u00e7u Michel Blanc et Chantal Le Quentrec. Le but de ce rendez-vous [&hellip;]","og_url":"https:\/\/www.coeurssansfrontieres.com\/fr\/vie-de-lassociation\/annoncesnouvelles\/juillet-aout-2012\/","og_site_name":"CSF - HOG","article_published_time":"2012-08-26T12:51:50+00:00","article_modified_time":"2017-10-05T14:05:15+00:00","og_image":[{"width":122,"height":122,"url":"https:\/\/www.coeurssansfrontieres.com\/wp-content\/uploads\/2017\/08\/annonces-ombres.png","type":"image\/png"}],"author":"GOFFIN Alexandre","twitter_card":"summary_large_image","twitter_misc":{"\u00c9crit par":"GOFFIN Alexandre","Dur\u00e9e de lecture estim\u00e9e":"3 minutes"},"schema":{"@context":"https:\/\/schema.org","@graph":[{"@type":"Article","@id":"https:\/\/www.coeurssansfrontieres.com\/fr\/vie-de-lassociation\/annoncesnouvelles\/juillet-aout-2012\/#article","isPartOf":{"@id":"https:\/\/www.coeurssansfrontieres.com\/fr\/vie-de-lassociation\/annoncesnouvelles\/juillet-aout-2012\/"},"author":{"name":"GOFFIN Alexandre","@id":"https:\/\/www.coeurssansfrontieres.com\/fr\/#\/schema\/person\/19507754554eb5218427fc31038cac56"},"headline":"Juillet &#8211; Ao\u00fbt 2012","datePublished":"2012-08-26T12:51:50+00:00","dateModified":"2017-10-05T14:05:15+00:00","mainEntityOfPage":{"@id":"https:\/\/www.coeurssansfrontieres.com\/fr\/vie-de-lassociation\/annoncesnouvelles\/juillet-aout-2012\/"},"wordCount":650,"commentCount":0,"image":{"@id":"https:\/\/www.coeurssansfrontieres.com\/fr\/vie-de-lassociation\/annoncesnouvelles\/juillet-aout-2012\/#primaryimage"},"thumbnailUrl":"https:\/\/www.coeurssansfrontieres.com\/wp-content\/uploads\/2017\/08\/annonces-ombres.png","articleSection":["AnnoncesNouvelles","Vie de l'Association"],"inLanguage":"fr-FR","potentialAction":[{"@type":"CommentAction","name":"Comment","target":["https:\/\/www.coeurssansfrontieres.com\/fr\/vie-de-lassociation\/annoncesnouvelles\/juillet-aout-2012\/#respond"]}]},{"@type":"WebPage","@id":"https:\/\/www.coeurssansfrontieres.com\/fr\/vie-de-lassociation\/annoncesnouvelles\/juillet-aout-2012\/","url":"https:\/\/www.coeurssansfrontieres.com\/fr\/vie-de-lassociation\/annoncesnouvelles\/juillet-aout-2012\/","name":"Juillet - Ao\u00fbt 2012 - CSF - HOG","isPartOf":{"@id":"https:\/\/www.coeurssansfrontieres.com\/fr\/#website"},"primaryImageOfPage":{"@id":"https:\/\/www.coeurssansfrontieres.com\/fr\/vie-de-lassociation\/annoncesnouvelles\/juillet-aout-2012\/#primaryimage"},"image":{"@id":"https:\/\/www.coeurssansfrontieres.com\/fr\/vie-de-lassociation\/annoncesnouvelles\/juillet-aout-2012\/#primaryimage"},"thumbnailUrl":"https:\/\/www.coeurssansfrontieres.com\/wp-content\/uploads\/2017\/08\/annonces-ombres.png","datePublished":"2012-08-26T12:51:50+00:00","dateModified":"2017-10-05T14:05:15+00:00","author":{"@id":"https:\/\/www.coeurssansfrontieres.com\/fr\/#\/schema\/person\/19507754554eb5218427fc31038cac56"},"breadcrumb":{"@id":"https:\/\/www.coeurssansfrontieres.com\/fr\/vie-de-lassociation\/annoncesnouvelles\/juillet-aout-2012\/#breadcrumb"},"inLanguage":"fr-FR","potentialAction":[{"@type":"ReadAction","target":["https:\/\/www.coeurssansfrontieres.com\/fr\/vie-de-lassociation\/annoncesnouvelles\/juillet-aout-2012\/"]}]},{"@type":"ImageObject","inLanguage":"fr-FR","@id":"https:\/\/www.coeurssansfrontieres.com\/fr\/vie-de-lassociation\/annoncesnouvelles\/juillet-aout-2012\/#primaryimage","url":"https:\/\/www.coeurssansfrontieres.com\/wp-content\/uploads\/2017\/08\/annonces-ombres.png","contentUrl":"https:\/\/www.coeurssansfrontieres.com\/wp-content\/uploads\/2017\/08\/annonces-ombres.png","width":122,"height":122},{"@type":"BreadcrumbList","@id":"https:\/\/www.coeurssansfrontieres.com\/fr\/vie-de-lassociation\/annoncesnouvelles\/juillet-aout-2012\/#breadcrumb","itemListElement":[{"@type":"ListItem","position":1,"name":"Accueil","item":"https:\/\/www.coeurssansfrontieres.com\/fr\/"},{"@type":"ListItem","position":2,"name":"Juillet &#8211; Ao\u00fbt 2012"}]},{"@type":"WebSite","@id":"https:\/\/www.coeurssansfrontieres.com\/fr\/#website","url":"https:\/\/www.coeurssansfrontieres.com\/fr\/","name":"C\u0153urs sans fronti\u00e8res","description":"Association franco-allemande des Enfants de la Seconde Guerre Mondiale","potentialAction":[{"@type":"SearchAction","target":{"@type":"EntryPoint","urlTemplate":"https:\/\/www.coeurssansfrontieres.com\/fr\/?s={search_term_string}"},"query-input":{"@type":"PropertyValueSpecification","valueRequired":true,"valueName":"search_term_string"}}],"inLanguage":"fr-FR"},{"@type":"Person","@id":"https:\/\/www.coeurssansfrontieres.com\/fr\/#\/schema\/person\/19507754554eb5218427fc31038cac56","name":"GOFFIN Alexandre"}]}},"_links":{"self":[{"href":"https:\/\/www.coeurssansfrontieres.com\/fr\/wp-json\/wp\/v2\/posts\/623","targetHints":{"allow":["GET"]}}],"collection":[{"href":"https:\/\/www.coeurssansfrontieres.com\/fr\/wp-json\/wp\/v2\/posts"}],"about":[{"href":"https:\/\/www.coeurssansfrontieres.com\/fr\/wp-json\/wp\/v2\/types\/post"}],"author":[{"embeddable":true,"href":"https:\/\/www.coeurssansfrontieres.com\/fr\/wp-json\/wp\/v2\/users\/249"}],"replies":[{"embeddable":true,"href":"https:\/\/www.coeurssansfrontieres.com\/fr\/wp-json\/wp\/v2\/comments?post=623"}],"version-history":[{"count":0,"href":"https:\/\/www.coeurssansfrontieres.com\/fr\/wp-json\/wp\/v2\/posts\/623\/revisions"}],"wp:featuredmedia":[{"embeddable":true,"href":"https:\/\/www.coeurssansfrontieres.com\/fr\/wp-json\/wp\/v2\/media\/5221"}],"wp:attachment":[{"href":"https:\/\/www.coeurssansfrontieres.com\/fr\/wp-json\/wp\/v2\/media?parent=623"}],"wp:term":[{"taxonomy":"category","embeddable":true,"href":"https:\/\/www.coeurssansfrontieres.com\/fr\/wp-json\/wp\/v2\/categories?post=623"},{"taxonomy":"post_tag","embeddable":true,"href":"https:\/\/www.coeurssansfrontieres.com\/fr\/wp-json\/wp\/v2\/tags?post=623"}],"curies":[{"name":"wp","href":"https:\/\/api.w.org\/{rel}","templated":true}]}}