{"id":658,"date":"2013-01-08T23:00:00","date_gmt":"2013-01-08T22:00:00","guid":{"rendered":"http:\/\/www.coeurssansfrontieres.com\/zone-privee\/informations-ponctuelles\/novembre-decembre-2012\/"},"modified":"2017-10-05T15:20:42","modified_gmt":"2017-10-05T13:20:42","slug":"novembre-decembre-2012","status":"publish","type":"post","link":"https:\/\/www.coeurssansfrontieres.com\/fr\/vie-de-lassociation\/annoncesnouvelles\/novembre-decembre-2012\/","title":{"rendered":"Novembre &#8211; D\u00e9cembre 2012"},"content":{"rendered":"<p>[et_pb_section admin_label=\u00a0\u00bbsection\u00a0\u00bb][et_pb_row admin_label=\u00a0\u00bbrow\u00a0\u00bb][et_pb_column type=\u00a0\u00bb4_4&Prime;][et_pb_text admin_label=\u00a0\u00bbTexte\u00a0\u00bb]<\/p>\n<p>Nous terminons cette ann\u00e9e par la nomination d\u2019un nouveau Conseil d\u2019Administration \u00e9largi \u00e0 12 membres motiv\u00e9s pour mettre en \u0153uvre les d\u00e9cisions prises en Assembl\u00e9e g\u00e9n\u00e9rale.<\/p>\n<p>Vous connaissez d\u00e9j\u00e0 les objectifs 2013 : Communication interne favoris\u00e9e, participation \u00e9largie aux actions CSF\/HOG, voyage choisi apr\u00e8s consultation de tous, afin que les absents \u00e0 l\u2019A.G. puissent exprimer leur pr\u00e9f\u00e9rence, Rencontre franco-allemande du 18 novembre 2013 \u00e0 Paris, ou \u00e0 Strasbourg ou \u00e0 Bruxelles en fonction de votre choix et des possibilit\u00e9s d\u2019\u00eatre re\u00e7us au Parlement europ\u00e9en.<\/p>\n<p><strong><span style=\"color: #800040;\"><span style=\"font-size: 14pt;\"><em>Toute l\u2019\u00e9quipe du C.A. vous souhaite une heureuse ann\u00e9e <\/em><\/span><\/span><\/strong><span style=\"font-size: 14pt;\"><span style=\"color: #800040;\"><em><strong>2013 !<\/strong><\/em><\/span><\/span><\/p>\n<p><em>Chantal Le Quentrec<\/em> : \u00ab Je cesse la fonction concernant la mise \u00e0 jour du site, je souhaite vous dire que j\u2019ai eu beaucoup de plaisir \u00e0 faire vivre notre site, \u00e0 le voir devenir totalement bilingue, le site a un r\u00f4le important, c\u2019est la vitrine de l\u2019association, la plupart des adh\u00e9rents nous ayant rejoints courant 2012 nous ont connus par l\u2019interm\u00e9diaire du site. C\u2019est une grande satisfaction de voir nos fr\u00e8res et s\u0153urs, enfants de la guerre, sortir de l\u2019isolement apr\u00e8s avoir lu ce que nous sommes et faisons. Tout ceci n\u2019aurait pas \u00e9t\u00e9 possible sans la participation de plusieurs d\u2019entre vous qui ont envoy\u00e9 des textes attractifs, ni sans le secours indispensable des traducteurs que j\u2019ai sollicit\u00e9 en permanence et qui ont toujours r\u00e9pondu favorablement,<\/p>\n<p><span style=\"text-decoration: underline;\">Vous l\u2019avez compris le site est le r\u00e9sultat d\u2019un travail en \u00e9quipe<\/span>, seule je ne serai jamais parvenue \u00e0 r\u00e9ussir le challenge que je m\u2019\u00e9tais fix\u00e9, un site actif et bilingue, je peux maintenant vous l\u2019avouer lorsque j\u2019ai pris cette r\u00e9solution j\u2019ai eu l\u2019impression de faire un saut sans parachute : je ne connaissais pas grand-chose en informatique et encore moins en allemand, ma motivation \u00e9tait : \u00ab\u00a0c\u2019est indispensable \u00e0 une association franco-allemande dynamique\u00a0\u00bb.<\/p>\n<p>Je suis tr\u00e8s contente que l\u2019avenir du site soit confi\u00e9 \u00e0 <strong>Jean Thieser<\/strong>, nouvel \u00e9lu au Conseil d\u2019administration, Jean a de solides bases en informatique et en allemand, tr\u00e8s motiv\u00e9 il va donner un nouvel essor au site, il appr\u00e9ciera de recevoir vos id\u00e9es et vos textes. N\u2019oubliez pas, je vous l\u2019ai dit plusieurs fois en A.G. le site doit \u00eatre le reflet de notre association, ces pages vous sont ouvertes, pour vos avis de recherches, mais aussi pour que vous commentiez vos retrouvailles, ceux qui trouvent donnent un espoir pour ceux encore en recherche. Vous pouvez aussi indiquer ce qui se passe dans vos r\u00e9gions concernant la Seconde Guerre mondiale, les archives, les expositions, vous pouvez annoncer vos concerts si vous jouez d\u2019un instrument ou participez \u00e0 une chorale, vos expositions \u2026 etc. vos joies, vos peines. Pensez \u00e0 la partie priv\u00e9e qui pourraient s\u2019enrichir de rubriques de votre choix.<\/p>\n<p>Merci \u00e0 Jean Thieser qui me permet d\u2019envisager l\u2019ann\u00e9e 2013 avec s\u00e9r\u00e9nit\u00e9, les heures que je consacrais au site seront d\u00e9sormais d\u00e9di\u00e9es \u00e0 l\u2019aide aux recherches des adh\u00e9rents de l\u2019Ile de France, d\u2019Allemagne et d\u2019Autriche, et \u00e0 ma vie priv\u00e9e que j\u2019avais d\u00e9laiss\u00e9e tant j\u2019\u00e9tais occup\u00e9e \u00bb.<\/p>\n<p>[\/et_pb_text][\/et_pb_column][\/et_pb_row][\/et_pb_section]<\/p>\n","protected":false},"excerpt":{"rendered":"<p>Nous terminons cette ann\u00e9e par la nomination d\u2019un nouveau Conseil d\u2019Administration \u00e9largi \u00e0 12 membres motiv\u00e9s pour mettre en \u0153uvre les d\u00e9cisions prises en Assembl\u00e9e g\u00e9n\u00e9rale. Vous connaissez d\u00e9j\u00e0 les objectifs 2013 : Communication interne favoris\u00e9e, participation \u00e9largie aux actions CSF\/HOG, voyage choisi apr\u00e8s consultation de tous, afin que les absents \u00e0 l\u2019A.G. puissent exprimer [&hellip;]<\/p>\n","protected":false},"author":249,"featured_media":5221,"comment_status":"open","ping_status":"open","sticky":false,"template":"","format":"standard","meta":{"_et_pb_use_builder":"on","_et_pb_old_content":"<p>Nous terminons cette ann\u00e9e par la nomination d\u2019un nouveau Conseil d\u2019Administration \u00e9largi \u00e0 12 membres motiv\u00e9s pour mettre en \u0153uvre les d\u00e9cisions prises en Assembl\u00e9e g\u00e9n\u00e9rale.<\/p><p>Vous connaissez d\u00e9j\u00e0 les objectifs 2013 : Communication interne favoris\u00e9e, participation \u00e9largie aux actions CSF\/HOG, voyage choisi apr\u00e8s consultation de tous, afin que les absents \u00e0 l\u2019A.G. puissent exprimer leur pr\u00e9f\u00e9rence, Rencontre franco-allemande du 18 novembre 2013 \u00e0 Paris, ou \u00e0 Strasbourg ou \u00e0 Bruxelles en fonction de votre choix et des possibilit\u00e9s d\u2019\u00eatre re\u00e7us au Parlement europ\u00e9en.<\/p><p><strong><span style=\"color: #800040;\"><span style=\"font-size: 14pt;\"><em>Toute l\u2019\u00e9quipe du C.A. vous souhaite une heureuse ann\u00e9e <\/em><\/span><\/span><\/strong><span style=\"font-size: 14pt;\"><span style=\"color: #800040;\"><em><strong>2013 !<\/strong><\/em><\/span><\/span><\/p><p><em>Chantal Le Quentrec<\/em> : \u00ab Je cesse la fonction concernant la mise \u00e0 jour du site, je souhaite vous dire que j\u2019ai eu beaucoup de plaisir \u00e0 faire vivre notre site, \u00e0 le voir devenir totalement bilingue, le site a un r\u00f4le important, c\u2019est la vitrine de l\u2019association, la plupart des adh\u00e9rents nous ayant rejoints courant 2012 nous ont connus par l\u2019interm\u00e9diaire du site. C\u2019est une grande satisfaction de voir nos fr\u00e8res et s\u0153urs, enfants de la guerre, sortir de l\u2019isolement apr\u00e8s avoir lu ce que nous sommes et faisons. Tout ceci n\u2019aurait pas \u00e9t\u00e9 possible sans la participation de plusieurs d\u2019entre vous qui ont envoy\u00e9 des textes attractifs, ni sans le secours indispensable des traducteurs que j\u2019ai sollicit\u00e9 en permanence et qui ont toujours r\u00e9pondu favorablement,<\/p><p><span style=\"text-decoration: underline;\">Vous l\u2019avez compris le site est le r\u00e9sultat d\u2019un travail en \u00e9quipe<\/span>, seule je ne serai jamais parvenue \u00e0 r\u00e9ussir le challenge que je m\u2019\u00e9tais fix\u00e9, un site actif et bilingue, je peux maintenant vous l\u2019avouer lorsque j\u2019ai pris cette r\u00e9solution j\u2019ai eu l\u2019impression de faire un saut sans parachute : je ne connaissais pas grand-chose en informatique et encore moins en allemand, ma motivation \u00e9tait : \"c\u2019est indispensable \u00e0 une association franco-allemande dynamique\".<\/p><p>Je suis tr\u00e8s contente que l\u2019avenir du site soit confi\u00e9 \u00e0 <strong>Jean Thieser<\/strong>, nouvel \u00e9lu au Conseil d\u2019administration, Jean a de solides bases en informatique et en allemand, tr\u00e8s motiv\u00e9 il va donner un nouvel essor au site, il appr\u00e9ciera de recevoir vos id\u00e9es et vos textes. N\u2019oubliez pas, je vous l\u2019ai dit plusieurs fois en A.G. le site doit \u00eatre le reflet de notre association, ces pages vous sont ouvertes, pour vos avis de recherches, mais aussi pour que vous commentiez vos retrouvailles, ceux qui trouvent donnent un espoir pour ceux encore en recherche. Vous pouvez aussi indiquer ce qui se passe dans vos r\u00e9gions concernant la Seconde Guerre mondiale, les archives, les expositions, vous pouvez annoncer vos concerts si vous jouez d\u2019un instrument ou participez \u00e0 une chorale, vos expositions \u2026 etc. vos joies, vos peines. Pensez \u00e0 la partie priv\u00e9e qui pourraient s\u2019enrichir de rubriques de votre choix.<\/p><p>Merci \u00e0 Jean Thieser qui me permet d\u2019envisager l\u2019ann\u00e9e 2013 avec s\u00e9r\u00e9nit\u00e9, les heures que je consacrais au site seront d\u00e9sormais d\u00e9di\u00e9es \u00e0 l\u2019aide aux recherches des adh\u00e9rents de l\u2019Ile de France, d\u2019Allemagne et d\u2019Autriche, et \u00e0 ma vie priv\u00e9e que j\u2019avais d\u00e9laiss\u00e9e tant j\u2019\u00e9tais occup\u00e9e \u00bb.<\/p>","_et_gb_content_width":"","footnotes":""},"categories":[183,13],"tags":[],"class_list":["post-658","post","type-post","status-publish","format-standard","has-post-thumbnail","hentry","category-annoncesnouvelles","category-vie-de-lassociation"],"yoast_head":"<!-- This site is optimized with the Yoast SEO plugin v27.5 - https:\/\/yoast.com\/product\/yoast-seo-wordpress\/ -->\n<title>Novembre - D\u00e9cembre 2012 - CSF - HOG<\/title>\n<meta name=\"robots\" content=\"index, follow, max-snippet:-1, max-image-preview:large, max-video-preview:-1\" \/>\n<link rel=\"canonical\" href=\"https:\/\/www.coeurssansfrontieres.com\/fr\/vie-de-lassociation\/annoncesnouvelles\/novembre-decembre-2012\/\" \/>\n<meta property=\"og:locale\" content=\"fr_FR\" \/>\n<meta property=\"og:type\" content=\"article\" \/>\n<meta property=\"og:title\" content=\"Novembre - D\u00e9cembre 2012 - CSF - HOG\" \/>\n<meta property=\"og:description\" content=\"Nous terminons cette ann\u00e9e par la nomination d\u2019un nouveau Conseil d\u2019Administration \u00e9largi \u00e0 12 membres motiv\u00e9s pour mettre en \u0153uvre les d\u00e9cisions prises en Assembl\u00e9e g\u00e9n\u00e9rale. Vous connaissez d\u00e9j\u00e0 les objectifs 2013 : Communication interne favoris\u00e9e, participation \u00e9largie aux actions CSF\/HOG, voyage choisi apr\u00e8s consultation de tous, afin que les absents \u00e0 l\u2019A.G. puissent exprimer [&hellip;]\" \/>\n<meta property=\"og:url\" content=\"https:\/\/www.coeurssansfrontieres.com\/fr\/vie-de-lassociation\/annoncesnouvelles\/novembre-decembre-2012\/\" \/>\n<meta property=\"og:site_name\" content=\"CSF - HOG\" \/>\n<meta property=\"article:published_time\" content=\"2013-01-08T22:00:00+00:00\" \/>\n<meta property=\"article:modified_time\" content=\"2017-10-05T13:20:42+00:00\" \/>\n<meta property=\"og:image\" content=\"https:\/\/www.coeurssansfrontieres.com\/wp-content\/uploads\/2017\/08\/annonces-ombres.png\" \/>\n\t<meta property=\"og:image:width\" content=\"122\" \/>\n\t<meta property=\"og:image:height\" content=\"122\" \/>\n\t<meta property=\"og:image:type\" content=\"image\/png\" \/>\n<meta name=\"author\" content=\"GOFFIN Alexandre\" \/>\n<meta name=\"twitter:card\" content=\"summary_large_image\" \/>\n<meta name=\"twitter:label1\" content=\"\u00c9crit par\" \/>\n\t<meta name=\"twitter:data1\" content=\"GOFFIN Alexandre\" \/>\n\t<meta name=\"twitter:label2\" content=\"Dur\u00e9e de lecture estim\u00e9e\" \/>\n\t<meta name=\"twitter:data2\" content=\"3 minutes\" \/>\n<script type=\"application\/ld+json\" class=\"yoast-schema-graph\">{\"@context\":\"https:\\\/\\\/schema.org\",\"@graph\":[{\"@type\":\"Article\",\"@id\":\"https:\\\/\\\/www.coeurssansfrontieres.com\\\/fr\\\/vie-de-lassociation\\\/annoncesnouvelles\\\/novembre-decembre-2012\\\/#article\",\"isPartOf\":{\"@id\":\"https:\\\/\\\/www.coeurssansfrontieres.com\\\/fr\\\/vie-de-lassociation\\\/annoncesnouvelles\\\/novembre-decembre-2012\\\/\"},\"author\":{\"name\":\"GOFFIN Alexandre\",\"@id\":\"https:\\\/\\\/www.coeurssansfrontieres.com\\\/fr\\\/#\\\/schema\\\/person\\\/19507754554eb5218427fc31038cac56\"},\"headline\":\"Novembre &#8211; D\u00e9cembre 2012\",\"datePublished\":\"2013-01-08T22:00:00+00:00\",\"dateModified\":\"2017-10-05T13:20:42+00:00\",\"mainEntityOfPage\":{\"@id\":\"https:\\\/\\\/www.coeurssansfrontieres.com\\\/fr\\\/vie-de-lassociation\\\/annoncesnouvelles\\\/novembre-decembre-2012\\\/\"},\"wordCount\":583,\"commentCount\":0,\"image\":{\"@id\":\"https:\\\/\\\/www.coeurssansfrontieres.com\\\/fr\\\/vie-de-lassociation\\\/annoncesnouvelles\\\/novembre-decembre-2012\\\/#primaryimage\"},\"thumbnailUrl\":\"https:\\\/\\\/www.coeurssansfrontieres.com\\\/wp-content\\\/uploads\\\/2017\\\/08\\\/annonces-ombres.png\",\"articleSection\":[\"AnnoncesNouvelles\",\"Vie de l'Association\"],\"inLanguage\":\"fr-FR\",\"potentialAction\":[{\"@type\":\"CommentAction\",\"name\":\"Comment\",\"target\":[\"https:\\\/\\\/www.coeurssansfrontieres.com\\\/fr\\\/vie-de-lassociation\\\/annoncesnouvelles\\\/novembre-decembre-2012\\\/#respond\"]}]},{\"@type\":\"WebPage\",\"@id\":\"https:\\\/\\\/www.coeurssansfrontieres.com\\\/fr\\\/vie-de-lassociation\\\/annoncesnouvelles\\\/novembre-decembre-2012\\\/\",\"url\":\"https:\\\/\\\/www.coeurssansfrontieres.com\\\/fr\\\/vie-de-lassociation\\\/annoncesnouvelles\\\/novembre-decembre-2012\\\/\",\"name\":\"Novembre - D\u00e9cembre 2012 - CSF - HOG\",\"isPartOf\":{\"@id\":\"https:\\\/\\\/www.coeurssansfrontieres.com\\\/fr\\\/#website\"},\"primaryImageOfPage\":{\"@id\":\"https:\\\/\\\/www.coeurssansfrontieres.com\\\/fr\\\/vie-de-lassociation\\\/annoncesnouvelles\\\/novembre-decembre-2012\\\/#primaryimage\"},\"image\":{\"@id\":\"https:\\\/\\\/www.coeurssansfrontieres.com\\\/fr\\\/vie-de-lassociation\\\/annoncesnouvelles\\\/novembre-decembre-2012\\\/#primaryimage\"},\"thumbnailUrl\":\"https:\\\/\\\/www.coeurssansfrontieres.com\\\/wp-content\\\/uploads\\\/2017\\\/08\\\/annonces-ombres.png\",\"datePublished\":\"2013-01-08T22:00:00+00:00\",\"dateModified\":\"2017-10-05T13:20:42+00:00\",\"author\":{\"@id\":\"https:\\\/\\\/www.coeurssansfrontieres.com\\\/fr\\\/#\\\/schema\\\/person\\\/19507754554eb5218427fc31038cac56\"},\"breadcrumb\":{\"@id\":\"https:\\\/\\\/www.coeurssansfrontieres.com\\\/fr\\\/vie-de-lassociation\\\/annoncesnouvelles\\\/novembre-decembre-2012\\\/#breadcrumb\"},\"inLanguage\":\"fr-FR\",\"potentialAction\":[{\"@type\":\"ReadAction\",\"target\":[\"https:\\\/\\\/www.coeurssansfrontieres.com\\\/fr\\\/vie-de-lassociation\\\/annoncesnouvelles\\\/novembre-decembre-2012\\\/\"]}]},{\"@type\":\"ImageObject\",\"inLanguage\":\"fr-FR\",\"@id\":\"https:\\\/\\\/www.coeurssansfrontieres.com\\\/fr\\\/vie-de-lassociation\\\/annoncesnouvelles\\\/novembre-decembre-2012\\\/#primaryimage\",\"url\":\"https:\\\/\\\/www.coeurssansfrontieres.com\\\/wp-content\\\/uploads\\\/2017\\\/08\\\/annonces-ombres.png\",\"contentUrl\":\"https:\\\/\\\/www.coeurssansfrontieres.com\\\/wp-content\\\/uploads\\\/2017\\\/08\\\/annonces-ombres.png\",\"width\":122,\"height\":122},{\"@type\":\"BreadcrumbList\",\"@id\":\"https:\\\/\\\/www.coeurssansfrontieres.com\\\/fr\\\/vie-de-lassociation\\\/annoncesnouvelles\\\/novembre-decembre-2012\\\/#breadcrumb\",\"itemListElement\":[{\"@type\":\"ListItem\",\"position\":1,\"name\":\"Accueil\",\"item\":\"https:\\\/\\\/www.coeurssansfrontieres.com\\\/fr\\\/\"},{\"@type\":\"ListItem\",\"position\":2,\"name\":\"Novembre &#8211; D\u00e9cembre 2012\"}]},{\"@type\":\"WebSite\",\"@id\":\"https:\\\/\\\/www.coeurssansfrontieres.com\\\/fr\\\/#website\",\"url\":\"https:\\\/\\\/www.coeurssansfrontieres.com\\\/fr\\\/\",\"name\":\"C\u0153urs sans fronti\u00e8res\",\"description\":\"Association franco-allemande des Enfants de la Seconde Guerre Mondiale\",\"potentialAction\":[{\"@type\":\"SearchAction\",\"target\":{\"@type\":\"EntryPoint\",\"urlTemplate\":\"https:\\\/\\\/www.coeurssansfrontieres.com\\\/fr\\\/?s={search_term_string}\"},\"query-input\":{\"@type\":\"PropertyValueSpecification\",\"valueRequired\":true,\"valueName\":\"search_term_string\"}}],\"inLanguage\":\"fr-FR\"},{\"@type\":\"Person\",\"@id\":\"https:\\\/\\\/www.coeurssansfrontieres.com\\\/fr\\\/#\\\/schema\\\/person\\\/19507754554eb5218427fc31038cac56\",\"name\":\"GOFFIN Alexandre\"}]}<\/script>\n<!-- \/ Yoast SEO plugin. -->","yoast_head_json":{"title":"Novembre - D\u00e9cembre 2012 - CSF - HOG","robots":{"index":"index","follow":"follow","max-snippet":"max-snippet:-1","max-image-preview":"max-image-preview:large","max-video-preview":"max-video-preview:-1"},"canonical":"https:\/\/www.coeurssansfrontieres.com\/fr\/vie-de-lassociation\/annoncesnouvelles\/novembre-decembre-2012\/","og_locale":"fr_FR","og_type":"article","og_title":"Novembre - D\u00e9cembre 2012 - CSF - HOG","og_description":"Nous terminons cette ann\u00e9e par la nomination d\u2019un nouveau Conseil d\u2019Administration \u00e9largi \u00e0 12 membres motiv\u00e9s pour mettre en \u0153uvre les d\u00e9cisions prises en Assembl\u00e9e g\u00e9n\u00e9rale. Vous connaissez d\u00e9j\u00e0 les objectifs 2013 : Communication interne favoris\u00e9e, participation \u00e9largie aux actions CSF\/HOG, voyage choisi apr\u00e8s consultation de tous, afin que les absents \u00e0 l\u2019A.G. puissent exprimer [&hellip;]","og_url":"https:\/\/www.coeurssansfrontieres.com\/fr\/vie-de-lassociation\/annoncesnouvelles\/novembre-decembre-2012\/","og_site_name":"CSF - HOG","article_published_time":"2013-01-08T22:00:00+00:00","article_modified_time":"2017-10-05T13:20:42+00:00","og_image":[{"width":122,"height":122,"url":"https:\/\/www.coeurssansfrontieres.com\/wp-content\/uploads\/2017\/08\/annonces-ombres.png","type":"image\/png"}],"author":"GOFFIN Alexandre","twitter_card":"summary_large_image","twitter_misc":{"\u00c9crit par":"GOFFIN Alexandre","Dur\u00e9e de lecture estim\u00e9e":"3 minutes"},"schema":{"@context":"https:\/\/schema.org","@graph":[{"@type":"Article","@id":"https:\/\/www.coeurssansfrontieres.com\/fr\/vie-de-lassociation\/annoncesnouvelles\/novembre-decembre-2012\/#article","isPartOf":{"@id":"https:\/\/www.coeurssansfrontieres.com\/fr\/vie-de-lassociation\/annoncesnouvelles\/novembre-decembre-2012\/"},"author":{"name":"GOFFIN Alexandre","@id":"https:\/\/www.coeurssansfrontieres.com\/fr\/#\/schema\/person\/19507754554eb5218427fc31038cac56"},"headline":"Novembre &#8211; D\u00e9cembre 2012","datePublished":"2013-01-08T22:00:00+00:00","dateModified":"2017-10-05T13:20:42+00:00","mainEntityOfPage":{"@id":"https:\/\/www.coeurssansfrontieres.com\/fr\/vie-de-lassociation\/annoncesnouvelles\/novembre-decembre-2012\/"},"wordCount":583,"commentCount":0,"image":{"@id":"https:\/\/www.coeurssansfrontieres.com\/fr\/vie-de-lassociation\/annoncesnouvelles\/novembre-decembre-2012\/#primaryimage"},"thumbnailUrl":"https:\/\/www.coeurssansfrontieres.com\/wp-content\/uploads\/2017\/08\/annonces-ombres.png","articleSection":["AnnoncesNouvelles","Vie de l'Association"],"inLanguage":"fr-FR","potentialAction":[{"@type":"CommentAction","name":"Comment","target":["https:\/\/www.coeurssansfrontieres.com\/fr\/vie-de-lassociation\/annoncesnouvelles\/novembre-decembre-2012\/#respond"]}]},{"@type":"WebPage","@id":"https:\/\/www.coeurssansfrontieres.com\/fr\/vie-de-lassociation\/annoncesnouvelles\/novembre-decembre-2012\/","url":"https:\/\/www.coeurssansfrontieres.com\/fr\/vie-de-lassociation\/annoncesnouvelles\/novembre-decembre-2012\/","name":"Novembre - D\u00e9cembre 2012 - CSF - HOG","isPartOf":{"@id":"https:\/\/www.coeurssansfrontieres.com\/fr\/#website"},"primaryImageOfPage":{"@id":"https:\/\/www.coeurssansfrontieres.com\/fr\/vie-de-lassociation\/annoncesnouvelles\/novembre-decembre-2012\/#primaryimage"},"image":{"@id":"https:\/\/www.coeurssansfrontieres.com\/fr\/vie-de-lassociation\/annoncesnouvelles\/novembre-decembre-2012\/#primaryimage"},"thumbnailUrl":"https:\/\/www.coeurssansfrontieres.com\/wp-content\/uploads\/2017\/08\/annonces-ombres.png","datePublished":"2013-01-08T22:00:00+00:00","dateModified":"2017-10-05T13:20:42+00:00","author":{"@id":"https:\/\/www.coeurssansfrontieres.com\/fr\/#\/schema\/person\/19507754554eb5218427fc31038cac56"},"breadcrumb":{"@id":"https:\/\/www.coeurssansfrontieres.com\/fr\/vie-de-lassociation\/annoncesnouvelles\/novembre-decembre-2012\/#breadcrumb"},"inLanguage":"fr-FR","potentialAction":[{"@type":"ReadAction","target":["https:\/\/www.coeurssansfrontieres.com\/fr\/vie-de-lassociation\/annoncesnouvelles\/novembre-decembre-2012\/"]}]},{"@type":"ImageObject","inLanguage":"fr-FR","@id":"https:\/\/www.coeurssansfrontieres.com\/fr\/vie-de-lassociation\/annoncesnouvelles\/novembre-decembre-2012\/#primaryimage","url":"https:\/\/www.coeurssansfrontieres.com\/wp-content\/uploads\/2017\/08\/annonces-ombres.png","contentUrl":"https:\/\/www.coeurssansfrontieres.com\/wp-content\/uploads\/2017\/08\/annonces-ombres.png","width":122,"height":122},{"@type":"BreadcrumbList","@id":"https:\/\/www.coeurssansfrontieres.com\/fr\/vie-de-lassociation\/annoncesnouvelles\/novembre-decembre-2012\/#breadcrumb","itemListElement":[{"@type":"ListItem","position":1,"name":"Accueil","item":"https:\/\/www.coeurssansfrontieres.com\/fr\/"},{"@type":"ListItem","position":2,"name":"Novembre &#8211; D\u00e9cembre 2012"}]},{"@type":"WebSite","@id":"https:\/\/www.coeurssansfrontieres.com\/fr\/#website","url":"https:\/\/www.coeurssansfrontieres.com\/fr\/","name":"C\u0153urs sans fronti\u00e8res","description":"Association franco-allemande des Enfants de la Seconde Guerre Mondiale","potentialAction":[{"@type":"SearchAction","target":{"@type":"EntryPoint","urlTemplate":"https:\/\/www.coeurssansfrontieres.com\/fr\/?s={search_term_string}"},"query-input":{"@type":"PropertyValueSpecification","valueRequired":true,"valueName":"search_term_string"}}],"inLanguage":"fr-FR"},{"@type":"Person","@id":"https:\/\/www.coeurssansfrontieres.com\/fr\/#\/schema\/person\/19507754554eb5218427fc31038cac56","name":"GOFFIN Alexandre"}]}},"_links":{"self":[{"href":"https:\/\/www.coeurssansfrontieres.com\/fr\/wp-json\/wp\/v2\/posts\/658","targetHints":{"allow":["GET"]}}],"collection":[{"href":"https:\/\/www.coeurssansfrontieres.com\/fr\/wp-json\/wp\/v2\/posts"}],"about":[{"href":"https:\/\/www.coeurssansfrontieres.com\/fr\/wp-json\/wp\/v2\/types\/post"}],"author":[{"embeddable":true,"href":"https:\/\/www.coeurssansfrontieres.com\/fr\/wp-json\/wp\/v2\/users\/249"}],"replies":[{"embeddable":true,"href":"https:\/\/www.coeurssansfrontieres.com\/fr\/wp-json\/wp\/v2\/comments?post=658"}],"version-history":[{"count":0,"href":"https:\/\/www.coeurssansfrontieres.com\/fr\/wp-json\/wp\/v2\/posts\/658\/revisions"}],"wp:featuredmedia":[{"embeddable":true,"href":"https:\/\/www.coeurssansfrontieres.com\/fr\/wp-json\/wp\/v2\/media\/5221"}],"wp:attachment":[{"href":"https:\/\/www.coeurssansfrontieres.com\/fr\/wp-json\/wp\/v2\/media?parent=658"}],"wp:term":[{"taxonomy":"category","embeddable":true,"href":"https:\/\/www.coeurssansfrontieres.com\/fr\/wp-json\/wp\/v2\/categories?post=658"},{"taxonomy":"post_tag","embeddable":true,"href":"https:\/\/www.coeurssansfrontieres.com\/fr\/wp-json\/wp\/v2\/tags?post=658"}],"curies":[{"name":"wp","href":"https:\/\/api.w.org\/{rel}","templated":true}]}}