{"id":681,"date":"2013-01-30T14:14:36","date_gmt":"2013-01-30T13:14:36","guid":{"rendered":"http:\/\/www.coeurssansfrontieres.com\/zone-privee\/informations-ponctuelles\/janvier-2013\/"},"modified":"2017-10-12T14:59:05","modified_gmt":"2017-10-12T12:59:05","slug":"janvier-2013","status":"publish","type":"post","link":"https:\/\/www.coeurssansfrontieres.com\/fr\/categoriestechniques\/pre-corbeille\/janvier-2013\/","title":{"rendered":"Janvier 2013"},"content":{"rendered":"<p>[et_pb_section admin_label=\u00a0\u00bbsection\u00a0\u00bb][et_pb_row admin_label=\u00a0\u00bbrow\u00a0\u00bb][et_pb_column type=\u00a0\u00bb4_4&Prime;][et_pb_text admin_label=\u00a0\u00bbTexte\u00a0\u00bb]<\/p>\n<p>Je vous pr\u00e9sente tout d\u2019abord mes v\u0153ux les plus chaleureux pour 2013.<\/p>\n<p>Comme Chantal vous l\u2019a r\u00e9cemment annonc\u00e9, j\u2019ai maintenant la lourde responsabilit\u00e9 de lui succ\u00e9der pour le d\u00e9veloppement du site, auquel elle a tant \u0153uvr\u00e9.<\/p>\n<p>Ce site va \u00e9voluer sans \u00eatre boulevers\u00e9. L\u2019objectif est de le rendre plus vivant, pour montrer que C\u0153urs Sans Fronti\u00e8res reste bien vivant.<\/p>\n<p>Il est clair que je ne saurais atteindre seul cet objectif.<\/p>\n<p>C\u2019est pourquoi, je sollicite l\u2019aide de toutes et tous pour traduire des textes, fournir des articles, signaler des erreurs, en particulier sur les textes en allemand publi\u00e9s sur le site.<\/p>\n<p>Ecrivez-moi \u00e0<strong> <a href=\"mailto:jtr.csf@orange.fr\">jtr.csf@orange.fr<\/a><\/strong><\/p>\n<address>\u00a0<\/address>\n<p>Cordialement.<\/p>\n<p>Jean Thieser<\/p>\n<p>[\/et_pb_text][\/et_pb_column][\/et_pb_row][\/et_pb_section]<\/p>\n","protected":false},"excerpt":{"rendered":"<p>Je vous pr\u00e9sente tout d\u2019abord mes v\u0153ux les plus chaleureux pour 2013. Comme Chantal vous l\u2019a r\u00e9cemment annonc\u00e9, j\u2019ai maintenant la lourde responsabilit\u00e9 de lui succ\u00e9der pour le d\u00e9veloppement du site, auquel elle a tant \u0153uvr\u00e9. Ce site va \u00e9voluer sans \u00eatre boulevers\u00e9. L\u2019objectif est de le rendre plus vivant, pour montrer que C\u0153urs Sans [&hellip;]<\/p>\n","protected":false},"author":249,"featured_media":0,"comment_status":"open","ping_status":"open","sticky":false,"template":"","format":"standard","meta":{"_et_pb_use_builder":"on","_et_pb_old_content":"<p><br \/> Je vous pr\u00e9sente tout d\u2019abord mes v\u0153ux les plus chaleureux pour 2013.<\/p><p>Comme Chantal vous l\u2019a r\u00e9cemment annonc\u00e9, j\u2019ai maintenant la lourde responsabilit\u00e9 de lui succ\u00e9der pour le d\u00e9veloppement du site, auquel elle a tant \u0153uvr\u00e9.<\/p><p>Ce site va \u00e9voluer sans \u00eatre boulevers\u00e9. L\u2019objectif est de le rendre plus vivant, pour montrer que C\u0153urs Sans Fronti\u00e8res reste bien vivant.<\/p><p>Il est clair que je ne saurais atteindre seul cet objectif.<\/p><p>C\u2019est pourquoi, je sollicite l\u2019aide de toutes et tous pour traduire des textes, fournir des articles, signaler des erreurs, en particulier sur les textes en allemand publi\u00e9s sur le site.<\/p><p>Ecrivez-moi \u00e0<strong> <a href=\"mailto:jtr.csf@orange.fr\">jtr.csf@orange.fr<\/a><\/strong><\/p><address>\u00a0<\/address><p>Cordialement.<\/p><p>Jean Thieser<\/p>","_et_gb_content_width":"","footnotes":""},"categories":[161],"tags":[],"class_list":["post-681","post","type-post","status-publish","format-standard","hentry","category-pre-corbeille"],"yoast_head":"<!-- This site is optimized with the Yoast SEO plugin v27.5 - https:\/\/yoast.com\/product\/yoast-seo-wordpress\/ -->\n<title>Janvier 2013 - CSF - HOG<\/title>\n<meta name=\"robots\" content=\"index, follow, max-snippet:-1, max-image-preview:large, max-video-preview:-1\" \/>\n<link rel=\"canonical\" href=\"https:\/\/www.coeurssansfrontieres.com\/fr\/categoriestechniques\/pre-corbeille\/janvier-2013\/\" \/>\n<meta property=\"og:locale\" content=\"fr_FR\" \/>\n<meta property=\"og:type\" content=\"article\" \/>\n<meta property=\"og:title\" content=\"Janvier 2013 - CSF - HOG\" \/>\n<meta property=\"og:description\" content=\"Je vous pr\u00e9sente tout d\u2019abord mes v\u0153ux les plus chaleureux pour 2013. Comme Chantal vous l\u2019a r\u00e9cemment annonc\u00e9, j\u2019ai maintenant la lourde responsabilit\u00e9 de lui succ\u00e9der pour le d\u00e9veloppement du site, auquel elle a tant \u0153uvr\u00e9. Ce site va \u00e9voluer sans \u00eatre boulevers\u00e9. L\u2019objectif est de le rendre plus vivant, pour montrer que C\u0153urs Sans [&hellip;]\" \/>\n<meta property=\"og:url\" content=\"https:\/\/www.coeurssansfrontieres.com\/fr\/categoriestechniques\/pre-corbeille\/janvier-2013\/\" \/>\n<meta property=\"og:site_name\" content=\"CSF - HOG\" \/>\n<meta property=\"article:published_time\" content=\"2013-01-30T13:14:36+00:00\" \/>\n<meta property=\"article:modified_time\" content=\"2017-10-12T12:59:05+00:00\" \/>\n<meta name=\"author\" content=\"GOFFIN Alexandre\" \/>\n<meta name=\"twitter:card\" content=\"summary_large_image\" \/>\n<meta name=\"twitter:label1\" content=\"\u00c9crit par\" \/>\n\t<meta name=\"twitter:data1\" content=\"GOFFIN Alexandre\" \/>\n\t<meta name=\"twitter:label2\" content=\"Dur\u00e9e de lecture estim\u00e9e\" \/>\n\t<meta name=\"twitter:data2\" content=\"1 minute\" \/>\n<script type=\"application\/ld+json\" class=\"yoast-schema-graph\">{\"@context\":\"https:\\\/\\\/schema.org\",\"@graph\":[{\"@type\":\"Article\",\"@id\":\"https:\\\/\\\/www.coeurssansfrontieres.com\\\/fr\\\/categoriestechniques\\\/pre-corbeille\\\/janvier-2013\\\/#article\",\"isPartOf\":{\"@id\":\"https:\\\/\\\/www.coeurssansfrontieres.com\\\/fr\\\/categoriestechniques\\\/pre-corbeille\\\/janvier-2013\\\/\"},\"author\":{\"name\":\"GOFFIN Alexandre\",\"@id\":\"https:\\\/\\\/www.coeurssansfrontieres.com\\\/fr\\\/#\\\/schema\\\/person\\\/19507754554eb5218427fc31038cac56\"},\"headline\":\"Janvier 2013\",\"datePublished\":\"2013-01-30T13:14:36+00:00\",\"dateModified\":\"2017-10-12T12:59:05+00:00\",\"mainEntityOfPage\":{\"@id\":\"https:\\\/\\\/www.coeurssansfrontieres.com\\\/fr\\\/categoriestechniques\\\/pre-corbeille\\\/janvier-2013\\\/\"},\"wordCount\":156,\"commentCount\":0,\"articleSection\":[\"pr\u00e9-Corbeille\"],\"inLanguage\":\"fr-FR\",\"potentialAction\":[{\"@type\":\"CommentAction\",\"name\":\"Comment\",\"target\":[\"https:\\\/\\\/www.coeurssansfrontieres.com\\\/fr\\\/categoriestechniques\\\/pre-corbeille\\\/janvier-2013\\\/#respond\"]}]},{\"@type\":\"WebPage\",\"@id\":\"https:\\\/\\\/www.coeurssansfrontieres.com\\\/fr\\\/categoriestechniques\\\/pre-corbeille\\\/janvier-2013\\\/\",\"url\":\"https:\\\/\\\/www.coeurssansfrontieres.com\\\/fr\\\/categoriestechniques\\\/pre-corbeille\\\/janvier-2013\\\/\",\"name\":\"Janvier 2013 - CSF - HOG\",\"isPartOf\":{\"@id\":\"https:\\\/\\\/www.coeurssansfrontieres.com\\\/fr\\\/#website\"},\"datePublished\":\"2013-01-30T13:14:36+00:00\",\"dateModified\":\"2017-10-12T12:59:05+00:00\",\"author\":{\"@id\":\"https:\\\/\\\/www.coeurssansfrontieres.com\\\/fr\\\/#\\\/schema\\\/person\\\/19507754554eb5218427fc31038cac56\"},\"breadcrumb\":{\"@id\":\"https:\\\/\\\/www.coeurssansfrontieres.com\\\/fr\\\/categoriestechniques\\\/pre-corbeille\\\/janvier-2013\\\/#breadcrumb\"},\"inLanguage\":\"fr-FR\",\"potentialAction\":[{\"@type\":\"ReadAction\",\"target\":[\"https:\\\/\\\/www.coeurssansfrontieres.com\\\/fr\\\/categoriestechniques\\\/pre-corbeille\\\/janvier-2013\\\/\"]}]},{\"@type\":\"BreadcrumbList\",\"@id\":\"https:\\\/\\\/www.coeurssansfrontieres.com\\\/fr\\\/categoriestechniques\\\/pre-corbeille\\\/janvier-2013\\\/#breadcrumb\",\"itemListElement\":[{\"@type\":\"ListItem\",\"position\":1,\"name\":\"Accueil\",\"item\":\"https:\\\/\\\/www.coeurssansfrontieres.com\\\/fr\\\/\"},{\"@type\":\"ListItem\",\"position\":2,\"name\":\"Janvier 2013\"}]},{\"@type\":\"WebSite\",\"@id\":\"https:\\\/\\\/www.coeurssansfrontieres.com\\\/fr\\\/#website\",\"url\":\"https:\\\/\\\/www.coeurssansfrontieres.com\\\/fr\\\/\",\"name\":\"C\u0153urs sans fronti\u00e8res\",\"description\":\"Association franco-allemande des Enfants de la Seconde Guerre Mondiale\",\"potentialAction\":[{\"@type\":\"SearchAction\",\"target\":{\"@type\":\"EntryPoint\",\"urlTemplate\":\"https:\\\/\\\/www.coeurssansfrontieres.com\\\/fr\\\/?s={search_term_string}\"},\"query-input\":{\"@type\":\"PropertyValueSpecification\",\"valueRequired\":true,\"valueName\":\"search_term_string\"}}],\"inLanguage\":\"fr-FR\"},{\"@type\":\"Person\",\"@id\":\"https:\\\/\\\/www.coeurssansfrontieres.com\\\/fr\\\/#\\\/schema\\\/person\\\/19507754554eb5218427fc31038cac56\",\"name\":\"GOFFIN Alexandre\"}]}<\/script>\n<!-- \/ Yoast SEO plugin. -->","yoast_head_json":{"title":"Janvier 2013 - CSF - HOG","robots":{"index":"index","follow":"follow","max-snippet":"max-snippet:-1","max-image-preview":"max-image-preview:large","max-video-preview":"max-video-preview:-1"},"canonical":"https:\/\/www.coeurssansfrontieres.com\/fr\/categoriestechniques\/pre-corbeille\/janvier-2013\/","og_locale":"fr_FR","og_type":"article","og_title":"Janvier 2013 - CSF - HOG","og_description":"Je vous pr\u00e9sente tout d\u2019abord mes v\u0153ux les plus chaleureux pour 2013. Comme Chantal vous l\u2019a r\u00e9cemment annonc\u00e9, j\u2019ai maintenant la lourde responsabilit\u00e9 de lui succ\u00e9der pour le d\u00e9veloppement du site, auquel elle a tant \u0153uvr\u00e9. Ce site va \u00e9voluer sans \u00eatre boulevers\u00e9. L\u2019objectif est de le rendre plus vivant, pour montrer que C\u0153urs Sans [&hellip;]","og_url":"https:\/\/www.coeurssansfrontieres.com\/fr\/categoriestechniques\/pre-corbeille\/janvier-2013\/","og_site_name":"CSF - HOG","article_published_time":"2013-01-30T13:14:36+00:00","article_modified_time":"2017-10-12T12:59:05+00:00","author":"GOFFIN Alexandre","twitter_card":"summary_large_image","twitter_misc":{"\u00c9crit par":"GOFFIN Alexandre","Dur\u00e9e de lecture estim\u00e9e":"1 minute"},"schema":{"@context":"https:\/\/schema.org","@graph":[{"@type":"Article","@id":"https:\/\/www.coeurssansfrontieres.com\/fr\/categoriestechniques\/pre-corbeille\/janvier-2013\/#article","isPartOf":{"@id":"https:\/\/www.coeurssansfrontieres.com\/fr\/categoriestechniques\/pre-corbeille\/janvier-2013\/"},"author":{"name":"GOFFIN Alexandre","@id":"https:\/\/www.coeurssansfrontieres.com\/fr\/#\/schema\/person\/19507754554eb5218427fc31038cac56"},"headline":"Janvier 2013","datePublished":"2013-01-30T13:14:36+00:00","dateModified":"2017-10-12T12:59:05+00:00","mainEntityOfPage":{"@id":"https:\/\/www.coeurssansfrontieres.com\/fr\/categoriestechniques\/pre-corbeille\/janvier-2013\/"},"wordCount":156,"commentCount":0,"articleSection":["pr\u00e9-Corbeille"],"inLanguage":"fr-FR","potentialAction":[{"@type":"CommentAction","name":"Comment","target":["https:\/\/www.coeurssansfrontieres.com\/fr\/categoriestechniques\/pre-corbeille\/janvier-2013\/#respond"]}]},{"@type":"WebPage","@id":"https:\/\/www.coeurssansfrontieres.com\/fr\/categoriestechniques\/pre-corbeille\/janvier-2013\/","url":"https:\/\/www.coeurssansfrontieres.com\/fr\/categoriestechniques\/pre-corbeille\/janvier-2013\/","name":"Janvier 2013 - CSF - HOG","isPartOf":{"@id":"https:\/\/www.coeurssansfrontieres.com\/fr\/#website"},"datePublished":"2013-01-30T13:14:36+00:00","dateModified":"2017-10-12T12:59:05+00:00","author":{"@id":"https:\/\/www.coeurssansfrontieres.com\/fr\/#\/schema\/person\/19507754554eb5218427fc31038cac56"},"breadcrumb":{"@id":"https:\/\/www.coeurssansfrontieres.com\/fr\/categoriestechniques\/pre-corbeille\/janvier-2013\/#breadcrumb"},"inLanguage":"fr-FR","potentialAction":[{"@type":"ReadAction","target":["https:\/\/www.coeurssansfrontieres.com\/fr\/categoriestechniques\/pre-corbeille\/janvier-2013\/"]}]},{"@type":"BreadcrumbList","@id":"https:\/\/www.coeurssansfrontieres.com\/fr\/categoriestechniques\/pre-corbeille\/janvier-2013\/#breadcrumb","itemListElement":[{"@type":"ListItem","position":1,"name":"Accueil","item":"https:\/\/www.coeurssansfrontieres.com\/fr\/"},{"@type":"ListItem","position":2,"name":"Janvier 2013"}]},{"@type":"WebSite","@id":"https:\/\/www.coeurssansfrontieres.com\/fr\/#website","url":"https:\/\/www.coeurssansfrontieres.com\/fr\/","name":"C\u0153urs sans fronti\u00e8res","description":"Association franco-allemande des Enfants de la Seconde Guerre Mondiale","potentialAction":[{"@type":"SearchAction","target":{"@type":"EntryPoint","urlTemplate":"https:\/\/www.coeurssansfrontieres.com\/fr\/?s={search_term_string}"},"query-input":{"@type":"PropertyValueSpecification","valueRequired":true,"valueName":"search_term_string"}}],"inLanguage":"fr-FR"},{"@type":"Person","@id":"https:\/\/www.coeurssansfrontieres.com\/fr\/#\/schema\/person\/19507754554eb5218427fc31038cac56","name":"GOFFIN Alexandre"}]}},"_links":{"self":[{"href":"https:\/\/www.coeurssansfrontieres.com\/fr\/wp-json\/wp\/v2\/posts\/681","targetHints":{"allow":["GET"]}}],"collection":[{"href":"https:\/\/www.coeurssansfrontieres.com\/fr\/wp-json\/wp\/v2\/posts"}],"about":[{"href":"https:\/\/www.coeurssansfrontieres.com\/fr\/wp-json\/wp\/v2\/types\/post"}],"author":[{"embeddable":true,"href":"https:\/\/www.coeurssansfrontieres.com\/fr\/wp-json\/wp\/v2\/users\/249"}],"replies":[{"embeddable":true,"href":"https:\/\/www.coeurssansfrontieres.com\/fr\/wp-json\/wp\/v2\/comments?post=681"}],"version-history":[{"count":0,"href":"https:\/\/www.coeurssansfrontieres.com\/fr\/wp-json\/wp\/v2\/posts\/681\/revisions"}],"wp:attachment":[{"href":"https:\/\/www.coeurssansfrontieres.com\/fr\/wp-json\/wp\/v2\/media?parent=681"}],"wp:term":[{"taxonomy":"category","embeddable":true,"href":"https:\/\/www.coeurssansfrontieres.com\/fr\/wp-json\/wp\/v2\/categories?post=681"},{"taxonomy":"post_tag","embeddable":true,"href":"https:\/\/www.coeurssansfrontieres.com\/fr\/wp-json\/wp\/v2\/tags?post=681"}],"curies":[{"name":"wp","href":"https:\/\/api.w.org\/{rel}","templated":true}]}}