{"id":705,"date":"2013-02-28T16:34:45","date_gmt":"2013-02-28T15:34:45","guid":{"rendered":"http:\/\/www.coeurssansfrontieres.com\/zone-privee\/informations-ponctuelles\/fevrier-2013\/"},"modified":"2017-09-21T16:07:36","modified_gmt":"2017-09-21T14:07:36","slug":"fevrier-2013","status":"publish","type":"post","link":"https:\/\/www.coeurssansfrontieres.com\/fr\/vie-de-lassociation\/annoncesnouvelles\/fevrier-2013\/","title":{"rendered":"F\u00e9vrier 2013"},"content":{"rendered":"<p>[et_pb_section admin_label=\u00a0\u00bbsection\u00a0\u00bb][et_pb_row admin_label=\u00a0\u00bbrow\u00a0\u00bb][et_pb_column type=\u00a0\u00bb4_4&Prime;][et_pb_text admin_label=\u00a0\u00bbTexte\u00a0\u00bb]<\/p>\n<h2>Les derni\u00e8res nouvelles de Coeurs Sans Fronti\u00e8res.<\/h2>\n<p>La pr\u00e9paration du voyage 2013 de CSF est termin\u00e9e. Une dizaine de personnes s&rsquo;est d\u00e9j\u00e0 inscrite pour aller \u00e0 Vienne. Il reste encore des places, mais n&rsquo;attendez pas trop longtemps pour vous inscrire.<\/p>\n<p>Depuis la derni\u00e8re assembl\u00e9e g\u00e9n\u00e9rale, l&rsquo;association compte 34 nouveaux adh\u00e9rents, 20 fran\u00e7ais, 12 allemands (dont 1 qui habite le Canada) et 2 autrichiens.<\/p>\n<p>La comm\u00e9moration du cinquanti\u00e8me anniversaire du trait\u00e9 de l&rsquo;Elys\u00e9e a battu son plein aux environs du 22 janvier. Les m\u00e9dias se sont int\u00e9ress\u00e9s aux enfants de la guerre et de l&rsquo;occupation, des adh\u00e9rents de CSF ont \u00e9t\u00e9 interview\u00e9s, les interviews sont visibles sur le site.<\/p>\n<p><strong>H\u00e9l\u00e8ne, Catherine, Michel et Jean<\/strong> ont assist\u00e9 le 21 janvier et le 23 janvier \u00e0 deux conf\u00e9rences \u00e0 la \u00ab\u00a0<strong>Maison de l&rsquo;Allemagne Heinrich Heine<\/strong>\u00a0\u00bb \u00e0 Paris. Vous trouverez un compte-rendu de ces deux conf\u00e9rences sur le site.<\/p>\n<p>Si vous souhaitez lire, la page Bibliographie vous propose, un ouvrage publi\u00e9 en fran\u00e7ais et en allemand.<\/p>\n<p>Vous trouverez \u00e9galement des liens dans le compte-rendu des conf\u00e9rences \u00e0 la Maison de l&rsquo;Allemagne et dans le compte rendu de la conf\u00e9rence de Vienne. Ces liens permettent d&rsquo;approfondir les sujets avec des articles de journaux ou des pages Web.<\/p>\n<p>[\/et_pb_text][\/et_pb_column][\/et_pb_row][\/et_pb_section]<\/p>\n","protected":false},"excerpt":{"rendered":"<p>Les derni\u00e8res nouvelles de Coeurs Sans Fronti\u00e8res. La pr\u00e9paration du voyage 2013 de CSF est termin\u00e9e. Une dizaine de personnes s&rsquo;est d\u00e9j\u00e0 inscrite pour aller \u00e0 Vienne. Il reste encore des places, mais n&rsquo;attendez pas trop longtemps pour vous inscrire. Depuis la derni\u00e8re assembl\u00e9e g\u00e9n\u00e9rale, l&rsquo;association compte 34 nouveaux adh\u00e9rents, 20 fran\u00e7ais, 12 allemands (dont [&hellip;]<\/p>\n","protected":false},"author":249,"featured_media":5221,"comment_status":"open","ping_status":"open","sticky":false,"template":"","format":"standard","meta":{"_et_pb_use_builder":"on","_et_pb_old_content":"<h2>Les derni\u00e8res nouvelles de Coeurs Sans Fronti\u00e8res.<\/h2><p>La pr\u00e9paration du voyage 2013 de CSF est termin\u00e9e. Une dizaine de personnes s'est d\u00e9j\u00e0 inscrite pour aller \u00e0 Vienne. Il reste encore des places, mais n'attendez pas trop longtemps pour vous inscrire.<\/p><p>Depuis la derni\u00e8re assembl\u00e9e g\u00e9n\u00e9rale, l'association compte 34 nouveaux adh\u00e9rents, 20 fran\u00e7ais, 12 allemands (dont 1 qui habite le Canada) et 2 autrichiens.<\/p><p>La comm\u00e9moration du cinquanti\u00e8me anniversaire du trait\u00e9 de l'Elys\u00e9e a battu son plein aux environs du 22 janvier. Les m\u00e9dias se sont int\u00e9ress\u00e9s aux enfants de la guerre et de l'occupation, des adh\u00e9rents de CSF ont \u00e9t\u00e9 interview\u00e9s, les interviews sont visibles sur le site.<\/p><p><strong>H\u00e9l\u00e8ne, Catherine, Michel et Jean<\/strong> ont assist\u00e9 le 21 janvier et le 23 janvier \u00e0 deux conf\u00e9rences \u00e0 la \"<strong>Maison de l'Allemagne Heinrich Heine<\/strong>\" \u00e0 Paris. Vous trouverez un compte-rendu de ces deux conf\u00e9rences sur le site.<\/p><p>Si vous souhaitez lire, la page Bibliographie vous propose, un ouvrage publi\u00e9 en fran\u00e7ais et en allemand.<\/p><p>Vous trouverez \u00e9galement des liens dans le compte-rendu des conf\u00e9rences \u00e0 la Maison de l'Allemagne et dans le compte rendu de la conf\u00e9rence de Vienne. Ces liens permettent d'approfondir les sujets avec des articles de journaux ou des pages Web.<\/p>","_et_gb_content_width":"","footnotes":""},"categories":[183,13],"tags":[],"class_list":["post-705","post","type-post","status-publish","format-standard","has-post-thumbnail","hentry","category-annoncesnouvelles","category-vie-de-lassociation"],"yoast_head":"<!-- This site is optimized with the Yoast SEO plugin v27.5 - https:\/\/yoast.com\/product\/yoast-seo-wordpress\/ -->\n<title>F\u00e9vrier 2013 - CSF - HOG<\/title>\n<meta name=\"robots\" content=\"index, follow, max-snippet:-1, max-image-preview:large, max-video-preview:-1\" \/>\n<link rel=\"canonical\" href=\"https:\/\/www.coeurssansfrontieres.com\/fr\/vie-de-lassociation\/annoncesnouvelles\/fevrier-2013\/\" \/>\n<meta property=\"og:locale\" content=\"fr_FR\" \/>\n<meta property=\"og:type\" content=\"article\" \/>\n<meta property=\"og:title\" content=\"F\u00e9vrier 2013 - CSF - HOG\" \/>\n<meta property=\"og:description\" content=\"Les derni\u00e8res nouvelles de Coeurs Sans Fronti\u00e8res. La pr\u00e9paration du voyage 2013 de CSF est termin\u00e9e. Une dizaine de personnes s&#039;est d\u00e9j\u00e0 inscrite pour aller \u00e0 Vienne. Il reste encore des places, mais n&#039;attendez pas trop longtemps pour vous inscrire. Depuis la derni\u00e8re assembl\u00e9e g\u00e9n\u00e9rale, l&#039;association compte 34 nouveaux adh\u00e9rents, 20 fran\u00e7ais, 12 allemands (dont [&hellip;]\" \/>\n<meta property=\"og:url\" content=\"https:\/\/www.coeurssansfrontieres.com\/fr\/vie-de-lassociation\/annoncesnouvelles\/fevrier-2013\/\" \/>\n<meta property=\"og:site_name\" content=\"CSF - HOG\" \/>\n<meta property=\"article:published_time\" content=\"2013-02-28T15:34:45+00:00\" \/>\n<meta property=\"article:modified_time\" content=\"2017-09-21T14:07:36+00:00\" \/>\n<meta property=\"og:image\" content=\"https:\/\/www.coeurssansfrontieres.com\/wp-content\/uploads\/2017\/08\/annonces-ombres.png\" \/>\n\t<meta property=\"og:image:width\" content=\"122\" \/>\n\t<meta property=\"og:image:height\" content=\"122\" \/>\n\t<meta property=\"og:image:type\" content=\"image\/png\" \/>\n<meta name=\"author\" content=\"GOFFIN Alexandre\" \/>\n<meta name=\"twitter:card\" content=\"summary_large_image\" \/>\n<meta name=\"twitter:label1\" content=\"\u00c9crit par\" \/>\n\t<meta name=\"twitter:data1\" content=\"GOFFIN Alexandre\" \/>\n\t<meta name=\"twitter:label2\" content=\"Dur\u00e9e de lecture estim\u00e9e\" \/>\n\t<meta name=\"twitter:data2\" content=\"1 minute\" \/>\n<script type=\"application\/ld+json\" class=\"yoast-schema-graph\">{\"@context\":\"https:\\\/\\\/schema.org\",\"@graph\":[{\"@type\":\"Article\",\"@id\":\"https:\\\/\\\/www.coeurssansfrontieres.com\\\/fr\\\/vie-de-lassociation\\\/annoncesnouvelles\\\/fevrier-2013\\\/#article\",\"isPartOf\":{\"@id\":\"https:\\\/\\\/www.coeurssansfrontieres.com\\\/fr\\\/vie-de-lassociation\\\/annoncesnouvelles\\\/fevrier-2013\\\/\"},\"author\":{\"name\":\"GOFFIN Alexandre\",\"@id\":\"https:\\\/\\\/www.coeurssansfrontieres.com\\\/fr\\\/#\\\/schema\\\/person\\\/19507754554eb5218427fc31038cac56\"},\"headline\":\"F\u00e9vrier 2013\",\"datePublished\":\"2013-02-28T15:34:45+00:00\",\"dateModified\":\"2017-09-21T14:07:36+00:00\",\"mainEntityOfPage\":{\"@id\":\"https:\\\/\\\/www.coeurssansfrontieres.com\\\/fr\\\/vie-de-lassociation\\\/annoncesnouvelles\\\/fevrier-2013\\\/\"},\"wordCount\":258,\"commentCount\":0,\"image\":{\"@id\":\"https:\\\/\\\/www.coeurssansfrontieres.com\\\/fr\\\/vie-de-lassociation\\\/annoncesnouvelles\\\/fevrier-2013\\\/#primaryimage\"},\"thumbnailUrl\":\"https:\\\/\\\/www.coeurssansfrontieres.com\\\/wp-content\\\/uploads\\\/2017\\\/08\\\/annonces-ombres.png\",\"articleSection\":[\"AnnoncesNouvelles\",\"Vie de l'Association\"],\"inLanguage\":\"fr-FR\",\"potentialAction\":[{\"@type\":\"CommentAction\",\"name\":\"Comment\",\"target\":[\"https:\\\/\\\/www.coeurssansfrontieres.com\\\/fr\\\/vie-de-lassociation\\\/annoncesnouvelles\\\/fevrier-2013\\\/#respond\"]}]},{\"@type\":\"WebPage\",\"@id\":\"https:\\\/\\\/www.coeurssansfrontieres.com\\\/fr\\\/vie-de-lassociation\\\/annoncesnouvelles\\\/fevrier-2013\\\/\",\"url\":\"https:\\\/\\\/www.coeurssansfrontieres.com\\\/fr\\\/vie-de-lassociation\\\/annoncesnouvelles\\\/fevrier-2013\\\/\",\"name\":\"F\u00e9vrier 2013 - CSF - HOG\",\"isPartOf\":{\"@id\":\"https:\\\/\\\/www.coeurssansfrontieres.com\\\/fr\\\/#website\"},\"primaryImageOfPage\":{\"@id\":\"https:\\\/\\\/www.coeurssansfrontieres.com\\\/fr\\\/vie-de-lassociation\\\/annoncesnouvelles\\\/fevrier-2013\\\/#primaryimage\"},\"image\":{\"@id\":\"https:\\\/\\\/www.coeurssansfrontieres.com\\\/fr\\\/vie-de-lassociation\\\/annoncesnouvelles\\\/fevrier-2013\\\/#primaryimage\"},\"thumbnailUrl\":\"https:\\\/\\\/www.coeurssansfrontieres.com\\\/wp-content\\\/uploads\\\/2017\\\/08\\\/annonces-ombres.png\",\"datePublished\":\"2013-02-28T15:34:45+00:00\",\"dateModified\":\"2017-09-21T14:07:36+00:00\",\"author\":{\"@id\":\"https:\\\/\\\/www.coeurssansfrontieres.com\\\/fr\\\/#\\\/schema\\\/person\\\/19507754554eb5218427fc31038cac56\"},\"breadcrumb\":{\"@id\":\"https:\\\/\\\/www.coeurssansfrontieres.com\\\/fr\\\/vie-de-lassociation\\\/annoncesnouvelles\\\/fevrier-2013\\\/#breadcrumb\"},\"inLanguage\":\"fr-FR\",\"potentialAction\":[{\"@type\":\"ReadAction\",\"target\":[\"https:\\\/\\\/www.coeurssansfrontieres.com\\\/fr\\\/vie-de-lassociation\\\/annoncesnouvelles\\\/fevrier-2013\\\/\"]}]},{\"@type\":\"ImageObject\",\"inLanguage\":\"fr-FR\",\"@id\":\"https:\\\/\\\/www.coeurssansfrontieres.com\\\/fr\\\/vie-de-lassociation\\\/annoncesnouvelles\\\/fevrier-2013\\\/#primaryimage\",\"url\":\"https:\\\/\\\/www.coeurssansfrontieres.com\\\/wp-content\\\/uploads\\\/2017\\\/08\\\/annonces-ombres.png\",\"contentUrl\":\"https:\\\/\\\/www.coeurssansfrontieres.com\\\/wp-content\\\/uploads\\\/2017\\\/08\\\/annonces-ombres.png\",\"width\":122,\"height\":122},{\"@type\":\"BreadcrumbList\",\"@id\":\"https:\\\/\\\/www.coeurssansfrontieres.com\\\/fr\\\/vie-de-lassociation\\\/annoncesnouvelles\\\/fevrier-2013\\\/#breadcrumb\",\"itemListElement\":[{\"@type\":\"ListItem\",\"position\":1,\"name\":\"Accueil\",\"item\":\"https:\\\/\\\/www.coeurssansfrontieres.com\\\/fr\\\/\"},{\"@type\":\"ListItem\",\"position\":2,\"name\":\"F\u00e9vrier 2013\"}]},{\"@type\":\"WebSite\",\"@id\":\"https:\\\/\\\/www.coeurssansfrontieres.com\\\/fr\\\/#website\",\"url\":\"https:\\\/\\\/www.coeurssansfrontieres.com\\\/fr\\\/\",\"name\":\"C\u0153urs sans fronti\u00e8res\",\"description\":\"Association franco-allemande des Enfants de la Seconde Guerre Mondiale\",\"potentialAction\":[{\"@type\":\"SearchAction\",\"target\":{\"@type\":\"EntryPoint\",\"urlTemplate\":\"https:\\\/\\\/www.coeurssansfrontieres.com\\\/fr\\\/?s={search_term_string}\"},\"query-input\":{\"@type\":\"PropertyValueSpecification\",\"valueRequired\":true,\"valueName\":\"search_term_string\"}}],\"inLanguage\":\"fr-FR\"},{\"@type\":\"Person\",\"@id\":\"https:\\\/\\\/www.coeurssansfrontieres.com\\\/fr\\\/#\\\/schema\\\/person\\\/19507754554eb5218427fc31038cac56\",\"name\":\"GOFFIN Alexandre\"}]}<\/script>\n<!-- \/ Yoast SEO plugin. -->","yoast_head_json":{"title":"F\u00e9vrier 2013 - CSF - HOG","robots":{"index":"index","follow":"follow","max-snippet":"max-snippet:-1","max-image-preview":"max-image-preview:large","max-video-preview":"max-video-preview:-1"},"canonical":"https:\/\/www.coeurssansfrontieres.com\/fr\/vie-de-lassociation\/annoncesnouvelles\/fevrier-2013\/","og_locale":"fr_FR","og_type":"article","og_title":"F\u00e9vrier 2013 - CSF - HOG","og_description":"Les derni\u00e8res nouvelles de Coeurs Sans Fronti\u00e8res. La pr\u00e9paration du voyage 2013 de CSF est termin\u00e9e. Une dizaine de personnes s'est d\u00e9j\u00e0 inscrite pour aller \u00e0 Vienne. Il reste encore des places, mais n'attendez pas trop longtemps pour vous inscrire. Depuis la derni\u00e8re assembl\u00e9e g\u00e9n\u00e9rale, l'association compte 34 nouveaux adh\u00e9rents, 20 fran\u00e7ais, 12 allemands (dont [&hellip;]","og_url":"https:\/\/www.coeurssansfrontieres.com\/fr\/vie-de-lassociation\/annoncesnouvelles\/fevrier-2013\/","og_site_name":"CSF - HOG","article_published_time":"2013-02-28T15:34:45+00:00","article_modified_time":"2017-09-21T14:07:36+00:00","og_image":[{"width":122,"height":122,"url":"https:\/\/www.coeurssansfrontieres.com\/wp-content\/uploads\/2017\/08\/annonces-ombres.png","type":"image\/png"}],"author":"GOFFIN Alexandre","twitter_card":"summary_large_image","twitter_misc":{"\u00c9crit par":"GOFFIN Alexandre","Dur\u00e9e de lecture estim\u00e9e":"1 minute"},"schema":{"@context":"https:\/\/schema.org","@graph":[{"@type":"Article","@id":"https:\/\/www.coeurssansfrontieres.com\/fr\/vie-de-lassociation\/annoncesnouvelles\/fevrier-2013\/#article","isPartOf":{"@id":"https:\/\/www.coeurssansfrontieres.com\/fr\/vie-de-lassociation\/annoncesnouvelles\/fevrier-2013\/"},"author":{"name":"GOFFIN Alexandre","@id":"https:\/\/www.coeurssansfrontieres.com\/fr\/#\/schema\/person\/19507754554eb5218427fc31038cac56"},"headline":"F\u00e9vrier 2013","datePublished":"2013-02-28T15:34:45+00:00","dateModified":"2017-09-21T14:07:36+00:00","mainEntityOfPage":{"@id":"https:\/\/www.coeurssansfrontieres.com\/fr\/vie-de-lassociation\/annoncesnouvelles\/fevrier-2013\/"},"wordCount":258,"commentCount":0,"image":{"@id":"https:\/\/www.coeurssansfrontieres.com\/fr\/vie-de-lassociation\/annoncesnouvelles\/fevrier-2013\/#primaryimage"},"thumbnailUrl":"https:\/\/www.coeurssansfrontieres.com\/wp-content\/uploads\/2017\/08\/annonces-ombres.png","articleSection":["AnnoncesNouvelles","Vie de l'Association"],"inLanguage":"fr-FR","potentialAction":[{"@type":"CommentAction","name":"Comment","target":["https:\/\/www.coeurssansfrontieres.com\/fr\/vie-de-lassociation\/annoncesnouvelles\/fevrier-2013\/#respond"]}]},{"@type":"WebPage","@id":"https:\/\/www.coeurssansfrontieres.com\/fr\/vie-de-lassociation\/annoncesnouvelles\/fevrier-2013\/","url":"https:\/\/www.coeurssansfrontieres.com\/fr\/vie-de-lassociation\/annoncesnouvelles\/fevrier-2013\/","name":"F\u00e9vrier 2013 - CSF - HOG","isPartOf":{"@id":"https:\/\/www.coeurssansfrontieres.com\/fr\/#website"},"primaryImageOfPage":{"@id":"https:\/\/www.coeurssansfrontieres.com\/fr\/vie-de-lassociation\/annoncesnouvelles\/fevrier-2013\/#primaryimage"},"image":{"@id":"https:\/\/www.coeurssansfrontieres.com\/fr\/vie-de-lassociation\/annoncesnouvelles\/fevrier-2013\/#primaryimage"},"thumbnailUrl":"https:\/\/www.coeurssansfrontieres.com\/wp-content\/uploads\/2017\/08\/annonces-ombres.png","datePublished":"2013-02-28T15:34:45+00:00","dateModified":"2017-09-21T14:07:36+00:00","author":{"@id":"https:\/\/www.coeurssansfrontieres.com\/fr\/#\/schema\/person\/19507754554eb5218427fc31038cac56"},"breadcrumb":{"@id":"https:\/\/www.coeurssansfrontieres.com\/fr\/vie-de-lassociation\/annoncesnouvelles\/fevrier-2013\/#breadcrumb"},"inLanguage":"fr-FR","potentialAction":[{"@type":"ReadAction","target":["https:\/\/www.coeurssansfrontieres.com\/fr\/vie-de-lassociation\/annoncesnouvelles\/fevrier-2013\/"]}]},{"@type":"ImageObject","inLanguage":"fr-FR","@id":"https:\/\/www.coeurssansfrontieres.com\/fr\/vie-de-lassociation\/annoncesnouvelles\/fevrier-2013\/#primaryimage","url":"https:\/\/www.coeurssansfrontieres.com\/wp-content\/uploads\/2017\/08\/annonces-ombres.png","contentUrl":"https:\/\/www.coeurssansfrontieres.com\/wp-content\/uploads\/2017\/08\/annonces-ombres.png","width":122,"height":122},{"@type":"BreadcrumbList","@id":"https:\/\/www.coeurssansfrontieres.com\/fr\/vie-de-lassociation\/annoncesnouvelles\/fevrier-2013\/#breadcrumb","itemListElement":[{"@type":"ListItem","position":1,"name":"Accueil","item":"https:\/\/www.coeurssansfrontieres.com\/fr\/"},{"@type":"ListItem","position":2,"name":"F\u00e9vrier 2013"}]},{"@type":"WebSite","@id":"https:\/\/www.coeurssansfrontieres.com\/fr\/#website","url":"https:\/\/www.coeurssansfrontieres.com\/fr\/","name":"C\u0153urs sans fronti\u00e8res","description":"Association franco-allemande des Enfants de la Seconde Guerre Mondiale","potentialAction":[{"@type":"SearchAction","target":{"@type":"EntryPoint","urlTemplate":"https:\/\/www.coeurssansfrontieres.com\/fr\/?s={search_term_string}"},"query-input":{"@type":"PropertyValueSpecification","valueRequired":true,"valueName":"search_term_string"}}],"inLanguage":"fr-FR"},{"@type":"Person","@id":"https:\/\/www.coeurssansfrontieres.com\/fr\/#\/schema\/person\/19507754554eb5218427fc31038cac56","name":"GOFFIN Alexandre"}]}},"_links":{"self":[{"href":"https:\/\/www.coeurssansfrontieres.com\/fr\/wp-json\/wp\/v2\/posts\/705","targetHints":{"allow":["GET"]}}],"collection":[{"href":"https:\/\/www.coeurssansfrontieres.com\/fr\/wp-json\/wp\/v2\/posts"}],"about":[{"href":"https:\/\/www.coeurssansfrontieres.com\/fr\/wp-json\/wp\/v2\/types\/post"}],"author":[{"embeddable":true,"href":"https:\/\/www.coeurssansfrontieres.com\/fr\/wp-json\/wp\/v2\/users\/249"}],"replies":[{"embeddable":true,"href":"https:\/\/www.coeurssansfrontieres.com\/fr\/wp-json\/wp\/v2\/comments?post=705"}],"version-history":[{"count":0,"href":"https:\/\/www.coeurssansfrontieres.com\/fr\/wp-json\/wp\/v2\/posts\/705\/revisions"}],"wp:featuredmedia":[{"embeddable":true,"href":"https:\/\/www.coeurssansfrontieres.com\/fr\/wp-json\/wp\/v2\/media\/5221"}],"wp:attachment":[{"href":"https:\/\/www.coeurssansfrontieres.com\/fr\/wp-json\/wp\/v2\/media?parent=705"}],"wp:term":[{"taxonomy":"category","embeddable":true,"href":"https:\/\/www.coeurssansfrontieres.com\/fr\/wp-json\/wp\/v2\/categories?post=705"},{"taxonomy":"post_tag","embeddable":true,"href":"https:\/\/www.coeurssansfrontieres.com\/fr\/wp-json\/wp\/v2\/tags?post=705"}],"curies":[{"name":"wp","href":"https:\/\/api.w.org\/{rel}","templated":true}]}}