{"id":733,"date":"2013-05-03T13:35:36","date_gmt":"2013-05-03T11:35:36","guid":{"rendered":"http:\/\/www.coeurssansfrontieres.com\/zone-privee\/informations-ponctuelles\/avril-2013\/"},"modified":"2017-09-21T16:18:49","modified_gmt":"2017-09-21T14:18:49","slug":"avril-2013","status":"publish","type":"post","link":"https:\/\/www.coeurssansfrontieres.com\/fr\/vie-de-lassociation\/annoncesnouvelles\/avril-2013\/","title":{"rendered":"Avril 2013"},"content":{"rendered":"<p>[et_pb_section admin_label=\u00a0\u00bbsection\u00a0\u00bb][et_pb_row admin_label=\u00a0\u00bbrow\u00a0\u00bb][et_pb_column type=\u00a0\u00bb4_4&Prime;][et_pb_text admin_label=\u00a0\u00bbTexte\u00a0\u00bb]<\/p>\n<p>&nbsp;<\/p>\n<p>Le printemps est arriv\u00e9. C&rsquo;est pour Coeurs Sans Fronti\u00e8res le temps des voyages et des rencontres.<\/p>\n<p>Le 4 mai, 35 personnes vont se retrouver \u00e0 <strong>Offenburg<\/strong> en Allemagne.<\/p>\n<p>Du 16 au 22 mai 15 personnes s\u00e9journeront \u00e0 <strong>Vienne<\/strong> (Autriche).<\/p>\n<p>Le 25 mai la r\u00e9gion Sud-ouest se r\u00e9unit \u00e0 <strong>Saint-Andr\u00e9 de Lidon<\/strong> en Charente-Maritime pr\u00e8s de Royan.<\/p>\n<p>La r\u00e9gion Ouest se r\u00e9unira le 14 juin \u00e0 <strong>Pluvigner<\/strong> dans le Morbihan, pr\u00e8s de Vannes, le 15 juin ce sera le tour de la r\u00e9gion sud est de se r\u00e9unir \u00e0 <strong>Mont\u00e9limar.<\/strong><\/p>\n<p>Ce mois-ci sur le site :<\/p>\n<p>on trouve :<\/p>\n<p>les <strong>nouvelles recherches, n\u00b0323, n\u00b0364, n\u00b0408, n\u00b0413, n\u00b0463, n\u00b0469, n\u00b0472, n\u00b0485, 496.<\/strong><\/p>\n<p style=\"margin-left: 4em;\">l&rsquo;\u00e9mission de <em>RTL<\/em> sur \u00ab\u00a0<strong>Les enfants n\u00e9s d&rsquo;un p\u00e8re allemand pendant la deuxi\u00e8me guerre mondiale<\/strong>\u00ab\u00a0,<\/p>\n<p style=\"margin-left: 4em;\">2 articles de \u00ab\u00a0<em>Lib\u00e9ration<\/em>\u00a0\u00bb sur \u00ab\u00a0<strong>Les enfants tabous du Vorarlberg<\/strong>\u00ab\u00a0,<\/p>\n<p style=\"margin-left: 4em;\">un article sur \u00ab\u00a0<strong>L\u2019enfance des n\u00e9s maudits dans les coll\u00e8ges.<\/strong>\u00ab\u00a0<\/p>\n<p style=\"margin-left: 4em;\">le livre \u00a0\u00bb <strong>Le voyage \u00e0 Seelow<\/strong>\u00a0\u00bb d&rsquo;<em>Alain Bach<\/em><\/p>\n<p style=\"margin-left: 4em;\">le programme qui attend les voyageurs \u00e0 <strong>Vienne<\/strong> (zone priv\u00e9e du site).<\/p>\n<p>[\/et_pb_text][\/et_pb_column][\/et_pb_row][\/et_pb_section]<\/p>\n","protected":false},"excerpt":{"rendered":"<p>&nbsp; Le printemps est arriv\u00e9. C&rsquo;est pour Coeurs Sans Fronti\u00e8res le temps des voyages et des rencontres. Le 4 mai, 35 personnes vont se retrouver \u00e0 Offenburg en Allemagne. Du 16 au 22 mai 15 personnes s\u00e9journeront \u00e0 Vienne (Autriche). Le 25 mai la r\u00e9gion Sud-ouest se r\u00e9unit \u00e0 Saint-Andr\u00e9 de Lidon en Charente-Maritime pr\u00e8s [&hellip;]<\/p>\n","protected":false},"author":249,"featured_media":5221,"comment_status":"open","ping_status":"open","sticky":false,"template":"","format":"standard","meta":{"_et_pb_use_builder":"on","_et_pb_old_content":"<p>\u00a0<\/p><p>Le printemps est arriv\u00e9. C'est pour Coeurs Sans Fronti\u00e8res le temps des voyages et des rencontres.<\/p><p>Le 4 mai, 35 personnes vont se retrouver \u00e0 <strong>Offenburg<\/strong> en Allemagne.<\/p><p>Du 16 au 22 mai 15 personnes s\u00e9journeront \u00e0 <strong>Vienne<\/strong> (Autriche).<\/p><p>Le 25 mai la r\u00e9gion Sud-ouest se r\u00e9unit \u00e0 <strong>Saint-Andr\u00e9 de Lidon<\/strong> en Charente-Maritime pr\u00e8s de Royan.<\/p><p>La r\u00e9gion Ouest se r\u00e9unira le 14 juin \u00e0 <strong>Pluvigner<\/strong> dans le Morbihan, pr\u00e8s de Vannes, le 15 juin ce sera le tour de la r\u00e9gion sud est de se r\u00e9unir \u00e0 <strong>Mont\u00e9limar.<\/strong><\/p><p>Ce mois-ci sur le site :<\/p><p>on trouve :<\/p><p>les <strong>nouvelles recherches, n\u00b0323, n\u00b0364, n\u00b0408, n\u00b0413, n\u00b0463, n\u00b0469, n\u00b0472, n\u00b0485, 496.<\/strong><\/p><p style=\"margin-left: 4em;\">l'\u00e9mission de <em>RTL<\/em> sur \"<strong>Les enfants n\u00e9s d'un p\u00e8re allemand pendant la deuxi\u00e8me guerre mondiale<\/strong>\",<\/p><p style=\"margin-left: 4em;\">2 articles de \"<em>Lib\u00e9ration<\/em>\" sur \"<strong>Les enfants tabous du Vorarlberg<\/strong>\",<\/p><p style=\"margin-left: 4em;\">un article sur \"<strong>L\u2019enfance des n\u00e9s maudits dans les coll\u00e8ges.<\/strong>\"<\/p><p style=\"margin-left: 4em;\">le livre \" <strong>Le voyage \u00e0 Seelow<\/strong>\" d'<em>Alain Bach<\/em><\/p><p style=\"margin-left: 4em;\">le programme qui attend les voyageurs \u00e0 <strong>Vienne<\/strong> (zone priv\u00e9e du site).<\/p>","_et_gb_content_width":"","footnotes":""},"categories":[183,13],"tags":[],"class_list":["post-733","post","type-post","status-publish","format-standard","has-post-thumbnail","hentry","category-annoncesnouvelles","category-vie-de-lassociation"],"yoast_head":"<!-- This site is optimized with the Yoast SEO plugin v27.5 - https:\/\/yoast.com\/product\/yoast-seo-wordpress\/ -->\n<title>Avril 2013 - CSF - HOG<\/title>\n<meta name=\"robots\" content=\"index, follow, max-snippet:-1, max-image-preview:large, max-video-preview:-1\" \/>\n<link rel=\"canonical\" href=\"https:\/\/www.coeurssansfrontieres.com\/fr\/vie-de-lassociation\/annoncesnouvelles\/avril-2013\/\" \/>\n<meta property=\"og:locale\" content=\"fr_FR\" \/>\n<meta property=\"og:type\" content=\"article\" \/>\n<meta property=\"og:title\" content=\"Avril 2013 - CSF - HOG\" \/>\n<meta property=\"og:description\" content=\"&nbsp; Le printemps est arriv\u00e9. C&#039;est pour Coeurs Sans Fronti\u00e8res le temps des voyages et des rencontres. Le 4 mai, 35 personnes vont se retrouver \u00e0 Offenburg en Allemagne. Du 16 au 22 mai 15 personnes s\u00e9journeront \u00e0 Vienne (Autriche). Le 25 mai la r\u00e9gion Sud-ouest se r\u00e9unit \u00e0 Saint-Andr\u00e9 de Lidon en Charente-Maritime pr\u00e8s [&hellip;]\" \/>\n<meta property=\"og:url\" content=\"https:\/\/www.coeurssansfrontieres.com\/fr\/vie-de-lassociation\/annoncesnouvelles\/avril-2013\/\" \/>\n<meta property=\"og:site_name\" content=\"CSF - HOG\" \/>\n<meta property=\"article:published_time\" content=\"2013-05-03T11:35:36+00:00\" \/>\n<meta property=\"article:modified_time\" content=\"2017-09-21T14:18:49+00:00\" \/>\n<meta property=\"og:image\" content=\"https:\/\/www.coeurssansfrontieres.com\/wp-content\/uploads\/2017\/08\/annonces-ombres.png\" \/>\n\t<meta property=\"og:image:width\" content=\"122\" \/>\n\t<meta property=\"og:image:height\" content=\"122\" \/>\n\t<meta property=\"og:image:type\" content=\"image\/png\" \/>\n<meta name=\"author\" content=\"GOFFIN Alexandre\" \/>\n<meta name=\"twitter:card\" content=\"summary_large_image\" \/>\n<meta name=\"twitter:label1\" content=\"\u00c9crit par\" \/>\n\t<meta name=\"twitter:data1\" content=\"GOFFIN Alexandre\" \/>\n\t<meta name=\"twitter:label2\" content=\"Dur\u00e9e de lecture estim\u00e9e\" \/>\n\t<meta name=\"twitter:data2\" content=\"1 minute\" \/>\n<script type=\"application\/ld+json\" class=\"yoast-schema-graph\">{\"@context\":\"https:\\\/\\\/schema.org\",\"@graph\":[{\"@type\":\"Article\",\"@id\":\"https:\\\/\\\/www.coeurssansfrontieres.com\\\/fr\\\/vie-de-lassociation\\\/annoncesnouvelles\\\/avril-2013\\\/#article\",\"isPartOf\":{\"@id\":\"https:\\\/\\\/www.coeurssansfrontieres.com\\\/fr\\\/vie-de-lassociation\\\/annoncesnouvelles\\\/avril-2013\\\/\"},\"author\":{\"name\":\"GOFFIN Alexandre\",\"@id\":\"https:\\\/\\\/www.coeurssansfrontieres.com\\\/fr\\\/#\\\/schema\\\/person\\\/19507754554eb5218427fc31038cac56\"},\"headline\":\"Avril 2013\",\"datePublished\":\"2013-05-03T11:35:36+00:00\",\"dateModified\":\"2017-09-21T14:18:49+00:00\",\"mainEntityOfPage\":{\"@id\":\"https:\\\/\\\/www.coeurssansfrontieres.com\\\/fr\\\/vie-de-lassociation\\\/annoncesnouvelles\\\/avril-2013\\\/\"},\"wordCount\":205,\"commentCount\":0,\"image\":{\"@id\":\"https:\\\/\\\/www.coeurssansfrontieres.com\\\/fr\\\/vie-de-lassociation\\\/annoncesnouvelles\\\/avril-2013\\\/#primaryimage\"},\"thumbnailUrl\":\"https:\\\/\\\/www.coeurssansfrontieres.com\\\/wp-content\\\/uploads\\\/2017\\\/08\\\/annonces-ombres.png\",\"articleSection\":[\"AnnoncesNouvelles\",\"Vie de l'Association\"],\"inLanguage\":\"fr-FR\",\"potentialAction\":[{\"@type\":\"CommentAction\",\"name\":\"Comment\",\"target\":[\"https:\\\/\\\/www.coeurssansfrontieres.com\\\/fr\\\/vie-de-lassociation\\\/annoncesnouvelles\\\/avril-2013\\\/#respond\"]}]},{\"@type\":\"WebPage\",\"@id\":\"https:\\\/\\\/www.coeurssansfrontieres.com\\\/fr\\\/vie-de-lassociation\\\/annoncesnouvelles\\\/avril-2013\\\/\",\"url\":\"https:\\\/\\\/www.coeurssansfrontieres.com\\\/fr\\\/vie-de-lassociation\\\/annoncesnouvelles\\\/avril-2013\\\/\",\"name\":\"Avril 2013 - CSF - HOG\",\"isPartOf\":{\"@id\":\"https:\\\/\\\/www.coeurssansfrontieres.com\\\/fr\\\/#website\"},\"primaryImageOfPage\":{\"@id\":\"https:\\\/\\\/www.coeurssansfrontieres.com\\\/fr\\\/vie-de-lassociation\\\/annoncesnouvelles\\\/avril-2013\\\/#primaryimage\"},\"image\":{\"@id\":\"https:\\\/\\\/www.coeurssansfrontieres.com\\\/fr\\\/vie-de-lassociation\\\/annoncesnouvelles\\\/avril-2013\\\/#primaryimage\"},\"thumbnailUrl\":\"https:\\\/\\\/www.coeurssansfrontieres.com\\\/wp-content\\\/uploads\\\/2017\\\/08\\\/annonces-ombres.png\",\"datePublished\":\"2013-05-03T11:35:36+00:00\",\"dateModified\":\"2017-09-21T14:18:49+00:00\",\"author\":{\"@id\":\"https:\\\/\\\/www.coeurssansfrontieres.com\\\/fr\\\/#\\\/schema\\\/person\\\/19507754554eb5218427fc31038cac56\"},\"breadcrumb\":{\"@id\":\"https:\\\/\\\/www.coeurssansfrontieres.com\\\/fr\\\/vie-de-lassociation\\\/annoncesnouvelles\\\/avril-2013\\\/#breadcrumb\"},\"inLanguage\":\"fr-FR\",\"potentialAction\":[{\"@type\":\"ReadAction\",\"target\":[\"https:\\\/\\\/www.coeurssansfrontieres.com\\\/fr\\\/vie-de-lassociation\\\/annoncesnouvelles\\\/avril-2013\\\/\"]}]},{\"@type\":\"ImageObject\",\"inLanguage\":\"fr-FR\",\"@id\":\"https:\\\/\\\/www.coeurssansfrontieres.com\\\/fr\\\/vie-de-lassociation\\\/annoncesnouvelles\\\/avril-2013\\\/#primaryimage\",\"url\":\"https:\\\/\\\/www.coeurssansfrontieres.com\\\/wp-content\\\/uploads\\\/2017\\\/08\\\/annonces-ombres.png\",\"contentUrl\":\"https:\\\/\\\/www.coeurssansfrontieres.com\\\/wp-content\\\/uploads\\\/2017\\\/08\\\/annonces-ombres.png\",\"width\":122,\"height\":122},{\"@type\":\"BreadcrumbList\",\"@id\":\"https:\\\/\\\/www.coeurssansfrontieres.com\\\/fr\\\/vie-de-lassociation\\\/annoncesnouvelles\\\/avril-2013\\\/#breadcrumb\",\"itemListElement\":[{\"@type\":\"ListItem\",\"position\":1,\"name\":\"Accueil\",\"item\":\"https:\\\/\\\/www.coeurssansfrontieres.com\\\/fr\\\/\"},{\"@type\":\"ListItem\",\"position\":2,\"name\":\"Avril 2013\"}]},{\"@type\":\"WebSite\",\"@id\":\"https:\\\/\\\/www.coeurssansfrontieres.com\\\/fr\\\/#website\",\"url\":\"https:\\\/\\\/www.coeurssansfrontieres.com\\\/fr\\\/\",\"name\":\"C\u0153urs sans fronti\u00e8res\",\"description\":\"Association franco-allemande des Enfants de la Seconde Guerre Mondiale\",\"potentialAction\":[{\"@type\":\"SearchAction\",\"target\":{\"@type\":\"EntryPoint\",\"urlTemplate\":\"https:\\\/\\\/www.coeurssansfrontieres.com\\\/fr\\\/?s={search_term_string}\"},\"query-input\":{\"@type\":\"PropertyValueSpecification\",\"valueRequired\":true,\"valueName\":\"search_term_string\"}}],\"inLanguage\":\"fr-FR\"},{\"@type\":\"Person\",\"@id\":\"https:\\\/\\\/www.coeurssansfrontieres.com\\\/fr\\\/#\\\/schema\\\/person\\\/19507754554eb5218427fc31038cac56\",\"name\":\"GOFFIN Alexandre\"}]}<\/script>\n<!-- \/ Yoast SEO plugin. -->","yoast_head_json":{"title":"Avril 2013 - CSF - HOG","robots":{"index":"index","follow":"follow","max-snippet":"max-snippet:-1","max-image-preview":"max-image-preview:large","max-video-preview":"max-video-preview:-1"},"canonical":"https:\/\/www.coeurssansfrontieres.com\/fr\/vie-de-lassociation\/annoncesnouvelles\/avril-2013\/","og_locale":"fr_FR","og_type":"article","og_title":"Avril 2013 - CSF - HOG","og_description":"&nbsp; Le printemps est arriv\u00e9. C'est pour Coeurs Sans Fronti\u00e8res le temps des voyages et des rencontres. Le 4 mai, 35 personnes vont se retrouver \u00e0 Offenburg en Allemagne. Du 16 au 22 mai 15 personnes s\u00e9journeront \u00e0 Vienne (Autriche). Le 25 mai la r\u00e9gion Sud-ouest se r\u00e9unit \u00e0 Saint-Andr\u00e9 de Lidon en Charente-Maritime pr\u00e8s [&hellip;]","og_url":"https:\/\/www.coeurssansfrontieres.com\/fr\/vie-de-lassociation\/annoncesnouvelles\/avril-2013\/","og_site_name":"CSF - HOG","article_published_time":"2013-05-03T11:35:36+00:00","article_modified_time":"2017-09-21T14:18:49+00:00","og_image":[{"width":122,"height":122,"url":"https:\/\/www.coeurssansfrontieres.com\/wp-content\/uploads\/2017\/08\/annonces-ombres.png","type":"image\/png"}],"author":"GOFFIN Alexandre","twitter_card":"summary_large_image","twitter_misc":{"\u00c9crit par":"GOFFIN Alexandre","Dur\u00e9e de lecture estim\u00e9e":"1 minute"},"schema":{"@context":"https:\/\/schema.org","@graph":[{"@type":"Article","@id":"https:\/\/www.coeurssansfrontieres.com\/fr\/vie-de-lassociation\/annoncesnouvelles\/avril-2013\/#article","isPartOf":{"@id":"https:\/\/www.coeurssansfrontieres.com\/fr\/vie-de-lassociation\/annoncesnouvelles\/avril-2013\/"},"author":{"name":"GOFFIN Alexandre","@id":"https:\/\/www.coeurssansfrontieres.com\/fr\/#\/schema\/person\/19507754554eb5218427fc31038cac56"},"headline":"Avril 2013","datePublished":"2013-05-03T11:35:36+00:00","dateModified":"2017-09-21T14:18:49+00:00","mainEntityOfPage":{"@id":"https:\/\/www.coeurssansfrontieres.com\/fr\/vie-de-lassociation\/annoncesnouvelles\/avril-2013\/"},"wordCount":205,"commentCount":0,"image":{"@id":"https:\/\/www.coeurssansfrontieres.com\/fr\/vie-de-lassociation\/annoncesnouvelles\/avril-2013\/#primaryimage"},"thumbnailUrl":"https:\/\/www.coeurssansfrontieres.com\/wp-content\/uploads\/2017\/08\/annonces-ombres.png","articleSection":["AnnoncesNouvelles","Vie de l'Association"],"inLanguage":"fr-FR","potentialAction":[{"@type":"CommentAction","name":"Comment","target":["https:\/\/www.coeurssansfrontieres.com\/fr\/vie-de-lassociation\/annoncesnouvelles\/avril-2013\/#respond"]}]},{"@type":"WebPage","@id":"https:\/\/www.coeurssansfrontieres.com\/fr\/vie-de-lassociation\/annoncesnouvelles\/avril-2013\/","url":"https:\/\/www.coeurssansfrontieres.com\/fr\/vie-de-lassociation\/annoncesnouvelles\/avril-2013\/","name":"Avril 2013 - CSF - HOG","isPartOf":{"@id":"https:\/\/www.coeurssansfrontieres.com\/fr\/#website"},"primaryImageOfPage":{"@id":"https:\/\/www.coeurssansfrontieres.com\/fr\/vie-de-lassociation\/annoncesnouvelles\/avril-2013\/#primaryimage"},"image":{"@id":"https:\/\/www.coeurssansfrontieres.com\/fr\/vie-de-lassociation\/annoncesnouvelles\/avril-2013\/#primaryimage"},"thumbnailUrl":"https:\/\/www.coeurssansfrontieres.com\/wp-content\/uploads\/2017\/08\/annonces-ombres.png","datePublished":"2013-05-03T11:35:36+00:00","dateModified":"2017-09-21T14:18:49+00:00","author":{"@id":"https:\/\/www.coeurssansfrontieres.com\/fr\/#\/schema\/person\/19507754554eb5218427fc31038cac56"},"breadcrumb":{"@id":"https:\/\/www.coeurssansfrontieres.com\/fr\/vie-de-lassociation\/annoncesnouvelles\/avril-2013\/#breadcrumb"},"inLanguage":"fr-FR","potentialAction":[{"@type":"ReadAction","target":["https:\/\/www.coeurssansfrontieres.com\/fr\/vie-de-lassociation\/annoncesnouvelles\/avril-2013\/"]}]},{"@type":"ImageObject","inLanguage":"fr-FR","@id":"https:\/\/www.coeurssansfrontieres.com\/fr\/vie-de-lassociation\/annoncesnouvelles\/avril-2013\/#primaryimage","url":"https:\/\/www.coeurssansfrontieres.com\/wp-content\/uploads\/2017\/08\/annonces-ombres.png","contentUrl":"https:\/\/www.coeurssansfrontieres.com\/wp-content\/uploads\/2017\/08\/annonces-ombres.png","width":122,"height":122},{"@type":"BreadcrumbList","@id":"https:\/\/www.coeurssansfrontieres.com\/fr\/vie-de-lassociation\/annoncesnouvelles\/avril-2013\/#breadcrumb","itemListElement":[{"@type":"ListItem","position":1,"name":"Accueil","item":"https:\/\/www.coeurssansfrontieres.com\/fr\/"},{"@type":"ListItem","position":2,"name":"Avril 2013"}]},{"@type":"WebSite","@id":"https:\/\/www.coeurssansfrontieres.com\/fr\/#website","url":"https:\/\/www.coeurssansfrontieres.com\/fr\/","name":"C\u0153urs sans fronti\u00e8res","description":"Association franco-allemande des Enfants de la Seconde Guerre Mondiale","potentialAction":[{"@type":"SearchAction","target":{"@type":"EntryPoint","urlTemplate":"https:\/\/www.coeurssansfrontieres.com\/fr\/?s={search_term_string}"},"query-input":{"@type":"PropertyValueSpecification","valueRequired":true,"valueName":"search_term_string"}}],"inLanguage":"fr-FR"},{"@type":"Person","@id":"https:\/\/www.coeurssansfrontieres.com\/fr\/#\/schema\/person\/19507754554eb5218427fc31038cac56","name":"GOFFIN Alexandre"}]}},"_links":{"self":[{"href":"https:\/\/www.coeurssansfrontieres.com\/fr\/wp-json\/wp\/v2\/posts\/733","targetHints":{"allow":["GET"]}}],"collection":[{"href":"https:\/\/www.coeurssansfrontieres.com\/fr\/wp-json\/wp\/v2\/posts"}],"about":[{"href":"https:\/\/www.coeurssansfrontieres.com\/fr\/wp-json\/wp\/v2\/types\/post"}],"author":[{"embeddable":true,"href":"https:\/\/www.coeurssansfrontieres.com\/fr\/wp-json\/wp\/v2\/users\/249"}],"replies":[{"embeddable":true,"href":"https:\/\/www.coeurssansfrontieres.com\/fr\/wp-json\/wp\/v2\/comments?post=733"}],"version-history":[{"count":0,"href":"https:\/\/www.coeurssansfrontieres.com\/fr\/wp-json\/wp\/v2\/posts\/733\/revisions"}],"wp:featuredmedia":[{"embeddable":true,"href":"https:\/\/www.coeurssansfrontieres.com\/fr\/wp-json\/wp\/v2\/media\/5221"}],"wp:attachment":[{"href":"https:\/\/www.coeurssansfrontieres.com\/fr\/wp-json\/wp\/v2\/media?parent=733"}],"wp:term":[{"taxonomy":"category","embeddable":true,"href":"https:\/\/www.coeurssansfrontieres.com\/fr\/wp-json\/wp\/v2\/categories?post=733"},{"taxonomy":"post_tag","embeddable":true,"href":"https:\/\/www.coeurssansfrontieres.com\/fr\/wp-json\/wp\/v2\/tags?post=733"}],"curies":[{"name":"wp","href":"https:\/\/api.w.org\/{rel}","templated":true}]}}