{"id":8127,"date":"2017-12-06T18:07:45","date_gmt":"2017-12-06T17:07:45","guid":{"rendered":"http:\/\/www.coeurssansfrontieres.com\/?p=8127"},"modified":"2019-03-03T18:09:37","modified_gmt":"2019-03-03T17:09:37","slug":"lecomte20171118","status":"publish","type":"post","link":"https:\/\/www.coeurssansfrontieres.com\/fr\/vie-de-lassociation\/rencontres-annuelles\/lecomte20171118\/","title":{"rendered":"Bernard Lecomte 18 11 2017"},"content":{"rendered":"<p>[et_pb_section admin_label=\u00a0\u00bbsection\u00a0\u00bb][et_pb_row admin_label=\u00a0\u00bbrow\u00a0\u00bb make_fullwidth=\u00a0\u00bbon\u00a0\u00bb use_custom_width=\u00a0\u00bboff\u00a0\u00bb width_unit=\u00a0\u00bbon\u00a0\u00bb use_custom_gutter=\u00a0\u00bboff\u00a0\u00bb padding_mobile=\u00a0\u00bboff\u00a0\u00bb allow_player_pause=\u00a0\u00bboff\u00a0\u00bb parallax=\u00a0\u00bboff\u00a0\u00bb parallax_method=\u00a0\u00bboff\u00a0\u00bb make_equal=\u00a0\u00bboff\u00a0\u00bb parallax_1=\u00a0\u00bboff\u00a0\u00bb parallax_method_1=\u00a0\u00bboff\u00a0\u00bb parallax_2=\u00a0\u00bboff\u00a0\u00bb parallax_method_2=\u00a0\u00bboff\u00a0\u00bb parallax_3=\u00a0\u00bboff\u00a0\u00bb parallax_method_3=\u00a0\u00bboff\u00a0\u00bb column_padding_mobile=\u00a0\u00bbon\u00a0\u00bb padding_top_2=\u00a0\u00bb0px\u00a0\u00bb padding_right_2=\u00a0\u00bb0px\u00a0\u00bb padding_bottom_2=\u00a0\u00bb0px\u00a0\u00bb padding_left_2=\u00a0\u00bb0px\u00a0\u00bb][et_pb_column type=\u00a0\u00bb1_4&Prime;][et_pb_divider admin_label=\u00a0\u00bbS\u00e9parateur\u00a0\u00bb color=\u00a0\u00bb#a55ba6&Prime; show_divider=\u00a0\u00bbon\u00a0\u00bb height=\u00a0\u00bb3&Prime; divider_style=\u00a0\u00bbsolid\u00a0\u00bb divider_position=\u00a0\u00bbtop\u00a0\u00bb hide_on_mobile=\u00a0\u00bbon\u00a0\u00bb]<\/p>\n<p>&nbsp;<\/p>\n<p>[\/et_pb_divider][et_pb_text admin_label=\u00a0\u00bbTexte\u00a0\u00bb background_layout=\u00a0\u00bblight\u00a0\u00bb text_orientation=\u00a0\u00bbleft\u00a0\u00bb use_border_color=\u00a0\u00bboff\u00a0\u00bb border_color=\u00a0\u00bb#ffffff\u00a0\u00bb border_style=\u00a0\u00bbsolid\u00a0\u00bb text_font=\u00a0\u00bb||on||\u00a0\u00bb text_font_size=\u00a0\u00bb11&Prime; text_text_color=\u00a0\u00bb#e835c7&Prime; custom_margin=\u00a0\u00bb0px|||\u00a0\u00bb custom_padding=\u00a0\u00bb0px||0px|\u00a0\u00bb]<\/p>\n<p>Vid\u00e9o de l&rsquo;expos\u00e9 de Bernard Lecomte \u00e0 la r\u00e9union annuelle se CSF\/HOG le 18 novembre 2017 :<\/p>\n<p>[\/et_pb_text][et_pb_video admin_label=\u00a0\u00bbVid\u00e9o\u00a0\u00bb src=\u00a0\u00bbhttps:\/\/www.youtube.com\/watch?v=DzmdnC_zRBQ\u00a0\u00bb image_src=\u00a0\u00bb\/\/i.ytimg.com\/vi\/DzmdnC_zRBQ\/hqdefault.jpg\u00a0\u00bb custom_css_main_element=\u00a0\u00bbmargin-top : 0px;||padding-top : 0px;||\u00a0\u00bb]<\/p>\n<p>&nbsp;<\/p>\n<p>[\/et_pb_video][et_pb_divider admin_label=\u00a0\u00bbS\u00e9parateur\u00a0\u00bb color=\u00a0\u00bb#a55ba6&Prime; show_divider=\u00a0\u00bbon\u00a0\u00bb height=\u00a0\u00bb3&Prime; divider_style=\u00a0\u00bbsolid\u00a0\u00bb divider_position=\u00a0\u00bbtop\u00a0\u00bb hide_on_mobile=\u00a0\u00bbon\u00a0\u00bb]<\/p>\n<p>&nbsp;<\/p>\n<p>[\/et_pb_divider][et_pb_image admin_label=\u00a0\u00bbImage\u00a0\u00bb src=\u00a0\u00bbhttps:\/\/www.coeurssansfrontieres.com\/wp-content\/uploads\/2017\/12\/N\u00b0-1-1-a.jpg\u00a0\u00bb show_in_lightbox=\u00a0\u00bbon\u00a0\u00bb url_new_window=\u00a0\u00bboff\u00a0\u00bb use_overlay=\u00a0\u00bbon\u00a0\u00bb hover_icon=\u00a0\u00bb%%52%%\u00a0\u00bb animation=\u00a0\u00bboff\u00a0\u00bb sticky=\u00a0\u00bboff\u00a0\u00bb align=\u00a0\u00bbcenter\u00a0\u00bb max_width=\u00a0\u00bb250px\u00a0\u00bb force_fullwidth=\u00a0\u00bbon\u00a0\u00bb always_center_on_mobile=\u00a0\u00bbon\u00a0\u00bb use_border_color=\u00a0\u00bboff\u00a0\u00bb border_color=\u00a0\u00bb#ffffff\u00a0\u00bb border_style=\u00a0\u00bbsolid\u00a0\u00bb custom_css_main_element=\u00a0\u00bbimg.hovertext {|| position: relative;||width: 250px;|| }|| ||img.hovertext:after {|| content: attr(title);|| position: absolute;|| left: 25px;|| bottom: 25px;|| padding: 20px;|| background: rgba(0,0,0,0.5);|| color: #fff;|| opacity: 0;|| -webkit-transition: 0.5s;|| -moz-transition: 0.5s;|| -o-transition: 0.5s;|| -ms-transition: 0.5s;|| }|| ||img.hovertext:hover:after {|| opacity: 1.0;|| }||box-shadow: 3px 3px 3px #7C7C7C;\u00a0\u00bb saved_tabs=\u00a0\u00bball\u00a0\u00bb title_text=\u00a0\u00bbIntroduire ici la l\u00e9gende de l&rsquo;image\u00a0\u00bb]<\/p>\n<p>&nbsp;<\/p>\n<p>[\/et_pb_image][et_pb_image admin_label=\u00a0\u00bbImage\u00a0\u00bb src=\u00a0\u00bbhttps:\/\/www.coeurssansfrontieres.com\/wp-content\/uploads\/2017\/12\/N\u00b0-1-1-b.jpg\u00a0\u00bb show_in_lightbox=\u00a0\u00bbon\u00a0\u00bb url_new_window=\u00a0\u00bboff\u00a0\u00bb use_overlay=\u00a0\u00bbon\u00a0\u00bb hover_icon=\u00a0\u00bb%%52%%\u00a0\u00bb animation=\u00a0\u00bboff\u00a0\u00bb sticky=\u00a0\u00bboff\u00a0\u00bb align=\u00a0\u00bbcenter\u00a0\u00bb max_width=\u00a0\u00bb250px\u00a0\u00bb force_fullwidth=\u00a0\u00bbon\u00a0\u00bb always_center_on_mobile=\u00a0\u00bbon\u00a0\u00bb use_border_color=\u00a0\u00bboff\u00a0\u00bb border_color=\u00a0\u00bb#ffffff\u00a0\u00bb border_style=\u00a0\u00bbsolid\u00a0\u00bb custom_css_main_element=\u00a0\u00bbimg.hovertext {|| position: relative;||width: 250px;|| }|| ||img.hovertext:after {|| content: attr(title);|| position: absolute;|| left: 25px;|| bottom: 25px;|| padding: 20px;|| background: rgba(0,0,0,0.5);|| color: #fff;|| opacity: 0;|| -webkit-transition: 0.5s;|| -moz-transition: 0.5s;|| -o-transition: 0.5s;|| -ms-transition: 0.5s;|| }|| ||img.hovertext:hover:after {|| opacity: 1.0;|| }||box-shadow: 3px 3px 3px #7C7C7C;\u00a0\u00bb saved_tabs=\u00a0\u00bball\u00a0\u00bb title_text=\u00a0\u00bbIntroduire ici la l\u00e9gende de l&rsquo;image\u00a0\u00bb]<\/p>\n<p>&nbsp;<\/p>\n<p>[\/et_pb_image][et_pb_image admin_label=\u00a0\u00bbImage\u00a0\u00bb src=\u00a0\u00bbhttps:\/\/www.coeurssansfrontieres.com\/wp-content\/uploads\/2017\/12\/N\u00b02-b.jpg\u00a0\u00bb show_in_lightbox=\u00a0\u00bbon\u00a0\u00bb url_new_window=\u00a0\u00bboff\u00a0\u00bb use_overlay=\u00a0\u00bbon\u00a0\u00bb hover_icon=\u00a0\u00bb%%52%%\u00a0\u00bb animation=\u00a0\u00bboff\u00a0\u00bb sticky=\u00a0\u00bboff\u00a0\u00bb align=\u00a0\u00bbcenter\u00a0\u00bb max_width=\u00a0\u00bb250px\u00a0\u00bb force_fullwidth=\u00a0\u00bbon\u00a0\u00bb always_center_on_mobile=\u00a0\u00bbon\u00a0\u00bb use_border_color=\u00a0\u00bboff\u00a0\u00bb border_color=\u00a0\u00bb#ffffff\u00a0\u00bb border_style=\u00a0\u00bbsolid\u00a0\u00bb custom_css_main_element=\u00a0\u00bbimg.hovertext {|| position: relative;||width: 250px;|| }|| ||img.hovertext:after {|| content: attr(title);|| position: absolute;|| left: 25px;|| bottom: 25px;|| padding: 20px;|| background: rgba(0,0,0,0.5);|| color: #fff;|| opacity: 0;|| -webkit-transition: 0.5s;|| -moz-transition: 0.5s;|| -o-transition: 0.5s;|| -ms-transition: 0.5s;|| }|| ||img.hovertext:hover:after {|| opacity: 1.0;|| }||box-shadow: 3px 3px 3px #7C7C7C;\u00a0\u00bb saved_tabs=\u00a0\u00bball\u00a0\u00bb title_text=\u00a0\u00bbIntroduire ici la l\u00e9gende de l&rsquo;image\u00a0\u00bb]<\/p>\n<p>&nbsp;<\/p>\n<p>[\/et_pb_image][et_pb_image admin_label=\u00a0\u00bbImage\u00a0\u00bb src=\u00a0\u00bbhttps:\/\/www.coeurssansfrontieres.com\/wp-content\/uploads\/2017\/12\/N\u00b03-a.jpg\u00a0\u00bb show_in_lightbox=\u00a0\u00bbon\u00a0\u00bb url_new_window=\u00a0\u00bboff\u00a0\u00bb use_overlay=\u00a0\u00bbon\u00a0\u00bb hover_icon=\u00a0\u00bb%%52%%\u00a0\u00bb animation=\u00a0\u00bboff\u00a0\u00bb sticky=\u00a0\u00bboff\u00a0\u00bb align=\u00a0\u00bbcenter\u00a0\u00bb max_width=\u00a0\u00bb250px\u00a0\u00bb force_fullwidth=\u00a0\u00bbon\u00a0\u00bb always_center_on_mobile=\u00a0\u00bbon\u00a0\u00bb use_border_color=\u00a0\u00bboff\u00a0\u00bb border_color=\u00a0\u00bb#ffffff\u00a0\u00bb border_style=\u00a0\u00bbsolid\u00a0\u00bb custom_css_main_element=\u00a0\u00bbimg.hovertext {|| position: relative;||width: 250px;|| }|| ||img.hovertext:after {|| content: attr(title);|| position: absolute;|| left: 25px;|| bottom: 25px;|| padding: 20px;|| background: rgba(0,0,0,0.5);|| color: #fff;|| opacity: 0;|| -webkit-transition: 0.5s;|| -moz-transition: 0.5s;|| -o-transition: 0.5s;|| -ms-transition: 0.5s;|| }|| ||img.hovertext:hover:after {|| opacity: 1.0;|| }||box-shadow: 3px 3px 3px #7C7C7C;\u00a0\u00bb saved_tabs=\u00a0\u00bball\u00a0\u00bb title_text=\u00a0\u00bbIntroduire ici la l\u00e9gende de l&rsquo;image\u00a0\u00bb]<\/p>\n<p>&nbsp;<\/p>\n<p>[\/et_pb_image][et_pb_image admin_label=\u00a0\u00bbImage\u00a0\u00bb src=\u00a0\u00bbhttps:\/\/www.coeurssansfrontieres.com\/wp-content\/uploads\/2017\/12\/N\u00b04-a.jpg\u00a0\u00bb show_in_lightbox=\u00a0\u00bbon\u00a0\u00bb url_new_window=\u00a0\u00bboff\u00a0\u00bb use_overlay=\u00a0\u00bbon\u00a0\u00bb hover_icon=\u00a0\u00bb%%52%%\u00a0\u00bb animation=\u00a0\u00bboff\u00a0\u00bb sticky=\u00a0\u00bboff\u00a0\u00bb align=\u00a0\u00bbcenter\u00a0\u00bb max_width=\u00a0\u00bb250px\u00a0\u00bb force_fullwidth=\u00a0\u00bbon\u00a0\u00bb always_center_on_mobile=\u00a0\u00bbon\u00a0\u00bb use_border_color=\u00a0\u00bboff\u00a0\u00bb border_color=\u00a0\u00bb#ffffff\u00a0\u00bb border_style=\u00a0\u00bbsolid\u00a0\u00bb custom_css_main_element=\u00a0\u00bbimg.hovertext {|| position: relative;||width: 250px;|| }|| ||img.hovertext:after {|| content: attr(title);|| position: absolute;|| left: 25px;|| bottom: 25px;|| padding: 20px;|| background: rgba(0,0,0,0.5);|| color: #fff;|| opacity: 0;|| -webkit-transition: 0.5s;|| -moz-transition: 0.5s;|| -o-transition: 0.5s;|| -ms-transition: 0.5s;|| }|| ||img.hovertext:hover:after {|| opacity: 1.0;|| }||box-shadow: 3px 3px 3px #7C7C7C;\u00a0\u00bb saved_tabs=\u00a0\u00bball\u00a0\u00bb title_text=\u00a0\u00bbIntroduire ici la l\u00e9gende de l&rsquo;image\u00a0\u00bb]<\/p>\n<p>&nbsp;<\/p>\n<p>[\/et_pb_image][et_pb_image admin_label=\u00a0\u00bbImage\u00a0\u00bb src=\u00a0\u00bbhttps:\/\/www.coeurssansfrontieres.com\/wp-content\/uploads\/2017\/12\/N\u00b05-a.jpg\u00a0\u00bb show_in_lightbox=\u00a0\u00bbon\u00a0\u00bb url_new_window=\u00a0\u00bboff\u00a0\u00bb use_overlay=\u00a0\u00bbon\u00a0\u00bb hover_icon=\u00a0\u00bb%%52%%\u00a0\u00bb animation=\u00a0\u00bboff\u00a0\u00bb sticky=\u00a0\u00bboff\u00a0\u00bb align=\u00a0\u00bbcenter\u00a0\u00bb max_width=\u00a0\u00bb250px\u00a0\u00bb force_fullwidth=\u00a0\u00bbon\u00a0\u00bb always_center_on_mobile=\u00a0\u00bbon\u00a0\u00bb use_border_color=\u00a0\u00bboff\u00a0\u00bb border_color=\u00a0\u00bb#ffffff\u00a0\u00bb border_style=\u00a0\u00bbsolid\u00a0\u00bb custom_css_main_element=\u00a0\u00bbimg.hovertext {|| position: relative;||width: 250px;|| }|| ||img.hovertext:after {|| content: attr(title);|| position: absolute;|| left: 25px;|| bottom: 25px;|| padding: 20px;|| background: rgba(0,0,0,0.5);|| color: #fff;|| opacity: 0;|| -webkit-transition: 0.5s;|| -moz-transition: 0.5s;|| -o-transition: 0.5s;|| -ms-transition: 0.5s;|| }|| ||img.hovertext:hover:after {|| opacity: 1.0;|| }||box-shadow: 3px 3px 3px #7C7C7C;\u00a0\u00bb saved_tabs=\u00a0\u00bball\u00a0\u00bb title_text=\u00a0\u00bbIntroduire ici la l\u00e9gende de l&rsquo;image\u00a0\u00bb]<\/p>\n<p>&nbsp;<\/p>\n<p>[\/et_pb_image][et_pb_image admin_label=\u00a0\u00bbImage\u00a0\u00bb src=\u00a0\u00bbhttps:\/\/www.coeurssansfrontieres.com\/wp-content\/uploads\/2017\/12\/N\u00b05-c.jpg\u00a0\u00bb show_in_lightbox=\u00a0\u00bbon\u00a0\u00bb url_new_window=\u00a0\u00bboff\u00a0\u00bb use_overlay=\u00a0\u00bbon\u00a0\u00bb hover_icon=\u00a0\u00bb%%52%%\u00a0\u00bb animation=\u00a0\u00bboff\u00a0\u00bb sticky=\u00a0\u00bboff\u00a0\u00bb align=\u00a0\u00bbcenter\u00a0\u00bb max_width=\u00a0\u00bb250px\u00a0\u00bb force_fullwidth=\u00a0\u00bbon\u00a0\u00bb always_center_on_mobile=\u00a0\u00bbon\u00a0\u00bb use_border_color=\u00a0\u00bboff\u00a0\u00bb border_color=\u00a0\u00bb#ffffff\u00a0\u00bb border_style=\u00a0\u00bbsolid\u00a0\u00bb custom_css_main_element=\u00a0\u00bbimg.hovertext {|| position: relative;||width: 250px;|| }|| ||img.hovertext:after {|| content: attr(title);|| position: absolute;|| left: 25px;|| bottom: 25px;|| padding: 20px;|| background: rgba(0,0,0,0.5);|| color: #fff;|| opacity: 0;|| -webkit-transition: 0.5s;|| -moz-transition: 0.5s;|| -o-transition: 0.5s;|| -ms-transition: 0.5s;|| }|| ||img.hovertext:hover:after {|| opacity: 1.0;|| }||box-shadow: 3px 3px 3px #7C7C7C;\u00a0\u00bb saved_tabs=\u00a0\u00bball\u00a0\u00bb title_text=\u00a0\u00bbIntroduire ici la l\u00e9gende de l&rsquo;image\u00a0\u00bb]<\/p>\n<p>&nbsp;<\/p>\n<p>[\/et_pb_image][et_pb_image admin_label=\u00a0\u00bbImage\u00a0\u00bb src=\u00a0\u00bbhttps:\/\/www.coeurssansfrontieres.com\/wp-content\/uploads\/2017\/12\/frferes.jpg\u00a0\u00bb show_in_lightbox=\u00a0\u00bbon\u00a0\u00bb url_new_window=\u00a0\u00bboff\u00a0\u00bb use_overlay=\u00a0\u00bbon\u00a0\u00bb hover_icon=\u00a0\u00bb%%52%%\u00a0\u00bb animation=\u00a0\u00bboff\u00a0\u00bb sticky=\u00a0\u00bboff\u00a0\u00bb align=\u00a0\u00bbcenter\u00a0\u00bb max_width=\u00a0\u00bb250px\u00a0\u00bb force_fullwidth=\u00a0\u00bbon\u00a0\u00bb always_center_on_mobile=\u00a0\u00bbon\u00a0\u00bb use_border_color=\u00a0\u00bboff\u00a0\u00bb border_color=\u00a0\u00bb#ffffff\u00a0\u00bb border_style=\u00a0\u00bbsolid\u00a0\u00bb custom_css_main_element=\u00a0\u00bbimg.hovertext {|| position: relative;||width: 250px;|| }|| ||img.hovertext:after {|| content: attr(title);|| position: absolute;|| left: 25px;|| bottom: 25px;|| padding: 20px;|| background: rgba(0,0,0,0.5);|| color: #fff;|| opacity: 0;|| -webkit-transition: 0.5s;|| -moz-transition: 0.5s;|| -o-transition: 0.5s;|| -ms-transition: 0.5s;|| }|| ||img.hovertext:hover:after {|| opacity: 1.0;|| }||box-shadow: 3px 3px 3px #7C7C7C;\u00a0\u00bb saved_tabs=\u00a0\u00bball\u00a0\u00bb title_text=\u00a0\u00bbIntroduire ici la l\u00e9gende de l&rsquo;image\u00a0\u00bb]<\/p>\n<p>&nbsp;<\/p>\n<p>[\/et_pb_image][\/et_pb_column][et_pb_column type=\u00a0\u00bb1_2&Prime;][et_pb_text admin_label=\u00a0\u00bbTexte\u00a0\u00bb background_layout=\u00a0\u00bblight\u00a0\u00bb text_orientation=\u00a0\u00bbleft\u00a0\u00bb header_text_color=\u00a0\u00bb#d529d8&Prime; use_border_color=\u00a0\u00bboff\u00a0\u00bb border_color=\u00a0\u00bb#ffffff\u00a0\u00bb border_style=\u00a0\u00bbsolid\u00a0\u00bb]<\/p>\n<h2 style=\"text-align: center;\"><strong>Bernard LECOMTE<\/strong><\/h2>\n<p>[\/et_pb_text][et_pb_text admin_label=\u00a0\u00bbTexte\u00a0\u00bb background_layout=\u00a0\u00bblight\u00a0\u00bb text_orientation=\u00a0\u00bbleft\u00a0\u00bb use_border_color=\u00a0\u00bboff\u00a0\u00bb border_color=\u00a0\u00bb#ffffff\u00a0\u00bb border_style=\u00a0\u00bbsolid\u00a0\u00bb text_font_size=\u00a0\u00bb11&Prime; text_line_height=\u00a0\u00bb1.4em\u00a0\u00bb]<\/p>\n<h3 style=\"text-align: center;\"><strong>D\u00e9cembre 2013<\/strong><\/h3>\n<p><b>u<\/b>ne personne qui nous voulait sans doute le plus grand bien, nous d\u00e9voile un secret que lui avait confi\u00e9 mon p\u00e8re, \u00e0 savoir qu\u2019il aurait eu 1 ou 2 enfants durant sa p\u00e9riode STO en Allemagne entre 1942 et 1945.<\/p>\n<p>Des photos de LEIPZIG trouv\u00e9es lors d\u2019un d\u00e9m\u00e9nagement, nous am\u00e8ne \u00e0 prendre cette info au s\u00e9rieux.<\/p>\n<p>Nous contactons\u00a0\u00ab\u00a0<strong>C\u0152URS SANS FRONTIERES<\/strong>\u00bb qui nous apporte des conseils et des pistes administratives pour nos recherches.<\/p>\n<p>Chantal LEQUENTREC contacte pour nous un couple adh\u00e9rent CSF \u00e0 LEIPZIG.<\/p>\n<h3 style=\"text-align: center;\"><strong>Septembre 2014<\/strong><\/h3>\n<p><strong>Septembre 2014<\/strong>, n\u2019ayant ni nom, ni adresse, nous partons avec nos photos pour un premier voyage \u00e0 l\u2019est de l\u2019Allemagne ex RDA, en faisant une halte \u00e0 BAD ALROSEN, organisation exemplaire qui nous a tr\u00e8s bien re\u00e7us (mon p\u00e8re est\u00a0: inconnu), les STO sont des inconnus et n\u2019int\u00e9ressent personne ni ici ni l\u00e0-bas.<strong>\u00a0<\/strong><\/p>\n<p>Aucune recherche n\u2019a pu aboutir, n\u00e9anmoins nous nous satisfaisons des contacts chaleureux obtenus sur place\u00a0ainsi que des aides pr\u00e9cieuses:<\/p>\n<ul>\n<li>De la part de Lutz et Monica, adh\u00e9rents \u00e0 CSF<\/li>\n<li>Egalement des dirigeantes ANNE et ANJA de l\u2019association SWANGARBEITER, int\u00e9ress\u00e9es par notre recherche et qui ont scann\u00e9 toutes nos photos.<\/li>\n<li>Et d\u2019avoir trouv\u00e9 les lieux m\u00eames repr\u00e9sent\u00e9s sur nos photos, h\u00f4tel, lac, piste de danse, \u00e9glise, plage et gare de chemin de fer du retour en 1945.<\/li>\n<\/ul>\n<p>Nous progressons dans nos t\u00eates\u2026<\/p>\n<p><strong>\u00a0<\/strong><\/p>\n<h3 style=\"text-align: center;\"><strong>\u00a0Avril 2015<\/strong><\/h3>\n<p><strong>Avril 2015<\/strong>, le 70<sup>\u00e8me<\/sup> anniversaire de la lib\u00e9ration fait l\u2019objet \u00e0 Leipzig d\u2019une comm\u00e9moration, \u00e0 laquelle nous participons avec d\u2019autres membres de CSF France.<\/p>\n<p>Gr\u00e2ce \u00e0 notre ami Michael Martin qui avait pris contact avec un journaliste couvrant l\u2019anniversaire de la lib\u00e9ration, un article de presse est publi\u00e9 le <strong>14 avril 2015<\/strong>, dans le LVZ de Leipzig, y f\u00fbt jointe une de nos photos prises par mon p\u00e8re en compagnie de 5 femmes sur une plage.<\/p>\n<p>Le 24 avril, j\u2019ai l\u2019honneur de faire un discours devant diverses personnalit\u00e9s locales et religieuses, la t\u00e9l\u00e9vision est pr\u00e9sente, je me pr\u00eate \u00e0 une interview qui sera diffus\u00e9e au journal t\u00e9l\u00e9vis\u00e9 du 27 avril.<\/p>\n<p>Un monsieur nomm\u00e9 KLAUS REICHENBACH se pr\u00e9sente \u00e0 moi, il a reconnu sa maman sur la photo du journal. Il ne poss\u00e8de parait-il de sa maman qu\u2019une photo d\u2019identit\u00e9, nous poss\u00e9dons nous d\u2019autres clich\u00e9s, probablement vex\u00e9, il s\u2019\u00e9clipse rapidement, dans la pr\u00e9cipitation son \u00e9pouse communique \u00e0 ma femme une adresse mail.<\/p>\n<p>Nous\u00a0 correspondons \u00e0 trois reprises par internet puis\u00a0 ce monsieur nous indique avec fermet\u00e9 qu\u2019il ne veut plus communiquer.<\/p>\n<h3 style=\"text-align: center;\"><strong>\u00a0Fin d\u2019ann\u00e9e 2015<\/strong><\/h3>\n<p><strong>Fin d\u2019ann\u00e9e 2015<\/strong> je suis contact\u00e9 par des r\u00e9alisateurs d\u2019\u00e9mission de t\u00e9l\u00e9vision du type (perdu de vue en France) qui souhaitent \u00a0me rencontrer. Dans un premier temps \u00a0nous leur communiquons un dossier complet.<\/p>\n<h3 style=\"text-align: center;\"><strong>Ao\u00fbt 2016<\/strong><\/h3>\n<p><strong>Ao\u00fbt 2016<\/strong>, je re\u00e7ois un courrier d\u2019un monsieur habitant Leipzig qui a reconnu sa maman \u00a0(en blanc) sur une photo lors de sa visite du site internet cr\u00e9e \u00e0 mon intention par la t\u00e9l\u00e9vision allemande et qui raconte ma recherche avec texte et photos.<\/p>\n<p>L\u2019espoir renait\u00a0!<\/p>\n<h3 style=\"text-align: center;\"><strong>Novembre 2016<\/strong><\/h3>\n<p><strong>Novembre 2016, <\/strong>troisi\u00e8me s\u00e9jour \u00e0 LEIPZIG, nous faisons connaissance avec JURGEN et GABI RICHTER, gr\u00e2ce \u00e0 Michael Martin qui, apr\u00e8s de nombreux \u00e9changes \u00e9crits et verbaux a organis\u00e9 cette rencontre.<\/p>\n<p>Nous d\u00e9couvrons chez eux, un couple sensible et sympathique, nous partageons nos \u00e9motions et le pass\u00e9 d\u2019enfant de STO de JURGEN, montr\u00e9 du doigt \u00e0 l\u2019\u00e9cole, trait\u00e9 de \u00ab\u00a0petit fran\u00e7ais\u00a0\u00bb (une enfance difficile). Nous\u00a0 nous voyons tous les jours durant notre s\u00e9jour, nous ressentons la souffrance et l\u2019espoir d\u2019un d\u00e9nouement heureux.<\/p>\n<p>Le voyage nous permettra de rendre une visite amicale \u00e0 Lutz et Monica qui s\u2019\u00e9taient impliqu\u00e9s dans cette affaire\u00a0; et de revoir nos amies ANJA et ANNE du SWANGARBEITER afin de les informer de nos d\u00e9marches.<\/p>\n<p style=\"text-align: center;\"><strong>l\u2019amiti\u00e9 nait\u00a0! <\/strong>Notre \u00a0 \u00e9motion est palpable.<\/p>\n<h3 style=\"text-align: center;\"><strong>D\u00e9cembre 2016<\/strong><\/h3>\n<p>Afin d\u2019\u00e9viter tout doute sur notre fratrie, nous proc\u00e9dons en d\u00e9cembre 2016 \u00e0 un test ADN commun, d\u00e9marche compliqu\u00e9e en France, nous y parvenons n\u00e9anmoins.<br \/>\nLe r\u00e9sultat positif \u00e0 25% n\u2019est pas suffisant pour conclure \u00e0 un lien familial.<\/p>\n<p>C\u2019est l\u2019effondrement le plus total pour cette famille, enfants et petits enfants inclus\u2026nous les consolons comme on peut.<\/p>\n<p>Pour moi, vous le croirez ou pas, <strong>c\u2019est un bonheur inattendu.<\/strong><\/p>\n<p>Mon p\u00e8re et la maman de JURGEN si proches sur la photo\u2026, auraient-ils imagin\u00e9 dans cette p\u00e9riode de guerre \u00a0que leurs enfants respectifs se retrouveraient, 70 ans plus tard, s\u2019appr\u00e9cieraient et faute d\u2019\u00eatre demi-fr\u00e8re seraient plein d\u2019amiti\u00e9 l\u2019un pour l\u2019autre.<\/p>\n<p>Dommage que KLAUS REICHENBACH\u00a0 ait d\u00e9clin\u00e9 brutalement les \u00e9changes, il aurait pu et du faire partie de ces retrouvailles.<\/p>\n<h3 style=\"text-align: center;\"><strong>Ne d\u00e9sesp\u00e9rons pas. Tout peut arriver.<\/strong><\/h3>\n<p style=\"text-align: center;\">Je remercie tous ceux qui m\u2019 ont aid\u00e9,<br \/>\nCHANTAL, JOEL, LUTZ et MONICA pour CSF,<\/p>\n<p style=\"text-align: center;\">ANNE et ANJA du ZWANGARBEITER,<\/p>\n<p style=\"text-align: center;\">Mme le maire adjointe \u00e0 la culture de la ville de LEIPZIG,<\/p>\n<p style=\"text-align: center;\">nos amis JURGEN et GABI,<\/p>\n<p style=\"text-align: center;\">mais aussi avec force MICHAEL MARTIN et sa femme GABY<\/p>\n<p style=\"text-align: center;\">ainsi que mon \u00e9pouse Marceline.<\/p>\n<p>[\/et_pb_text][\/et_pb_column][et_pb_column type=\u00a0\u00bb1_4&Prime;][et_pb_image admin_label=\u00a0\u00bbImage\u00a0\u00bb src=\u00a0\u00bbhttps:\/\/www.coeurssansfrontieres.com\/wp-content\/uploads\/2017\/09\/ag-ombre.png\u00a0\u00bb show_in_lightbox=\u00a0\u00bboff\u00a0\u00bb url_new_window=\u00a0\u00bboff\u00a0\u00bb use_overlay=\u00a0\u00bboff\u00a0\u00bb animation=\u00a0\u00bboff\u00a0\u00bb sticky=\u00a0\u00bbon\u00a0\u00bb align=\u00a0\u00bbcenter\u00a0\u00bb max_width=\u00a0\u00bb50px\u00a0\u00bb force_fullwidth=\u00a0\u00bboff\u00a0\u00bb always_center_on_mobile=\u00a0\u00bbon\u00a0\u00bb use_border_color=\u00a0\u00bboff\u00a0\u00bb border_color=\u00a0\u00bb#ffffff\u00a0\u00bb border_style=\u00a0\u00bbsolid\u00a0\u00bb custom_margin=\u00a0\u00bb25px|||\u00a0\u00bb]<\/p>\n<p>&nbsp;<\/p>\n<p>[\/et_pb_image][et_pb_search admin_label=\u00a0\u00bbChercher\u00a0\u00bb background_layout=\u00a0\u00bblight\u00a0\u00bb text_orientation=\u00a0\u00bbleft\u00a0\u00bb exclude_pages=\u00a0\u00bbon\u00a0\u00bb exclude_posts=\u00a0\u00bboff\u00a0\u00bb include_categories=\u00a0\u00bb183,236,212,227,180,214,162,170,202,231,229,208,1,161,159,160,158,149,168,154,28,66,163,22&Prime; hide_button=\u00a0\u00bboff\u00a0\u00bb placeholder=\u00a0\u00bbRechercher\u00a0\u00bb button_color=\u00a0\u00bb#a61abf\u00a0\u00bb input_font_size=\u00a0\u00bb11&Prime; button_font=\u00a0\u00bb|on|||\u00a0\u00bb button_line_height=\u00a0\u00bb2em\u00a0\u00bb button_font_size=\u00a0\u00bb11&Prime; input_line_height=\u00a0\u00bb2em\u00a0\u00bb custom_css_main_element=\u00a0\u00bbbox-shadow: 6px 6px 6px #7C7C7C;\u00a0\u00bb]<\/p>\n<p>&nbsp;<\/p>\n<p>[\/et_pb_search][et_pb_sidebar admin_label=\u00a0\u00bbBL Rencontre annuelle\u00a0\u00bb orientation=\u00a0\u00bbright\u00a0\u00bb area=\u00a0\u00bbet_pb_widget_area_53&Prime; background_layout=\u00a0\u00bblight\u00a0\u00bb remove_border=\u00a0\u00bboff\u00a0\u00bb header_font=\u00a0\u00bb|on|||\u00a0\u00bb body_line_height=\u00a0\u00bb2em\u00a0\u00bb]<\/p>\n<p>&nbsp;<\/p>\n<p>[\/et_pb_sidebar][\/et_pb_column][\/et_pb_row][\/et_pb_section]<\/p>\n","protected":false},"excerpt":{"rendered":"<p>&nbsp; Vid\u00e9o de l&rsquo;expos\u00e9 de Bernard Lecomte \u00e0 la r\u00e9union annuelle se CSF\/HOG le 18 novembre 2017 : &nbsp; &nbsp; &nbsp; &nbsp; &nbsp; &nbsp; &nbsp; &nbsp; &nbsp; &nbsp; Bernard LECOMTE D\u00e9cembre 2013 une personne qui nous voulait sans doute le plus grand bien, nous d\u00e9voile un secret que lui avait confi\u00e9 mon p\u00e8re, \u00e0 savoir [&hellip;]<\/p>\n","protected":false},"author":249,"featured_media":8132,"comment_status":"closed","ping_status":"closed","sticky":false,"template":"","format":"standard","meta":{"_et_pb_use_builder":"on","_et_pb_old_content":"","_et_gb_content_width":"","footnotes":""},"categories":[251,159,210,28,13],"tags":[],"class_list":["post-8127","post","type-post","status-publish","format-standard","has-post-thumbnail","hentry","category-pagedaccueil","category-recherches","category-rencontres-annuelles","category-retrouvailles","category-vie-de-lassociation"],"yoast_head":"<!-- This site is optimized with the Yoast SEO plugin v27.5 - https:\/\/yoast.com\/product\/yoast-seo-wordpress\/ -->\n<title>Bernard Lecomte 18 11 2017 - CSF - HOG<\/title>\n<meta name=\"robots\" content=\"index, follow, max-snippet:-1, max-image-preview:large, max-video-preview:-1\" \/>\n<link rel=\"canonical\" href=\"https:\/\/www.coeurssansfrontieres.com\/fr\/vie-de-lassociation\/rencontres-annuelles\/lecomte20171118\/\" \/>\n<meta property=\"og:locale\" content=\"fr_FR\" \/>\n<meta property=\"og:type\" content=\"article\" \/>\n<meta property=\"og:title\" content=\"Bernard Lecomte 18 11 2017 - CSF - HOG\" \/>\n<meta property=\"og:description\" content=\"&nbsp; Vid\u00e9o de l&#039;expos\u00e9 de Bernard Lecomte \u00e0 la r\u00e9union annuelle se CSF\/HOG le 18 novembre 2017 : &nbsp; &nbsp; &nbsp; &nbsp; &nbsp; &nbsp; &nbsp; &nbsp; &nbsp; &nbsp; Bernard LECOMTE D\u00e9cembre 2013 une personne qui nous voulait sans doute le plus grand bien, nous d\u00e9voile un secret que lui avait confi\u00e9 mon p\u00e8re, \u00e0 savoir [&hellip;]\" \/>\n<meta property=\"og:url\" content=\"https:\/\/www.coeurssansfrontieres.com\/fr\/vie-de-lassociation\/rencontres-annuelles\/lecomte20171118\/\" \/>\n<meta property=\"og:site_name\" content=\"CSF - HOG\" \/>\n<meta property=\"article:published_time\" content=\"2017-12-06T17:07:45+00:00\" \/>\n<meta property=\"article:modified_time\" content=\"2019-03-03T17:09:37+00:00\" \/>\n<meta property=\"og:image\" content=\"https:\/\/www.coeurssansfrontieres.com\/wp-content\/uploads\/2017\/12\/frferes.jpg\" \/>\n\t<meta property=\"og:image:width\" content=\"644\" \/>\n\t<meta property=\"og:image:height\" content=\"442\" \/>\n\t<meta property=\"og:image:type\" content=\"image\/jpeg\" \/>\n<meta name=\"author\" content=\"GOFFIN Alexandre\" \/>\n<meta name=\"twitter:card\" content=\"summary_large_image\" \/>\n<meta name=\"twitter:label1\" content=\"\u00c9crit par\" \/>\n\t<meta name=\"twitter:data1\" content=\"GOFFIN Alexandre\" \/>\n\t<meta name=\"twitter:label2\" content=\"Dur\u00e9e de lecture estim\u00e9e\" \/>\n\t<meta name=\"twitter:data2\" content=\"12 minutes\" \/>\n<script type=\"application\/ld+json\" class=\"yoast-schema-graph\">{\"@context\":\"https:\\\/\\\/schema.org\",\"@graph\":[{\"@type\":\"Article\",\"@id\":\"https:\\\/\\\/www.coeurssansfrontieres.com\\\/fr\\\/vie-de-lassociation\\\/rencontres-annuelles\\\/lecomte20171118\\\/#article\",\"isPartOf\":{\"@id\":\"https:\\\/\\\/www.coeurssansfrontieres.com\\\/fr\\\/vie-de-lassociation\\\/rencontres-annuelles\\\/lecomte20171118\\\/\"},\"author\":{\"name\":\"GOFFIN Alexandre\",\"@id\":\"https:\\\/\\\/www.coeurssansfrontieres.com\\\/fr\\\/#\\\/schema\\\/person\\\/19507754554eb5218427fc31038cac56\"},\"headline\":\"Bernard Lecomte 18 11 2017\",\"datePublished\":\"2017-12-06T17:07:45+00:00\",\"dateModified\":\"2019-03-03T17:09:37+00:00\",\"mainEntityOfPage\":{\"@id\":\"https:\\\/\\\/www.coeurssansfrontieres.com\\\/fr\\\/vie-de-lassociation\\\/rencontres-annuelles\\\/lecomte20171118\\\/\"},\"wordCount\":2327,\"image\":{\"@id\":\"https:\\\/\\\/www.coeurssansfrontieres.com\\\/fr\\\/vie-de-lassociation\\\/rencontres-annuelles\\\/lecomte20171118\\\/#primaryimage\"},\"thumbnailUrl\":\"https:\\\/\\\/www.coeurssansfrontieres.com\\\/wp-content\\\/uploads\\\/2017\\\/12\\\/frferes.jpg\",\"articleSection\":[\"Page d'accueil\",\"Recherches\",\"Rencontres annuelles\",\"Retrouvailles\",\"Vie de l'Association\"],\"inLanguage\":\"fr-FR\"},{\"@type\":\"WebPage\",\"@id\":\"https:\\\/\\\/www.coeurssansfrontieres.com\\\/fr\\\/vie-de-lassociation\\\/rencontres-annuelles\\\/lecomte20171118\\\/\",\"url\":\"https:\\\/\\\/www.coeurssansfrontieres.com\\\/fr\\\/vie-de-lassociation\\\/rencontres-annuelles\\\/lecomte20171118\\\/\",\"name\":\"Bernard Lecomte 18 11 2017 - CSF - HOG\",\"isPartOf\":{\"@id\":\"https:\\\/\\\/www.coeurssansfrontieres.com\\\/fr\\\/#website\"},\"primaryImageOfPage\":{\"@id\":\"https:\\\/\\\/www.coeurssansfrontieres.com\\\/fr\\\/vie-de-lassociation\\\/rencontres-annuelles\\\/lecomte20171118\\\/#primaryimage\"},\"image\":{\"@id\":\"https:\\\/\\\/www.coeurssansfrontieres.com\\\/fr\\\/vie-de-lassociation\\\/rencontres-annuelles\\\/lecomte20171118\\\/#primaryimage\"},\"thumbnailUrl\":\"https:\\\/\\\/www.coeurssansfrontieres.com\\\/wp-content\\\/uploads\\\/2017\\\/12\\\/frferes.jpg\",\"datePublished\":\"2017-12-06T17:07:45+00:00\",\"dateModified\":\"2019-03-03T17:09:37+00:00\",\"author\":{\"@id\":\"https:\\\/\\\/www.coeurssansfrontieres.com\\\/fr\\\/#\\\/schema\\\/person\\\/19507754554eb5218427fc31038cac56\"},\"breadcrumb\":{\"@id\":\"https:\\\/\\\/www.coeurssansfrontieres.com\\\/fr\\\/vie-de-lassociation\\\/rencontres-annuelles\\\/lecomte20171118\\\/#breadcrumb\"},\"inLanguage\":\"fr-FR\",\"potentialAction\":[{\"@type\":\"ReadAction\",\"target\":[\"https:\\\/\\\/www.coeurssansfrontieres.com\\\/fr\\\/vie-de-lassociation\\\/rencontres-annuelles\\\/lecomte20171118\\\/\"]}]},{\"@type\":\"ImageObject\",\"inLanguage\":\"fr-FR\",\"@id\":\"https:\\\/\\\/www.coeurssansfrontieres.com\\\/fr\\\/vie-de-lassociation\\\/rencontres-annuelles\\\/lecomte20171118\\\/#primaryimage\",\"url\":\"https:\\\/\\\/www.coeurssansfrontieres.com\\\/wp-content\\\/uploads\\\/2017\\\/12\\\/frferes.jpg\",\"contentUrl\":\"https:\\\/\\\/www.coeurssansfrontieres.com\\\/wp-content\\\/uploads\\\/2017\\\/12\\\/frferes.jpg\",\"width\":644,\"height\":442},{\"@type\":\"BreadcrumbList\",\"@id\":\"https:\\\/\\\/www.coeurssansfrontieres.com\\\/fr\\\/vie-de-lassociation\\\/rencontres-annuelles\\\/lecomte20171118\\\/#breadcrumb\",\"itemListElement\":[{\"@type\":\"ListItem\",\"position\":1,\"name\":\"Accueil\",\"item\":\"https:\\\/\\\/www.coeurssansfrontieres.com\\\/fr\\\/\"},{\"@type\":\"ListItem\",\"position\":2,\"name\":\"Bernard Lecomte 18 11 2017\"}]},{\"@type\":\"WebSite\",\"@id\":\"https:\\\/\\\/www.coeurssansfrontieres.com\\\/fr\\\/#website\",\"url\":\"https:\\\/\\\/www.coeurssansfrontieres.com\\\/fr\\\/\",\"name\":\"C\u0153urs sans fronti\u00e8res\",\"description\":\"Association franco-allemande des Enfants de la Seconde Guerre Mondiale\",\"potentialAction\":[{\"@type\":\"SearchAction\",\"target\":{\"@type\":\"EntryPoint\",\"urlTemplate\":\"https:\\\/\\\/www.coeurssansfrontieres.com\\\/fr\\\/?s={search_term_string}\"},\"query-input\":{\"@type\":\"PropertyValueSpecification\",\"valueRequired\":true,\"valueName\":\"search_term_string\"}}],\"inLanguage\":\"fr-FR\"},{\"@type\":\"Person\",\"@id\":\"https:\\\/\\\/www.coeurssansfrontieres.com\\\/fr\\\/#\\\/schema\\\/person\\\/19507754554eb5218427fc31038cac56\",\"name\":\"GOFFIN Alexandre\"}]}<\/script>\n<!-- \/ Yoast SEO plugin. -->","yoast_head_json":{"title":"Bernard Lecomte 18 11 2017 - CSF - HOG","robots":{"index":"index","follow":"follow","max-snippet":"max-snippet:-1","max-image-preview":"max-image-preview:large","max-video-preview":"max-video-preview:-1"},"canonical":"https:\/\/www.coeurssansfrontieres.com\/fr\/vie-de-lassociation\/rencontres-annuelles\/lecomte20171118\/","og_locale":"fr_FR","og_type":"article","og_title":"Bernard Lecomte 18 11 2017 - CSF - HOG","og_description":"&nbsp; Vid\u00e9o de l'expos\u00e9 de Bernard Lecomte \u00e0 la r\u00e9union annuelle se CSF\/HOG le 18 novembre 2017 : &nbsp; &nbsp; &nbsp; &nbsp; &nbsp; &nbsp; &nbsp; &nbsp; &nbsp; &nbsp; Bernard LECOMTE D\u00e9cembre 2013 une personne qui nous voulait sans doute le plus grand bien, nous d\u00e9voile un secret que lui avait confi\u00e9 mon p\u00e8re, \u00e0 savoir [&hellip;]","og_url":"https:\/\/www.coeurssansfrontieres.com\/fr\/vie-de-lassociation\/rencontres-annuelles\/lecomte20171118\/","og_site_name":"CSF - HOG","article_published_time":"2017-12-06T17:07:45+00:00","article_modified_time":"2019-03-03T17:09:37+00:00","og_image":[{"width":644,"height":442,"url":"https:\/\/www.coeurssansfrontieres.com\/wp-content\/uploads\/2017\/12\/frferes.jpg","type":"image\/jpeg"}],"author":"GOFFIN Alexandre","twitter_card":"summary_large_image","twitter_misc":{"\u00c9crit par":"GOFFIN Alexandre","Dur\u00e9e de lecture estim\u00e9e":"12 minutes"},"schema":{"@context":"https:\/\/schema.org","@graph":[{"@type":"Article","@id":"https:\/\/www.coeurssansfrontieres.com\/fr\/vie-de-lassociation\/rencontres-annuelles\/lecomte20171118\/#article","isPartOf":{"@id":"https:\/\/www.coeurssansfrontieres.com\/fr\/vie-de-lassociation\/rencontres-annuelles\/lecomte20171118\/"},"author":{"name":"GOFFIN Alexandre","@id":"https:\/\/www.coeurssansfrontieres.com\/fr\/#\/schema\/person\/19507754554eb5218427fc31038cac56"},"headline":"Bernard Lecomte 18 11 2017","datePublished":"2017-12-06T17:07:45+00:00","dateModified":"2019-03-03T17:09:37+00:00","mainEntityOfPage":{"@id":"https:\/\/www.coeurssansfrontieres.com\/fr\/vie-de-lassociation\/rencontres-annuelles\/lecomte20171118\/"},"wordCount":2327,"image":{"@id":"https:\/\/www.coeurssansfrontieres.com\/fr\/vie-de-lassociation\/rencontres-annuelles\/lecomte20171118\/#primaryimage"},"thumbnailUrl":"https:\/\/www.coeurssansfrontieres.com\/wp-content\/uploads\/2017\/12\/frferes.jpg","articleSection":["Page d'accueil","Recherches","Rencontres annuelles","Retrouvailles","Vie de l'Association"],"inLanguage":"fr-FR"},{"@type":"WebPage","@id":"https:\/\/www.coeurssansfrontieres.com\/fr\/vie-de-lassociation\/rencontres-annuelles\/lecomte20171118\/","url":"https:\/\/www.coeurssansfrontieres.com\/fr\/vie-de-lassociation\/rencontres-annuelles\/lecomte20171118\/","name":"Bernard Lecomte 18 11 2017 - CSF - HOG","isPartOf":{"@id":"https:\/\/www.coeurssansfrontieres.com\/fr\/#website"},"primaryImageOfPage":{"@id":"https:\/\/www.coeurssansfrontieres.com\/fr\/vie-de-lassociation\/rencontres-annuelles\/lecomte20171118\/#primaryimage"},"image":{"@id":"https:\/\/www.coeurssansfrontieres.com\/fr\/vie-de-lassociation\/rencontres-annuelles\/lecomte20171118\/#primaryimage"},"thumbnailUrl":"https:\/\/www.coeurssansfrontieres.com\/wp-content\/uploads\/2017\/12\/frferes.jpg","datePublished":"2017-12-06T17:07:45+00:00","dateModified":"2019-03-03T17:09:37+00:00","author":{"@id":"https:\/\/www.coeurssansfrontieres.com\/fr\/#\/schema\/person\/19507754554eb5218427fc31038cac56"},"breadcrumb":{"@id":"https:\/\/www.coeurssansfrontieres.com\/fr\/vie-de-lassociation\/rencontres-annuelles\/lecomte20171118\/#breadcrumb"},"inLanguage":"fr-FR","potentialAction":[{"@type":"ReadAction","target":["https:\/\/www.coeurssansfrontieres.com\/fr\/vie-de-lassociation\/rencontres-annuelles\/lecomte20171118\/"]}]},{"@type":"ImageObject","inLanguage":"fr-FR","@id":"https:\/\/www.coeurssansfrontieres.com\/fr\/vie-de-lassociation\/rencontres-annuelles\/lecomte20171118\/#primaryimage","url":"https:\/\/www.coeurssansfrontieres.com\/wp-content\/uploads\/2017\/12\/frferes.jpg","contentUrl":"https:\/\/www.coeurssansfrontieres.com\/wp-content\/uploads\/2017\/12\/frferes.jpg","width":644,"height":442},{"@type":"BreadcrumbList","@id":"https:\/\/www.coeurssansfrontieres.com\/fr\/vie-de-lassociation\/rencontres-annuelles\/lecomte20171118\/#breadcrumb","itemListElement":[{"@type":"ListItem","position":1,"name":"Accueil","item":"https:\/\/www.coeurssansfrontieres.com\/fr\/"},{"@type":"ListItem","position":2,"name":"Bernard Lecomte 18 11 2017"}]},{"@type":"WebSite","@id":"https:\/\/www.coeurssansfrontieres.com\/fr\/#website","url":"https:\/\/www.coeurssansfrontieres.com\/fr\/","name":"C\u0153urs sans fronti\u00e8res","description":"Association franco-allemande des Enfants de la Seconde Guerre Mondiale","potentialAction":[{"@type":"SearchAction","target":{"@type":"EntryPoint","urlTemplate":"https:\/\/www.coeurssansfrontieres.com\/fr\/?s={search_term_string}"},"query-input":{"@type":"PropertyValueSpecification","valueRequired":true,"valueName":"search_term_string"}}],"inLanguage":"fr-FR"},{"@type":"Person","@id":"https:\/\/www.coeurssansfrontieres.com\/fr\/#\/schema\/person\/19507754554eb5218427fc31038cac56","name":"GOFFIN Alexandre"}]}},"_links":{"self":[{"href":"https:\/\/www.coeurssansfrontieres.com\/fr\/wp-json\/wp\/v2\/posts\/8127","targetHints":{"allow":["GET"]}}],"collection":[{"href":"https:\/\/www.coeurssansfrontieres.com\/fr\/wp-json\/wp\/v2\/posts"}],"about":[{"href":"https:\/\/www.coeurssansfrontieres.com\/fr\/wp-json\/wp\/v2\/types\/post"}],"author":[{"embeddable":true,"href":"https:\/\/www.coeurssansfrontieres.com\/fr\/wp-json\/wp\/v2\/users\/249"}],"replies":[{"embeddable":true,"href":"https:\/\/www.coeurssansfrontieres.com\/fr\/wp-json\/wp\/v2\/comments?post=8127"}],"version-history":[{"count":0,"href":"https:\/\/www.coeurssansfrontieres.com\/fr\/wp-json\/wp\/v2\/posts\/8127\/revisions"}],"wp:featuredmedia":[{"embeddable":true,"href":"https:\/\/www.coeurssansfrontieres.com\/fr\/wp-json\/wp\/v2\/media\/8132"}],"wp:attachment":[{"href":"https:\/\/www.coeurssansfrontieres.com\/fr\/wp-json\/wp\/v2\/media?parent=8127"}],"wp:term":[{"taxonomy":"category","embeddable":true,"href":"https:\/\/www.coeurssansfrontieres.com\/fr\/wp-json\/wp\/v2\/categories?post=8127"},{"taxonomy":"post_tag","embeddable":true,"href":"https:\/\/www.coeurssansfrontieres.com\/fr\/wp-json\/wp\/v2\/tags?post=8127"}],"curies":[{"name":"wp","href":"https:\/\/api.w.org\/{rel}","templated":true}]}}