{"id":814,"date":"2013-08-23T12:16:27","date_gmt":"2013-08-23T10:16:27","guid":{"rendered":"http:\/\/www.coeurssansfrontieres.com\/zone-privee\/evenementiels-zone-privee\/dans-quelques-semaines-strasbourg\/"},"modified":"2017-10-11T17:47:46","modified_gmt":"2017-10-11T15:47:46","slug":"dans-quelques-semaines-strasbourg","status":"publish","type":"post","link":"https:\/\/www.coeurssansfrontieres.com\/fr\/vie-de-lassociation\/annoncesnouvelles\/dans-quelques-semaines-strasbourg\/","title":{"rendered":"Dans quelques semaines&#8230; Strasbourg !"},"content":{"rendered":"<p>[et_pb_section admin_label=\u00a0\u00bbsection\u00a0\u00bb][et_pb_row admin_label=\u00a0\u00bbrow\u00a0\u00bb][et_pb_column type=\u00a0\u00bb4_4&Prime;][et_pb_text admin_label=\u00a0\u00bbTexte\u00a0\u00bb]<\/p>\n<h3>Les vendredi 15 et samedi 16 novembre 2013, se tiendra, \u00e0 STRASBOURG, La 7\u00b0 Assembl\u00e9e g\u00e9n\u00e9rale de Coeurs sans fronti\u00e8res.<\/h3>\n<p>D\u00e8s le jeudi 14 dans l\u2019apr\u00e8s-midi, les premiers arrivants seront accueillis \u00e0 l\u2019H\u00f4tel PAX par des membres du Conseil d\u2019administration. Un accueil personnalis\u00e9 en gare SNCF est possible sur demande. Dans la soir\u00e9e, les participants pourront, selon leurs go\u00fbts, diner, \u00e0 l\u2019H\u00f4tel ou ailleurs, ensemble ou par groupes afin de faire connaissance ou de se retrouver en toute convivialit\u00e9 et toute libert\u00e9.<\/p>\n<p><img loading=\"lazy\" decoding=\"async\" class=\" size-full wp-image-810\" src=\"https:\/\/www.coeurssansfrontieres.com\/wp-content\/uploads\/2013\/08\/130820jt80c.jpg\" alt=\"130820JT80C.jpg\" width=\"520\" height=\"390\" border=\"1\" srcset=\"https:\/\/www.coeurssansfrontieres.com\/wp-content\/uploads\/2013\/08\/130820jt80c.jpg 520w, https:\/\/www.coeurssansfrontieres.com\/wp-content\/uploads\/2013\/08\/130820jt80c-480x360.jpg 480w\" sizes=\"(min-width: 0px) and (max-width: 480px) 480px, (min-width: 481px) 520px, 100vw\" \/><br \/>\n<strong>L&rsquo;Ill pr\u00e8s de l&rsquo;h\u00f4tel<\/strong><\/p>\n<p>Cette rencontre Franco-allemande 2013 constituera un moment symbolique d\u2019exception. En effet, pour la premi\u00e8re fois, notre association, dont les implications europ\u00e9ennes sont \u00e9videntes, sera re\u00e7ue, le vendredi 15 \u00e0 10h30 au Parlement europ\u00e9en par un d\u00e9put\u00e9 europ\u00e9en fran\u00e7ais !<\/p>\n<p><img loading=\"lazy\" decoding=\"async\" class=\" size-full wp-image-811\" src=\"https:\/\/www.coeurssansfrontieres.com\/wp-content\/uploads\/2013\/08\/130820jt80d.jpg\" alt=\"Parlement Europ\u00e9en\" width=\"520\" height=\"390\" border=\"1\" srcset=\"https:\/\/www.coeurssansfrontieres.com\/wp-content\/uploads\/2013\/08\/130820jt80d.jpg 520w, https:\/\/www.coeurssansfrontieres.com\/wp-content\/uploads\/2013\/08\/130820jt80d-480x360.jpg 480w\" sizes=\"(min-width: 0px) and (max-width: 480px) 480px, (min-width: 481px) 520px, 100vw\" \/><\/p>\n<p>Apr\u00e8s une visite guid\u00e9e et comment\u00e9e de deux heures de ce lieu mythique, notre groupe d\u00e9jeunera au restaurant self service de cette institution.<\/p>\n<p>Apr\u00e8s l\u2019incontournable photo du groupe devant le Parlement europ\u00e9en, nous nous dirigerons en tram vers le quartier de la Cath\u00e9drale pour une visite<\/p>\n<p>\u00e0 pied de quelques lieux et \u00e9difices remarquables charg\u00e9s d\u2019Histoire.<\/p>\n<p><img loading=\"lazy\" decoding=\"async\" class=\" size-full wp-image-812\" src=\"https:\/\/www.coeurssansfrontieres.com\/wp-content\/uploads\/2013\/08\/130820jt80a.jpg\" alt=\"Cath\u00e9drale de Strasbourg\" width=\"292\" height=\"520\" border=\"1\" srcset=\"https:\/\/www.coeurssansfrontieres.com\/wp-content\/uploads\/2013\/08\/130820jt80a.jpg 292w, https:\/\/www.coeurssansfrontieres.com\/wp-content\/uploads\/2013\/08\/130820jt80a-168x300.jpg 168w\" sizes=\"(max-width: 292px) 100vw, 292px\" \/><br \/>\n<strong>La cath\u00e9drale de Strasbourg<\/strong><\/p>\n<p><img loading=\"lazy\" decoding=\"async\" class=\" size-full wp-image-813\" src=\"https:\/\/www.coeurssansfrontieres.com\/wp-content\/uploads\/2013\/08\/130820jt80b.jpg\" alt=\"La maison Kammerzell\" width=\"389\" height=\"520\" border=\"1\" srcset=\"https:\/\/www.coeurssansfrontieres.com\/wp-content\/uploads\/2013\/08\/130820jt80b.jpg 389w, https:\/\/www.coeurssansfrontieres.com\/wp-content\/uploads\/2013\/08\/130820jt80b-224x300.jpg 224w\" sizes=\"(max-width: 389px) 100vw, 389px\" \/><br \/>\n<strong>La maison Kammerzell<br \/>\n<\/strong><\/p>\n<p>A journ\u00e9e exceptionnelle, soir\u00e9e particuli\u00e8re. Ce sera La soir\u00e9e Choucroute servie dans la tradition alsacienne dans un d\u00e9cor typique.<\/p>\n<p>A Strasbourg, \u00e0 la mi-novembre, c\u2019est de rigueur !<\/p>\n<p>Le samedi 16, en matin\u00e9e, se tiendra, \u00e0 l\u2019 H\u00f4tel Pax, dans la salle Albert Schweitzer, notre 7\u00b0 assembl\u00e9e g\u00e9n\u00e9rale. Cette salle, comme tout l\u2019h\u00f4tel, est d\u00e9cor\u00e9e selon un style alsacien tr\u00e8s attachant. L\u2019assembl\u00e9e g\u00e9n\u00e9rale se d\u00e9roulera donc dans une ambiance agr\u00e9able et la parole sera donn\u00e9e, le plus possible aux adh\u00e9rents.<\/p>\n<p>Actuellement, un certain nombre d\u2019adh\u00e9rents s\u2019est d\u00e9j\u00e0 inscrit. Pour le rejoindre, il suffit de retourner les deux fiches d\u2019inscription (h\u00e9bergement \u00e0 l\u2019h\u00f4tel et visite du Parlement)<\/p>\n<p>Pour ceux qui ne seraient plus en possession des fiches d\u2019inscription, merci de s\u2019adresser au Secr\u00e9taire-adjoint :<\/p>\n<p style=\"text-align: center; margin-left: auto; margin-right: auto;\"><span style=\"font-size: 14pt;\">Jean WILLEMIN <\/span><\/p>\n<p style=\"text-align: center; margin-left: auto; margin-right: auto;\"><span style=\"font-size: 14pt;\">64 Boulevard Wilson 39100 DOLE.<\/span><\/p>\n<p style=\"text-align: center; margin-left: auto; margin-right: auto;\"><a href=\"mailto:jwk.325@orange.fr\"><span style=\"color: #0000ff;\"><span style=\"font-size: 14pt;\">jwk.325@orange.fr<\/span><\/span><\/a><\/p>\n<p>Bien entendu, tous les adh\u00e9rents inscrits recevront en temps voulu, toutes les informations pour que cette Rencontre Franco-Allemande soit la plus agr\u00e9able possible.<\/p>\n<p>Alors, inscrivez-vous le plus t\u00f4t possible et avant le 28 ao\u00fbt 2013. Merci.<\/p>\n<p>[\/et_pb_text][\/et_pb_column][\/et_pb_row][\/et_pb_section]<\/p>\n","protected":false},"excerpt":{"rendered":"<p>Les vendredi 15 et samedi 16 novembre 2013, se tiendra, \u00e0 STRASBOURG, La 7\u00b0 Assembl\u00e9e g\u00e9n\u00e9rale de Coeurs sans fronti\u00e8res. D\u00e8s le jeudi 14 dans l\u2019apr\u00e8s-midi, les premiers arrivants seront accueillis \u00e0 l\u2019H\u00f4tel PAX par des membres du Conseil d\u2019administration. Un accueil personnalis\u00e9 en gare SNCF est possible sur demande. Dans la soir\u00e9e, les participants [&hellip;]<\/p>\n","protected":false},"author":249,"featured_media":810,"comment_status":"open","ping_status":"open","sticky":false,"template":"","format":"standard","meta":{"_et_pb_use_builder":"on","_et_pb_old_content":"<h3>Les vendredi 15 et samedi 16 novembre 2013, se tiendra, \u00e0 STRASBOURG, La 7\u00b0 Assembl\u00e9e g\u00e9n\u00e9rale de Coeurs sans fronti\u00e8res.<\/h3><p>D\u00e8s le jeudi 14 dans l\u2019apr\u00e8s-midi, les premiers arrivants seront accueillis \u00e0 l\u2019H\u00f4tel PAX par des membres du Conseil d\u2019administration. Un accueil personnalis\u00e9 en gare SNCF est possible sur demande. Dans la soir\u00e9e, les participants pourront, selon leurs go\u00fbts, diner, \u00e0 l\u2019H\u00f4tel ou ailleurs, ensemble ou par groupes afin de faire connaissance ou de se retrouver en toute convivialit\u00e9 et toute libert\u00e9.<\/p><p><br \/> <img class=\" size-full wp-image-810\" src=\"https:\/\/www.coeurssansfrontieres.com\/wp-content\/uploads\/2013\/08\/130820jt80c.jpg\" alt=\"130820JT80C.jpg\" width=\"520\" height=\"390\" border=\"1\" \/><br \/> <strong>L'Ill pr\u00e8s de l'h\u00f4tel<\/strong><\/p><p>Cette rencontre Franco-allemande 2013 constituera un moment symbolique d\u2019exception. En effet, pour la premi\u00e8re fois, notre association, dont les implications europ\u00e9ennes sont \u00e9videntes, sera re\u00e7ue, le vendredi 15 \u00e0 10h30 au Parlement europ\u00e9en par un d\u00e9put\u00e9 europ\u00e9en fran\u00e7ais !<\/p><p><br \/> <img class=\" size-full wp-image-811\" src=\"https:\/\/www.coeurssansfrontieres.com\/wp-content\/uploads\/2013\/08\/130820jt80d.jpg\" alt=\"Parlement Europ\u00e9en\" width=\"520\" height=\"390\" border=\"1\" \/><\/p><p>Apr\u00e8s une visite guid\u00e9e et comment\u00e9e de deux heures de ce lieu mythique, notre groupe d\u00e9jeunera au restaurant self service de cette institution.<\/p><p>Apr\u00e8s l\u2019incontournable photo du groupe devant le Parlement europ\u00e9en, nous nous dirigerons en tram vers le quartier de la Cath\u00e9drale pour une visite<\/p><p>\u00e0 pied de quelques lieux et \u00e9difices remarquables charg\u00e9s d\u2019Histoire.<\/p><p><br \/> <img class=\" size-full wp-image-812\" src=\"https:\/\/www.coeurssansfrontieres.com\/wp-content\/uploads\/2013\/08\/130820jt80a.jpg\" alt=\"Cath\u00e9drale de  Strasbourg\" width=\"292\" height=\"520\" border=\"1\" \/><br \/> <strong>La cath\u00e9drale de Strasbourg<\/strong><\/p><p><br \/> <img class=\" size-full wp-image-813\" src=\"https:\/\/www.coeurssansfrontieres.com\/wp-content\/uploads\/2013\/08\/130820jt80b.jpg\" alt=\"La maison Kammerzell\" width=\"389\" height=\"520\" border=\"1\" \/><br \/> <strong>La maison Kammerzell<br \/> <\/strong><\/p><p>A journ\u00e9e exceptionnelle, soir\u00e9e particuli\u00e8re. Ce sera La soir\u00e9e Choucroute servie dans la tradition alsacienne dans un d\u00e9cor typique.<\/p><p>A Strasbourg, \u00e0 la mi-novembre, c\u2019est de rigueur !<\/p><p>Le samedi 16, en matin\u00e9e, se tiendra, \u00e0 l\u2019 H\u00f4tel Pax, dans la salle Albert Schweitzer, notre 7\u00b0 assembl\u00e9e g\u00e9n\u00e9rale. Cette salle, comme tout l\u2019h\u00f4tel, est d\u00e9cor\u00e9e selon un style alsacien tr\u00e8s attachant. L\u2019assembl\u00e9e g\u00e9n\u00e9rale se d\u00e9roulera donc dans une ambiance agr\u00e9able et la parole sera donn\u00e9e, le plus possible aux adh\u00e9rents.<\/p><p>Actuellement, un certain nombre d\u2019adh\u00e9rents s\u2019est d\u00e9j\u00e0 inscrit. Pour le rejoindre, il suffit de retourner les deux fiches d\u2019inscription (h\u00e9bergement \u00e0 l\u2019h\u00f4tel et visite du Parlement)<\/p><p>Pour ceux qui ne seraient plus en possession des fiches d\u2019inscription, merci de s\u2019adresser au Secr\u00e9taire-adjoint :<\/p><p style=\"text-align: center; margin-left: auto; margin-right: auto;\"><span style=\"font-size: 14pt;\">Jean WILLEMIN <\/span><\/p><p style=\"text-align: center; margin-left: auto; margin-right: auto;\"><span style=\"font-size: 14pt;\">64 Boulevard Wilson 39100 DOLE.<\/span><\/p><p style=\"text-align: center; margin-left: auto; margin-right: auto;\"><a href=\"mailto:jwk.325@orange.fr\"><span style=\"color: #0000ff;\"><span style=\"font-size: 14pt;\">jwk.325@orange.fr<\/span><\/span><\/a><\/p><p>Bien entendu, tous les adh\u00e9rents inscrits recevront en temps voulu, toutes les informations pour que cette Rencontre Franco-Allemande soit la plus agr\u00e9able possible.<\/p><p>Alors, inscrivez-vous le plus t\u00f4t possible et avant le 28 ao\u00fbt 2013. Merci.<\/p>","_et_gb_content_width":"","footnotes":""},"categories":[183,13],"tags":[],"class_list":["post-814","post","type-post","status-publish","format-standard","has-post-thumbnail","hentry","category-annoncesnouvelles","category-vie-de-lassociation"],"yoast_head":"<!-- This site is optimized with the Yoast SEO plugin v27.5 - https:\/\/yoast.com\/product\/yoast-seo-wordpress\/ -->\n<title>Dans quelques semaines... Strasbourg ! - CSF - HOG<\/title>\n<meta name=\"robots\" content=\"index, follow, max-snippet:-1, max-image-preview:large, max-video-preview:-1\" \/>\n<link rel=\"canonical\" href=\"https:\/\/www.coeurssansfrontieres.com\/fr\/vie-de-lassociation\/annoncesnouvelles\/dans-quelques-semaines-strasbourg\/\" \/>\n<meta property=\"og:locale\" content=\"fr_FR\" \/>\n<meta property=\"og:type\" content=\"article\" \/>\n<meta property=\"og:title\" content=\"Dans quelques semaines... Strasbourg ! - CSF - HOG\" \/>\n<meta property=\"og:description\" content=\"Les vendredi 15 et samedi 16 novembre 2013, se tiendra, \u00e0 STRASBOURG, La 7\u00b0 Assembl\u00e9e g\u00e9n\u00e9rale de Coeurs sans fronti\u00e8res. D\u00e8s le jeudi 14 dans l\u2019apr\u00e8s-midi, les premiers arrivants seront accueillis \u00e0 l\u2019H\u00f4tel PAX par des membres du Conseil d\u2019administration. Un accueil personnalis\u00e9 en gare SNCF est possible sur demande. Dans la soir\u00e9e, les participants [&hellip;]\" \/>\n<meta property=\"og:url\" content=\"https:\/\/www.coeurssansfrontieres.com\/fr\/vie-de-lassociation\/annoncesnouvelles\/dans-quelques-semaines-strasbourg\/\" \/>\n<meta property=\"og:site_name\" content=\"CSF - HOG\" \/>\n<meta property=\"article:published_time\" content=\"2013-08-23T10:16:27+00:00\" \/>\n<meta property=\"article:modified_time\" content=\"2017-10-11T15:47:46+00:00\" \/>\n<meta property=\"og:image\" content=\"https:\/\/www.coeurssansfrontieres.com\/wp-content\/uploads\/2013\/08\/130820jt80c.jpg\" \/>\n\t<meta property=\"og:image:width\" content=\"520\" \/>\n\t<meta property=\"og:image:height\" content=\"390\" \/>\n\t<meta property=\"og:image:type\" content=\"image\/jpeg\" \/>\n<meta name=\"author\" content=\"GOFFIN Alexandre\" \/>\n<meta name=\"twitter:card\" content=\"summary_large_image\" \/>\n<meta name=\"twitter:label1\" content=\"\u00c9crit par\" \/>\n\t<meta name=\"twitter:data1\" content=\"GOFFIN Alexandre\" \/>\n\t<meta name=\"twitter:label2\" content=\"Dur\u00e9e de lecture estim\u00e9e\" \/>\n\t<meta name=\"twitter:data2\" content=\"2 minutes\" \/>\n<script type=\"application\/ld+json\" class=\"yoast-schema-graph\">{\"@context\":\"https:\\\/\\\/schema.org\",\"@graph\":[{\"@type\":\"Article\",\"@id\":\"https:\\\/\\\/www.coeurssansfrontieres.com\\\/fr\\\/vie-de-lassociation\\\/annoncesnouvelles\\\/dans-quelques-semaines-strasbourg\\\/#article\",\"isPartOf\":{\"@id\":\"https:\\\/\\\/www.coeurssansfrontieres.com\\\/fr\\\/vie-de-lassociation\\\/annoncesnouvelles\\\/dans-quelques-semaines-strasbourg\\\/\"},\"author\":{\"name\":\"GOFFIN Alexandre\",\"@id\":\"https:\\\/\\\/www.coeurssansfrontieres.com\\\/fr\\\/#\\\/schema\\\/person\\\/19507754554eb5218427fc31038cac56\"},\"headline\":\"Dans quelques semaines&#8230; Strasbourg !\",\"datePublished\":\"2013-08-23T10:16:27+00:00\",\"dateModified\":\"2017-10-11T15:47:46+00:00\",\"mainEntityOfPage\":{\"@id\":\"https:\\\/\\\/www.coeurssansfrontieres.com\\\/fr\\\/vie-de-lassociation\\\/annoncesnouvelles\\\/dans-quelques-semaines-strasbourg\\\/\"},\"wordCount\":447,\"commentCount\":0,\"image\":{\"@id\":\"https:\\\/\\\/www.coeurssansfrontieres.com\\\/fr\\\/vie-de-lassociation\\\/annoncesnouvelles\\\/dans-quelques-semaines-strasbourg\\\/#primaryimage\"},\"thumbnailUrl\":\"https:\\\/\\\/www.coeurssansfrontieres.com\\\/wp-content\\\/uploads\\\/2013\\\/08\\\/130820jt80c.jpg\",\"articleSection\":[\"AnnoncesNouvelles\",\"Vie de l'Association\"],\"inLanguage\":\"fr-FR\",\"potentialAction\":[{\"@type\":\"CommentAction\",\"name\":\"Comment\",\"target\":[\"https:\\\/\\\/www.coeurssansfrontieres.com\\\/fr\\\/vie-de-lassociation\\\/annoncesnouvelles\\\/dans-quelques-semaines-strasbourg\\\/#respond\"]}]},{\"@type\":\"WebPage\",\"@id\":\"https:\\\/\\\/www.coeurssansfrontieres.com\\\/fr\\\/vie-de-lassociation\\\/annoncesnouvelles\\\/dans-quelques-semaines-strasbourg\\\/\",\"url\":\"https:\\\/\\\/www.coeurssansfrontieres.com\\\/fr\\\/vie-de-lassociation\\\/annoncesnouvelles\\\/dans-quelques-semaines-strasbourg\\\/\",\"name\":\"Dans quelques semaines... Strasbourg ! - CSF - HOG\",\"isPartOf\":{\"@id\":\"https:\\\/\\\/www.coeurssansfrontieres.com\\\/fr\\\/#website\"},\"primaryImageOfPage\":{\"@id\":\"https:\\\/\\\/www.coeurssansfrontieres.com\\\/fr\\\/vie-de-lassociation\\\/annoncesnouvelles\\\/dans-quelques-semaines-strasbourg\\\/#primaryimage\"},\"image\":{\"@id\":\"https:\\\/\\\/www.coeurssansfrontieres.com\\\/fr\\\/vie-de-lassociation\\\/annoncesnouvelles\\\/dans-quelques-semaines-strasbourg\\\/#primaryimage\"},\"thumbnailUrl\":\"https:\\\/\\\/www.coeurssansfrontieres.com\\\/wp-content\\\/uploads\\\/2013\\\/08\\\/130820jt80c.jpg\",\"datePublished\":\"2013-08-23T10:16:27+00:00\",\"dateModified\":\"2017-10-11T15:47:46+00:00\",\"author\":{\"@id\":\"https:\\\/\\\/www.coeurssansfrontieres.com\\\/fr\\\/#\\\/schema\\\/person\\\/19507754554eb5218427fc31038cac56\"},\"breadcrumb\":{\"@id\":\"https:\\\/\\\/www.coeurssansfrontieres.com\\\/fr\\\/vie-de-lassociation\\\/annoncesnouvelles\\\/dans-quelques-semaines-strasbourg\\\/#breadcrumb\"},\"inLanguage\":\"fr-FR\",\"potentialAction\":[{\"@type\":\"ReadAction\",\"target\":[\"https:\\\/\\\/www.coeurssansfrontieres.com\\\/fr\\\/vie-de-lassociation\\\/annoncesnouvelles\\\/dans-quelques-semaines-strasbourg\\\/\"]}]},{\"@type\":\"ImageObject\",\"inLanguage\":\"fr-FR\",\"@id\":\"https:\\\/\\\/www.coeurssansfrontieres.com\\\/fr\\\/vie-de-lassociation\\\/annoncesnouvelles\\\/dans-quelques-semaines-strasbourg\\\/#primaryimage\",\"url\":\"https:\\\/\\\/www.coeurssansfrontieres.com\\\/wp-content\\\/uploads\\\/2013\\\/08\\\/130820jt80c.jpg\",\"contentUrl\":\"https:\\\/\\\/www.coeurssansfrontieres.com\\\/wp-content\\\/uploads\\\/2013\\\/08\\\/130820jt80c.jpg\",\"width\":520,\"height\":390,\"caption\":\"130820JT80C.jpg\"},{\"@type\":\"BreadcrumbList\",\"@id\":\"https:\\\/\\\/www.coeurssansfrontieres.com\\\/fr\\\/vie-de-lassociation\\\/annoncesnouvelles\\\/dans-quelques-semaines-strasbourg\\\/#breadcrumb\",\"itemListElement\":[{\"@type\":\"ListItem\",\"position\":1,\"name\":\"Accueil\",\"item\":\"https:\\\/\\\/www.coeurssansfrontieres.com\\\/fr\\\/\"},{\"@type\":\"ListItem\",\"position\":2,\"name\":\"Dans quelques semaines&#8230; Strasbourg !\"}]},{\"@type\":\"WebSite\",\"@id\":\"https:\\\/\\\/www.coeurssansfrontieres.com\\\/fr\\\/#website\",\"url\":\"https:\\\/\\\/www.coeurssansfrontieres.com\\\/fr\\\/\",\"name\":\"C\u0153urs sans fronti\u00e8res\",\"description\":\"Association franco-allemande des Enfants de la Seconde Guerre Mondiale\",\"potentialAction\":[{\"@type\":\"SearchAction\",\"target\":{\"@type\":\"EntryPoint\",\"urlTemplate\":\"https:\\\/\\\/www.coeurssansfrontieres.com\\\/fr\\\/?s={search_term_string}\"},\"query-input\":{\"@type\":\"PropertyValueSpecification\",\"valueRequired\":true,\"valueName\":\"search_term_string\"}}],\"inLanguage\":\"fr-FR\"},{\"@type\":\"Person\",\"@id\":\"https:\\\/\\\/www.coeurssansfrontieres.com\\\/fr\\\/#\\\/schema\\\/person\\\/19507754554eb5218427fc31038cac56\",\"name\":\"GOFFIN Alexandre\"}]}<\/script>\n<!-- \/ Yoast SEO plugin. -->","yoast_head_json":{"title":"Dans quelques semaines... Strasbourg ! - CSF - HOG","robots":{"index":"index","follow":"follow","max-snippet":"max-snippet:-1","max-image-preview":"max-image-preview:large","max-video-preview":"max-video-preview:-1"},"canonical":"https:\/\/www.coeurssansfrontieres.com\/fr\/vie-de-lassociation\/annoncesnouvelles\/dans-quelques-semaines-strasbourg\/","og_locale":"fr_FR","og_type":"article","og_title":"Dans quelques semaines... Strasbourg ! - CSF - HOG","og_description":"Les vendredi 15 et samedi 16 novembre 2013, se tiendra, \u00e0 STRASBOURG, La 7\u00b0 Assembl\u00e9e g\u00e9n\u00e9rale de Coeurs sans fronti\u00e8res. D\u00e8s le jeudi 14 dans l\u2019apr\u00e8s-midi, les premiers arrivants seront accueillis \u00e0 l\u2019H\u00f4tel PAX par des membres du Conseil d\u2019administration. Un accueil personnalis\u00e9 en gare SNCF est possible sur demande. Dans la soir\u00e9e, les participants [&hellip;]","og_url":"https:\/\/www.coeurssansfrontieres.com\/fr\/vie-de-lassociation\/annoncesnouvelles\/dans-quelques-semaines-strasbourg\/","og_site_name":"CSF - HOG","article_published_time":"2013-08-23T10:16:27+00:00","article_modified_time":"2017-10-11T15:47:46+00:00","og_image":[{"width":520,"height":390,"url":"https:\/\/www.coeurssansfrontieres.com\/wp-content\/uploads\/2013\/08\/130820jt80c.jpg","type":"image\/jpeg"}],"author":"GOFFIN Alexandre","twitter_card":"summary_large_image","twitter_misc":{"\u00c9crit par":"GOFFIN Alexandre","Dur\u00e9e de lecture estim\u00e9e":"2 minutes"},"schema":{"@context":"https:\/\/schema.org","@graph":[{"@type":"Article","@id":"https:\/\/www.coeurssansfrontieres.com\/fr\/vie-de-lassociation\/annoncesnouvelles\/dans-quelques-semaines-strasbourg\/#article","isPartOf":{"@id":"https:\/\/www.coeurssansfrontieres.com\/fr\/vie-de-lassociation\/annoncesnouvelles\/dans-quelques-semaines-strasbourg\/"},"author":{"name":"GOFFIN Alexandre","@id":"https:\/\/www.coeurssansfrontieres.com\/fr\/#\/schema\/person\/19507754554eb5218427fc31038cac56"},"headline":"Dans quelques semaines&#8230; Strasbourg !","datePublished":"2013-08-23T10:16:27+00:00","dateModified":"2017-10-11T15:47:46+00:00","mainEntityOfPage":{"@id":"https:\/\/www.coeurssansfrontieres.com\/fr\/vie-de-lassociation\/annoncesnouvelles\/dans-quelques-semaines-strasbourg\/"},"wordCount":447,"commentCount":0,"image":{"@id":"https:\/\/www.coeurssansfrontieres.com\/fr\/vie-de-lassociation\/annoncesnouvelles\/dans-quelques-semaines-strasbourg\/#primaryimage"},"thumbnailUrl":"https:\/\/www.coeurssansfrontieres.com\/wp-content\/uploads\/2013\/08\/130820jt80c.jpg","articleSection":["AnnoncesNouvelles","Vie de l'Association"],"inLanguage":"fr-FR","potentialAction":[{"@type":"CommentAction","name":"Comment","target":["https:\/\/www.coeurssansfrontieres.com\/fr\/vie-de-lassociation\/annoncesnouvelles\/dans-quelques-semaines-strasbourg\/#respond"]}]},{"@type":"WebPage","@id":"https:\/\/www.coeurssansfrontieres.com\/fr\/vie-de-lassociation\/annoncesnouvelles\/dans-quelques-semaines-strasbourg\/","url":"https:\/\/www.coeurssansfrontieres.com\/fr\/vie-de-lassociation\/annoncesnouvelles\/dans-quelques-semaines-strasbourg\/","name":"Dans quelques semaines... Strasbourg ! - CSF - HOG","isPartOf":{"@id":"https:\/\/www.coeurssansfrontieres.com\/fr\/#website"},"primaryImageOfPage":{"@id":"https:\/\/www.coeurssansfrontieres.com\/fr\/vie-de-lassociation\/annoncesnouvelles\/dans-quelques-semaines-strasbourg\/#primaryimage"},"image":{"@id":"https:\/\/www.coeurssansfrontieres.com\/fr\/vie-de-lassociation\/annoncesnouvelles\/dans-quelques-semaines-strasbourg\/#primaryimage"},"thumbnailUrl":"https:\/\/www.coeurssansfrontieres.com\/wp-content\/uploads\/2013\/08\/130820jt80c.jpg","datePublished":"2013-08-23T10:16:27+00:00","dateModified":"2017-10-11T15:47:46+00:00","author":{"@id":"https:\/\/www.coeurssansfrontieres.com\/fr\/#\/schema\/person\/19507754554eb5218427fc31038cac56"},"breadcrumb":{"@id":"https:\/\/www.coeurssansfrontieres.com\/fr\/vie-de-lassociation\/annoncesnouvelles\/dans-quelques-semaines-strasbourg\/#breadcrumb"},"inLanguage":"fr-FR","potentialAction":[{"@type":"ReadAction","target":["https:\/\/www.coeurssansfrontieres.com\/fr\/vie-de-lassociation\/annoncesnouvelles\/dans-quelques-semaines-strasbourg\/"]}]},{"@type":"ImageObject","inLanguage":"fr-FR","@id":"https:\/\/www.coeurssansfrontieres.com\/fr\/vie-de-lassociation\/annoncesnouvelles\/dans-quelques-semaines-strasbourg\/#primaryimage","url":"https:\/\/www.coeurssansfrontieres.com\/wp-content\/uploads\/2013\/08\/130820jt80c.jpg","contentUrl":"https:\/\/www.coeurssansfrontieres.com\/wp-content\/uploads\/2013\/08\/130820jt80c.jpg","width":520,"height":390,"caption":"130820JT80C.jpg"},{"@type":"BreadcrumbList","@id":"https:\/\/www.coeurssansfrontieres.com\/fr\/vie-de-lassociation\/annoncesnouvelles\/dans-quelques-semaines-strasbourg\/#breadcrumb","itemListElement":[{"@type":"ListItem","position":1,"name":"Accueil","item":"https:\/\/www.coeurssansfrontieres.com\/fr\/"},{"@type":"ListItem","position":2,"name":"Dans quelques semaines&#8230; Strasbourg !"}]},{"@type":"WebSite","@id":"https:\/\/www.coeurssansfrontieres.com\/fr\/#website","url":"https:\/\/www.coeurssansfrontieres.com\/fr\/","name":"C\u0153urs sans fronti\u00e8res","description":"Association franco-allemande des Enfants de la Seconde Guerre Mondiale","potentialAction":[{"@type":"SearchAction","target":{"@type":"EntryPoint","urlTemplate":"https:\/\/www.coeurssansfrontieres.com\/fr\/?s={search_term_string}"},"query-input":{"@type":"PropertyValueSpecification","valueRequired":true,"valueName":"search_term_string"}}],"inLanguage":"fr-FR"},{"@type":"Person","@id":"https:\/\/www.coeurssansfrontieres.com\/fr\/#\/schema\/person\/19507754554eb5218427fc31038cac56","name":"GOFFIN Alexandre"}]}},"_links":{"self":[{"href":"https:\/\/www.coeurssansfrontieres.com\/fr\/wp-json\/wp\/v2\/posts\/814","targetHints":{"allow":["GET"]}}],"collection":[{"href":"https:\/\/www.coeurssansfrontieres.com\/fr\/wp-json\/wp\/v2\/posts"}],"about":[{"href":"https:\/\/www.coeurssansfrontieres.com\/fr\/wp-json\/wp\/v2\/types\/post"}],"author":[{"embeddable":true,"href":"https:\/\/www.coeurssansfrontieres.com\/fr\/wp-json\/wp\/v2\/users\/249"}],"replies":[{"embeddable":true,"href":"https:\/\/www.coeurssansfrontieres.com\/fr\/wp-json\/wp\/v2\/comments?post=814"}],"version-history":[{"count":0,"href":"https:\/\/www.coeurssansfrontieres.com\/fr\/wp-json\/wp\/v2\/posts\/814\/revisions"}],"wp:featuredmedia":[{"embeddable":true,"href":"https:\/\/www.coeurssansfrontieres.com\/fr\/wp-json\/wp\/v2\/media\/810"}],"wp:attachment":[{"href":"https:\/\/www.coeurssansfrontieres.com\/fr\/wp-json\/wp\/v2\/media?parent=814"}],"wp:term":[{"taxonomy":"category","embeddable":true,"href":"https:\/\/www.coeurssansfrontieres.com\/fr\/wp-json\/wp\/v2\/categories?post=814"},{"taxonomy":"post_tag","embeddable":true,"href":"https:\/\/www.coeurssansfrontieres.com\/fr\/wp-json\/wp\/v2\/tags?post=814"}],"curies":[{"name":"wp","href":"https:\/\/api.w.org\/{rel}","templated":true}]}}