{"id":834,"date":"2013-09-06T14:49:15","date_gmt":"2013-09-06T12:49:15","guid":{"rendered":"http:\/\/www.coeurssansfrontieres.com\/vie-de-lassociation\/actualite\/le-petit-journal-parle-de-csf\/"},"modified":"2017-10-11T18:14:54","modified_gmt":"2017-10-11T16:14:54","slug":"le-petit-journal-parle-de-csf","status":"publish","type":"post","link":"https:\/\/www.coeurssansfrontieres.com\/fr\/categoriestechniques\/non-classifiee\/le-petit-journal-parle-de-csf\/","title":{"rendered":"Le petit journal parle de CSF"},"content":{"rendered":"<p>[et_pb_section admin_label=\u00a0\u00bbsection\u00a0\u00bb][et_pb_row admin_label=\u00a0\u00bbrow\u00a0\u00bb][et_pb_column type=\u00a0\u00bb4_4&Prime;][et_pb_text admin_label=\u00a0\u00bbTexte\u00a0\u00bb]<\/p>\n<p>Un article sur <strong>Coeurs Sans Fronti\u00e8res<\/strong> est paru sur \u00ab\u00a0lepetitjournal.com\u00a0\u00bb journal des Fran\u00e7ais et francophones \u00e0 l&rsquo;\u00e9tranger. Cet article est paru dans l&rsquo;\u00e9dition de Hamburg de ce journal. <a href=\"http:\/\/www.lepetitjournal.com\/hambourg\/societe\/160228-coeurs-sans-frontieres-herzen-ohne-grenzen\" target=\"_blank\" rel=\"noopener\">Lire l&rsquo;article<\/p>\n<p><\/a><\/p>\n<p>[\/et_pb_text][\/et_pb_column][\/et_pb_row][\/et_pb_section]<\/p>\n","protected":false},"excerpt":{"rendered":"<p>Un article sur Coeurs Sans Fronti\u00e8res est paru sur \u00ab\u00a0lepetitjournal.com\u00a0\u00bb journal des Fran\u00e7ais et francophones \u00e0 l&rsquo;\u00e9tranger. Cet article est paru dans l&rsquo;\u00e9dition de Hamburg de ce journal. Lire l&rsquo;article<\/p>\n","protected":false},"author":249,"featured_media":0,"comment_status":"open","ping_status":"open","sticky":false,"template":"","format":"standard","meta":{"_et_pb_use_builder":"on","_et_pb_old_content":"<p><br \/> Un article sur <strong>Coeurs Sans Fronti\u00e8res<\/strong> est paru sur \"lepetitjournal.com\" journal des Fran\u00e7ais et francophones \u00e0 l'\u00e9tranger. Cet article est paru dans l'\u00e9dition de Hamburg de ce journal. <a href=\"http:\/\/www.lepetitjournal.com\/hambourg\/societe\/160228-coeurs-sans-frontieres-herzen-ohne-grenzen\" target=\"_blank\" rel=\"noopener\">Lire l'article<br \/><br \/><br \/><br \/><\/a><\/p>","_et_gb_content_width":"","footnotes":""},"categories":[1,161],"tags":[],"class_list":["post-834","post","type-post","status-publish","format-standard","hentry","category-non-classifiee","category-pre-corbeille"],"yoast_head":"<!-- This site is optimized with the Yoast SEO plugin v27.5 - https:\/\/yoast.com\/product\/yoast-seo-wordpress\/ -->\n<title>Le petit journal parle de CSF - CSF - HOG<\/title>\n<meta name=\"robots\" content=\"index, follow, max-snippet:-1, max-image-preview:large, max-video-preview:-1\" \/>\n<link rel=\"canonical\" href=\"https:\/\/www.coeurssansfrontieres.com\/fr\/categoriestechniques\/non-classifiee\/le-petit-journal-parle-de-csf\/\" \/>\n<meta property=\"og:locale\" content=\"fr_FR\" \/>\n<meta property=\"og:type\" content=\"article\" \/>\n<meta property=\"og:title\" content=\"Le petit journal parle de CSF - CSF - HOG\" \/>\n<meta property=\"og:description\" content=\"Un article sur Coeurs Sans Fronti\u00e8res est paru sur &quot;lepetitjournal.com&quot; journal des Fran\u00e7ais et francophones \u00e0 l&#039;\u00e9tranger. Cet article est paru dans l&#039;\u00e9dition de Hamburg de ce journal. Lire l&#039;article\" \/>\n<meta property=\"og:url\" content=\"https:\/\/www.coeurssansfrontieres.com\/fr\/categoriestechniques\/non-classifiee\/le-petit-journal-parle-de-csf\/\" \/>\n<meta property=\"og:site_name\" content=\"CSF - HOG\" \/>\n<meta property=\"article:published_time\" content=\"2013-09-06T12:49:15+00:00\" \/>\n<meta property=\"article:modified_time\" content=\"2017-10-11T16:14:54+00:00\" \/>\n<meta name=\"author\" content=\"GOFFIN Alexandre\" \/>\n<meta name=\"twitter:card\" content=\"summary_large_image\" \/>\n<meta name=\"twitter:label1\" content=\"\u00c9crit par\" \/>\n\t<meta name=\"twitter:data1\" content=\"GOFFIN Alexandre\" \/>\n<script type=\"application\/ld+json\" class=\"yoast-schema-graph\">{\"@context\":\"https:\\\/\\\/schema.org\",\"@graph\":[{\"@type\":\"Article\",\"@id\":\"https:\\\/\\\/www.coeurssansfrontieres.com\\\/fr\\\/categoriestechniques\\\/non-classifiee\\\/le-petit-journal-parle-de-csf\\\/#article\",\"isPartOf\":{\"@id\":\"https:\\\/\\\/www.coeurssansfrontieres.com\\\/fr\\\/categoriestechniques\\\/non-classifiee\\\/le-petit-journal-parle-de-csf\\\/\"},\"author\":{\"name\":\"GOFFIN Alexandre\",\"@id\":\"https:\\\/\\\/www.coeurssansfrontieres.com\\\/fr\\\/#\\\/schema\\\/person\\\/19507754554eb5218427fc31038cac56\"},\"headline\":\"Le petit journal parle de CSF\",\"datePublished\":\"2013-09-06T12:49:15+00:00\",\"dateModified\":\"2017-10-11T16:14:54+00:00\",\"mainEntityOfPage\":{\"@id\":\"https:\\\/\\\/www.coeurssansfrontieres.com\\\/fr\\\/categoriestechniques\\\/non-classifiee\\\/le-petit-journal-parle-de-csf\\\/\"},\"wordCount\":75,\"commentCount\":0,\"articleSection\":[\"Non classifi\u00e9(e)\",\"pr\u00e9-Corbeille\"],\"inLanguage\":\"fr-FR\",\"potentialAction\":[{\"@type\":\"CommentAction\",\"name\":\"Comment\",\"target\":[\"https:\\\/\\\/www.coeurssansfrontieres.com\\\/fr\\\/categoriestechniques\\\/non-classifiee\\\/le-petit-journal-parle-de-csf\\\/#respond\"]}]},{\"@type\":\"WebPage\",\"@id\":\"https:\\\/\\\/www.coeurssansfrontieres.com\\\/fr\\\/categoriestechniques\\\/non-classifiee\\\/le-petit-journal-parle-de-csf\\\/\",\"url\":\"https:\\\/\\\/www.coeurssansfrontieres.com\\\/fr\\\/categoriestechniques\\\/non-classifiee\\\/le-petit-journal-parle-de-csf\\\/\",\"name\":\"Le petit journal parle de CSF - CSF - HOG\",\"isPartOf\":{\"@id\":\"https:\\\/\\\/www.coeurssansfrontieres.com\\\/fr\\\/#website\"},\"datePublished\":\"2013-09-06T12:49:15+00:00\",\"dateModified\":\"2017-10-11T16:14:54+00:00\",\"author\":{\"@id\":\"https:\\\/\\\/www.coeurssansfrontieres.com\\\/fr\\\/#\\\/schema\\\/person\\\/19507754554eb5218427fc31038cac56\"},\"breadcrumb\":{\"@id\":\"https:\\\/\\\/www.coeurssansfrontieres.com\\\/fr\\\/categoriestechniques\\\/non-classifiee\\\/le-petit-journal-parle-de-csf\\\/#breadcrumb\"},\"inLanguage\":\"fr-FR\",\"potentialAction\":[{\"@type\":\"ReadAction\",\"target\":[\"https:\\\/\\\/www.coeurssansfrontieres.com\\\/fr\\\/categoriestechniques\\\/non-classifiee\\\/le-petit-journal-parle-de-csf\\\/\"]}]},{\"@type\":\"BreadcrumbList\",\"@id\":\"https:\\\/\\\/www.coeurssansfrontieres.com\\\/fr\\\/categoriestechniques\\\/non-classifiee\\\/le-petit-journal-parle-de-csf\\\/#breadcrumb\",\"itemListElement\":[{\"@type\":\"ListItem\",\"position\":1,\"name\":\"Accueil\",\"item\":\"https:\\\/\\\/www.coeurssansfrontieres.com\\\/fr\\\/\"},{\"@type\":\"ListItem\",\"position\":2,\"name\":\"Le petit journal parle de CSF\"}]},{\"@type\":\"WebSite\",\"@id\":\"https:\\\/\\\/www.coeurssansfrontieres.com\\\/fr\\\/#website\",\"url\":\"https:\\\/\\\/www.coeurssansfrontieres.com\\\/fr\\\/\",\"name\":\"C\u0153urs sans fronti\u00e8res\",\"description\":\"Association franco-allemande des Enfants de la Seconde Guerre Mondiale\",\"potentialAction\":[{\"@type\":\"SearchAction\",\"target\":{\"@type\":\"EntryPoint\",\"urlTemplate\":\"https:\\\/\\\/www.coeurssansfrontieres.com\\\/fr\\\/?s={search_term_string}\"},\"query-input\":{\"@type\":\"PropertyValueSpecification\",\"valueRequired\":true,\"valueName\":\"search_term_string\"}}],\"inLanguage\":\"fr-FR\"},{\"@type\":\"Person\",\"@id\":\"https:\\\/\\\/www.coeurssansfrontieres.com\\\/fr\\\/#\\\/schema\\\/person\\\/19507754554eb5218427fc31038cac56\",\"name\":\"GOFFIN Alexandre\"}]}<\/script>\n<!-- \/ Yoast SEO plugin. -->","yoast_head_json":{"title":"Le petit journal parle de CSF - CSF - HOG","robots":{"index":"index","follow":"follow","max-snippet":"max-snippet:-1","max-image-preview":"max-image-preview:large","max-video-preview":"max-video-preview:-1"},"canonical":"https:\/\/www.coeurssansfrontieres.com\/fr\/categoriestechniques\/non-classifiee\/le-petit-journal-parle-de-csf\/","og_locale":"fr_FR","og_type":"article","og_title":"Le petit journal parle de CSF - CSF - HOG","og_description":"Un article sur Coeurs Sans Fronti\u00e8res est paru sur \"lepetitjournal.com\" journal des Fran\u00e7ais et francophones \u00e0 l'\u00e9tranger. Cet article est paru dans l'\u00e9dition de Hamburg de ce journal. Lire l'article","og_url":"https:\/\/www.coeurssansfrontieres.com\/fr\/categoriestechniques\/non-classifiee\/le-petit-journal-parle-de-csf\/","og_site_name":"CSF - HOG","article_published_time":"2013-09-06T12:49:15+00:00","article_modified_time":"2017-10-11T16:14:54+00:00","author":"GOFFIN Alexandre","twitter_card":"summary_large_image","twitter_misc":{"\u00c9crit par":"GOFFIN Alexandre"},"schema":{"@context":"https:\/\/schema.org","@graph":[{"@type":"Article","@id":"https:\/\/www.coeurssansfrontieres.com\/fr\/categoriestechniques\/non-classifiee\/le-petit-journal-parle-de-csf\/#article","isPartOf":{"@id":"https:\/\/www.coeurssansfrontieres.com\/fr\/categoriestechniques\/non-classifiee\/le-petit-journal-parle-de-csf\/"},"author":{"name":"GOFFIN Alexandre","@id":"https:\/\/www.coeurssansfrontieres.com\/fr\/#\/schema\/person\/19507754554eb5218427fc31038cac56"},"headline":"Le petit journal parle de CSF","datePublished":"2013-09-06T12:49:15+00:00","dateModified":"2017-10-11T16:14:54+00:00","mainEntityOfPage":{"@id":"https:\/\/www.coeurssansfrontieres.com\/fr\/categoriestechniques\/non-classifiee\/le-petit-journal-parle-de-csf\/"},"wordCount":75,"commentCount":0,"articleSection":["Non classifi\u00e9(e)","pr\u00e9-Corbeille"],"inLanguage":"fr-FR","potentialAction":[{"@type":"CommentAction","name":"Comment","target":["https:\/\/www.coeurssansfrontieres.com\/fr\/categoriestechniques\/non-classifiee\/le-petit-journal-parle-de-csf\/#respond"]}]},{"@type":"WebPage","@id":"https:\/\/www.coeurssansfrontieres.com\/fr\/categoriestechniques\/non-classifiee\/le-petit-journal-parle-de-csf\/","url":"https:\/\/www.coeurssansfrontieres.com\/fr\/categoriestechniques\/non-classifiee\/le-petit-journal-parle-de-csf\/","name":"Le petit journal parle de CSF - CSF - HOG","isPartOf":{"@id":"https:\/\/www.coeurssansfrontieres.com\/fr\/#website"},"datePublished":"2013-09-06T12:49:15+00:00","dateModified":"2017-10-11T16:14:54+00:00","author":{"@id":"https:\/\/www.coeurssansfrontieres.com\/fr\/#\/schema\/person\/19507754554eb5218427fc31038cac56"},"breadcrumb":{"@id":"https:\/\/www.coeurssansfrontieres.com\/fr\/categoriestechniques\/non-classifiee\/le-petit-journal-parle-de-csf\/#breadcrumb"},"inLanguage":"fr-FR","potentialAction":[{"@type":"ReadAction","target":["https:\/\/www.coeurssansfrontieres.com\/fr\/categoriestechniques\/non-classifiee\/le-petit-journal-parle-de-csf\/"]}]},{"@type":"BreadcrumbList","@id":"https:\/\/www.coeurssansfrontieres.com\/fr\/categoriestechniques\/non-classifiee\/le-petit-journal-parle-de-csf\/#breadcrumb","itemListElement":[{"@type":"ListItem","position":1,"name":"Accueil","item":"https:\/\/www.coeurssansfrontieres.com\/fr\/"},{"@type":"ListItem","position":2,"name":"Le petit journal parle de CSF"}]},{"@type":"WebSite","@id":"https:\/\/www.coeurssansfrontieres.com\/fr\/#website","url":"https:\/\/www.coeurssansfrontieres.com\/fr\/","name":"C\u0153urs sans fronti\u00e8res","description":"Association franco-allemande des Enfants de la Seconde Guerre Mondiale","potentialAction":[{"@type":"SearchAction","target":{"@type":"EntryPoint","urlTemplate":"https:\/\/www.coeurssansfrontieres.com\/fr\/?s={search_term_string}"},"query-input":{"@type":"PropertyValueSpecification","valueRequired":true,"valueName":"search_term_string"}}],"inLanguage":"fr-FR"},{"@type":"Person","@id":"https:\/\/www.coeurssansfrontieres.com\/fr\/#\/schema\/person\/19507754554eb5218427fc31038cac56","name":"GOFFIN Alexandre"}]}},"_links":{"self":[{"href":"https:\/\/www.coeurssansfrontieres.com\/fr\/wp-json\/wp\/v2\/posts\/834","targetHints":{"allow":["GET"]}}],"collection":[{"href":"https:\/\/www.coeurssansfrontieres.com\/fr\/wp-json\/wp\/v2\/posts"}],"about":[{"href":"https:\/\/www.coeurssansfrontieres.com\/fr\/wp-json\/wp\/v2\/types\/post"}],"author":[{"embeddable":true,"href":"https:\/\/www.coeurssansfrontieres.com\/fr\/wp-json\/wp\/v2\/users\/249"}],"replies":[{"embeddable":true,"href":"https:\/\/www.coeurssansfrontieres.com\/fr\/wp-json\/wp\/v2\/comments?post=834"}],"version-history":[{"count":0,"href":"https:\/\/www.coeurssansfrontieres.com\/fr\/wp-json\/wp\/v2\/posts\/834\/revisions"}],"wp:attachment":[{"href":"https:\/\/www.coeurssansfrontieres.com\/fr\/wp-json\/wp\/v2\/media?parent=834"}],"wp:term":[{"taxonomy":"category","embeddable":true,"href":"https:\/\/www.coeurssansfrontieres.com\/fr\/wp-json\/wp\/v2\/categories?post=834"},{"taxonomy":"post_tag","embeddable":true,"href":"https:\/\/www.coeurssansfrontieres.com\/fr\/wp-json\/wp\/v2\/tags?post=834"}],"curies":[{"name":"wp","href":"https:\/\/api.w.org\/{rel}","templated":true}]}}