{"id":879,"date":"2013-10-25T12:41:06","date_gmt":"2013-10-25T10:41:06","guid":{"rendered":"http:\/\/www.coeurssansfrontieres.com\/vie-de-lassociation\/retrouvailles\/soeurs-se-rencontrent-a-plus-de-65-ans\/"},"modified":"2017-10-09T18:29:46","modified_gmt":"2017-10-09T16:29:46","slug":"soeurs-se-rencontrent-a-plus-de-65-ans","status":"publish","type":"post","link":"https:\/\/www.coeurssansfrontieres.com\/fr\/recherches\/retrouvailles\/soeurs-se-rencontrent-a-plus-de-65-ans\/","title":{"rendered":"Deux soeurs se rencontrent \u00e0 plus de 65 ans"},"content":{"rendered":"<p>[et_pb_section admin_label=\u00a0\u00bbsection\u00a0\u00bb][et_pb_row admin_label=\u00a0\u00bbrow\u00a0\u00bb][et_pb_column type=\u00a0\u00bb4_4&Prime;][et_pb_text admin_label=\u00a0\u00bbTexte\u00a0\u00bb]<\/p>\n<p><strong>Article paru dans \u00ab OUEST FRANCE \u00bb du 6.8.2013<\/strong><\/p>\n<p><img loading=\"lazy\" decoding=\"async\" class=\" size-full wp-image-878\" src=\"https:\/\/www.coeurssansfrontieres.com\/wp-content\/uploads\/2013\/10\/130921JT95C.jpg\" alt=\"OF\" width=\"560\" height=\"564\" border=\"1\" srcset=\"https:\/\/www.coeurssansfrontieres.com\/wp-content\/uploads\/2013\/10\/130921JT95C.jpg 560w, https:\/\/www.coeurssansfrontieres.com\/wp-content\/uploads\/2013\/10\/130921JT95C-480x483.jpg 480w\" sizes=\"(min-width: 0px) and (max-width: 480px) 480px, (min-width: 481px) 560px, 100vw\" \/><\/p>\n<p>&nbsp;<\/p>\n<p>Annah a traduit ce texte en allemand pour le site de CSF et fait quelques commentaires et\/ou rectifications, <strong>en gras les passages comment\u00e9s<\/strong>, <em>en italique les commentaires :<\/em><\/p>\n<p><strong>On lui dira qu&rsquo;il \u00e9tait pilote<\/strong>. <em>&#8230; et s&rsquo;\u00e9tait \u00e9cras\u00e9 avant sa naissance &#8230; a disparu du texte. Voil\u00e0 comment on fait dispara\u00eetre les p\u00e8res ill\u00e9gitimes.<\/em><\/p>\n<p><strong>Il \u00e9voque certaines communes de Bretagne, mais il n&rsquo;avoue pas que la ville dans laquelle il \u00e9tait bas\u00e9 pendant 2 ans et demi n&rsquo;est autre que celle dans laquelle vit sa fille.<\/strong><\/p>\n<p><em>Mon p\u00e8re a \u00e9t\u00e9 en tout 2 ans et demi en Bretagne, mais seulement un an \u00e0 Gourin. Il \u00e9tait soldat, et faisait partie des premi\u00e8res troupes d&rsquo;occupation install\u00e9es au lyc\u00e9e Saint Yves, o\u00f9 j&rsquo;ai travaill\u00e9 comme femme de m\u00e9nage les trois derni\u00e8res ann\u00e9es. Le propri\u00e9taire pr\u00e9c\u00e9dent de la maison Saint Nicolas, beau-p\u00e8re de ma vendeuse, s&rsquo;occupait du commerce entre les paysans et les occupants, qui l&rsquo;ont grassement r\u00e9compens\u00e9 avec des tripatouillages du cadastre. Je suis tomb\u00e9e de l&rsquo;armoire quand j&rsquo;ai d\u00e9couvert cela.<\/em><\/p>\n<p><em>Un \u00ab\u00a0pur\u00a0\u00bb hasard a fait, que ma premi\u00e8re carte postale \u00e0 mes parents \u00e9tait la gare de Gourin, qui fut d\u00e9molie dans les ann\u00e9es soixante, ce que je ne savais pas. \u00e7a a toujours la m\u00eame allure que pendant la guerre, m&rsquo;a dit mon p\u00e8re plus tard. \u00a0\u00bb Pendant la guerre \u00a0\u00bb \u00e9tais-tu la-bas ? \u00a0\u00bb dans la r\u00e9gion, je connais la r\u00e9gion &#8230;\u00a0\u00bb et il a cit\u00e9 quelques noms de lieu, il s&rsquo;est retir\u00e9 dans sa chambre et a cess\u00e9 le dialogue. Qu&rsquo;a-t-il pens\u00e9 quand je lui ai envoy\u00e9 des photos de Saint Nicolas, et plus tard un un prospectuse de saint-Yves, o\u00f9 j&rsquo;ai travaill\u00e9 en 1998 comme garde de nuit &#8230; ? Tout ressemble en gros \u00e0 ce que c&rsquo;\u00e9tait avant. C&rsquo;\u00e9tait le quartier g\u00e9n\u00e9ral de la r\u00e9gion pendant l&rsquo;occupation. Tous ces silences &#8230;<\/em><\/p>\n<p><strong>Annah emm\u00e9nage le mois suivant, dans la maison voisine de sa soeur<\/strong>. <em>Cette petite maison, achet\u00e9e dans les ann\u00e9es 60, appartenait \u00e0 la m\u00e8re de Nicole. Je vis dans leurs meubles ! A 10 minutes de l\u00e0, -l&rsquo;h\u00f4tel de la mer , logement des troupes allemandes &#8211; la m\u00e8re de Nicole y travaillait comme femme de chambre. Nicole a appris qu&rsquo;elle a \u00e9t\u00e9 con\u00e7ue l\u00e0.<\/em><\/p>\n<p>&nbsp;<\/p>\n<p>[\/et_pb_text][\/et_pb_column][\/et_pb_row][\/et_pb_section]<\/p>\n","protected":false},"excerpt":{"rendered":"<p>Article paru dans \u00ab OUEST FRANCE \u00bb du 6.8.2013 &nbsp; Annah a traduit ce texte en allemand pour le site de CSF et fait quelques commentaires et\/ou rectifications, en gras les passages comment\u00e9s, en italique les commentaires : On lui dira qu&rsquo;il \u00e9tait pilote. &#8230; et s&rsquo;\u00e9tait \u00e9cras\u00e9 avant sa naissance &#8230; a disparu du [&hellip;]<\/p>\n","protected":false},"author":249,"featured_media":878,"comment_status":"open","ping_status":"open","sticky":false,"template":"","format":"standard","meta":{"_et_pb_use_builder":"on","_et_pb_old_content":"<p><strong>Article paru dans \u00ab OUEST FRANCE \u00bb du 6.8.2013<\/strong><\/p><p><img class=\" size-full wp-image-878\" src=\"https:\/\/www.coeurssansfrontieres.com\/wp-content\/uploads\/2013\/10\/130921JT95C.jpg\" alt=\"OF\" width=\"560\" height=\"564\" border=\"1\" \/><\/p><p>\u00a0<\/p><p>Annah a traduit ce texte en allemand pour le site de CSF et fait quelques commentaires et\/ou rectifications, <strong>en gras les passages comment\u00e9s<\/strong>, <em>en italique les commentaires :<\/em><\/p><p><strong>On lui dira qu'il \u00e9tait pilote<\/strong>. <em>... et s'\u00e9tait \u00e9cras\u00e9 avant sa naissance ... a disparu du texte. Voil\u00e0 comment on fait dispara\u00eetre les p\u00e8res ill\u00e9gitimes.<\/em><\/p><p><strong>Il \u00e9voque certaines communes de Bretagne, mais il n'avoue pas que la ville dans laquelle il \u00e9tait bas\u00e9 pendant 2 ans et demi n'est autre que celle dans laquelle vit sa fille.<\/strong><\/p><p><em>Mon p\u00e8re a \u00e9t\u00e9 en tout 2 ans et demi en Bretagne, mais seulement un an \u00e0 Gourin. Il \u00e9tait soldat, et faisait partie des premi\u00e8res troupes d'occupation install\u00e9es au lyc\u00e9e Saint Yves, o\u00f9 j'ai travaill\u00e9 comme femme de m\u00e9nage les trois derni\u00e8res ann\u00e9es. Le propri\u00e9taire pr\u00e9c\u00e9dent de la maison Saint Nicolas, beau-p\u00e8re de ma vendeuse, s'occupait du commerce entre les paysans et les occupants, qui l'ont grassement r\u00e9compens\u00e9 avec des tripatouillages du cadastre. Je suis tomb\u00e9e de l'armoire quand j'ai d\u00e9couvert cela.<\/em><\/p><p><em>Un \"pur\" hasard a fait, que ma premi\u00e8re carte postale \u00e0 mes parents \u00e9tait la gare de Gourin, qui fut d\u00e9molie dans les ann\u00e9es soixante, ce que je ne savais pas. \u00e7a a toujours la m\u00eame allure que pendant la guerre, m'a dit mon p\u00e8re plus tard. \" Pendant la guerre \" \u00e9tais-tu la-bas ? \" dans la r\u00e9gion, je connais la r\u00e9gion ...\" et il a cit\u00e9 quelques noms de lieu, il s'est retir\u00e9 dans sa chambre et a cess\u00e9 le dialogue. Qu'a-t-il pens\u00e9 quand je lui ai envoy\u00e9 des photos de Saint Nicolas, et plus tard un un prospectuse de saint-Yves, o\u00f9 j'ai travaill\u00e9 en 1998 comme garde de nuit ... ? Tout ressemble en gros \u00e0 ce que c'\u00e9tait avant. C'\u00e9tait le quartier g\u00e9n\u00e9ral de la r\u00e9gion pendant l'occupation. Tous ces silences ...<\/em><\/p><p><strong>Annah emm\u00e9nage le mois suivant, dans la maison voisine de sa soeur<\/strong>. <em>Cette petite maison, achet\u00e9e dans les ann\u00e9es 60, appartenait \u00e0 la m\u00e8re de Nicole. Je vis dans leurs meubles ! A 10 minutes de l\u00e0, -l'h\u00f4tel de la mer , logement des troupes allemandes - la m\u00e8re de Nicole y travaillait comme femme de chambre. Nicole a appris qu'elle a \u00e9t\u00e9 con\u00e7ue l\u00e0.<\/em><\/p><p>\u00a0<\/p>","_et_gb_content_width":"","footnotes":""},"categories":[159,28],"tags":[],"class_list":["post-879","post","type-post","status-publish","format-standard","has-post-thumbnail","hentry","category-recherches","category-retrouvailles"],"yoast_head":"<!-- This site is optimized with the Yoast SEO plugin v27.5 - https:\/\/yoast.com\/product\/yoast-seo-wordpress\/ -->\n<title>Deux soeurs se rencontrent \u00e0 plus de 65 ans - CSF - HOG<\/title>\n<meta name=\"robots\" content=\"index, follow, max-snippet:-1, max-image-preview:large, max-video-preview:-1\" \/>\n<link rel=\"canonical\" href=\"https:\/\/www.coeurssansfrontieres.com\/fr\/recherches\/retrouvailles\/soeurs-se-rencontrent-a-plus-de-65-ans\/\" \/>\n<meta property=\"og:locale\" content=\"fr_FR\" \/>\n<meta property=\"og:type\" content=\"article\" \/>\n<meta property=\"og:title\" content=\"Deux soeurs se rencontrent \u00e0 plus de 65 ans - CSF - HOG\" \/>\n<meta property=\"og:description\" content=\"Article paru dans \u00ab OUEST FRANCE \u00bb du 6.8.2013 &nbsp; Annah a traduit ce texte en allemand pour le site de CSF et fait quelques commentaires et\/ou rectifications, en gras les passages comment\u00e9s, en italique les commentaires : On lui dira qu&#039;il \u00e9tait pilote. ... et s&#039;\u00e9tait \u00e9cras\u00e9 avant sa naissance ... a disparu du [&hellip;]\" \/>\n<meta property=\"og:url\" content=\"https:\/\/www.coeurssansfrontieres.com\/fr\/recherches\/retrouvailles\/soeurs-se-rencontrent-a-plus-de-65-ans\/\" \/>\n<meta property=\"og:site_name\" content=\"CSF - HOG\" \/>\n<meta property=\"article:published_time\" content=\"2013-10-25T10:41:06+00:00\" \/>\n<meta property=\"article:modified_time\" content=\"2017-10-09T16:29:46+00:00\" \/>\n<meta property=\"og:image\" content=\"https:\/\/www.coeurssansfrontieres.com\/wp-content\/uploads\/2013\/10\/130921JT95C.jpg\" \/>\n\t<meta property=\"og:image:width\" content=\"828\" \/>\n\t<meta property=\"og:image:height\" content=\"834\" \/>\n\t<meta property=\"og:image:type\" content=\"image\/jpeg\" \/>\n<meta name=\"author\" content=\"GOFFIN Alexandre\" \/>\n<meta name=\"twitter:card\" content=\"summary_large_image\" \/>\n<meta name=\"twitter:label1\" content=\"\u00c9crit par\" \/>\n\t<meta name=\"twitter:data1\" content=\"GOFFIN Alexandre\" \/>\n\t<meta name=\"twitter:label2\" content=\"Dur\u00e9e de lecture estim\u00e9e\" \/>\n\t<meta name=\"twitter:data2\" content=\"2 minutes\" \/>\n<script type=\"application\/ld+json\" class=\"yoast-schema-graph\">{\"@context\":\"https:\\\/\\\/schema.org\",\"@graph\":[{\"@type\":\"Article\",\"@id\":\"https:\\\/\\\/www.coeurssansfrontieres.com\\\/fr\\\/recherches\\\/retrouvailles\\\/soeurs-se-rencontrent-a-plus-de-65-ans\\\/#article\",\"isPartOf\":{\"@id\":\"https:\\\/\\\/www.coeurssansfrontieres.com\\\/fr\\\/recherches\\\/retrouvailles\\\/soeurs-se-rencontrent-a-plus-de-65-ans\\\/\"},\"author\":{\"name\":\"GOFFIN Alexandre\",\"@id\":\"https:\\\/\\\/www.coeurssansfrontieres.com\\\/fr\\\/#\\\/schema\\\/person\\\/19507754554eb5218427fc31038cac56\"},\"headline\":\"Deux soeurs se rencontrent \u00e0 plus de 65 ans\",\"datePublished\":\"2013-10-25T10:41:06+00:00\",\"dateModified\":\"2017-10-09T16:29:46+00:00\",\"mainEntityOfPage\":{\"@id\":\"https:\\\/\\\/www.coeurssansfrontieres.com\\\/fr\\\/recherches\\\/retrouvailles\\\/soeurs-se-rencontrent-a-plus-de-65-ans\\\/\"},\"wordCount\":452,\"commentCount\":0,\"image\":{\"@id\":\"https:\\\/\\\/www.coeurssansfrontieres.com\\\/fr\\\/recherches\\\/retrouvailles\\\/soeurs-se-rencontrent-a-plus-de-65-ans\\\/#primaryimage\"},\"thumbnailUrl\":\"https:\\\/\\\/www.coeurssansfrontieres.com\\\/wp-content\\\/uploads\\\/2013\\\/10\\\/130921JT95C.jpg\",\"articleSection\":[\"Recherches\",\"Retrouvailles\"],\"inLanguage\":\"fr-FR\",\"potentialAction\":[{\"@type\":\"CommentAction\",\"name\":\"Comment\",\"target\":[\"https:\\\/\\\/www.coeurssansfrontieres.com\\\/fr\\\/recherches\\\/retrouvailles\\\/soeurs-se-rencontrent-a-plus-de-65-ans\\\/#respond\"]}]},{\"@type\":\"WebPage\",\"@id\":\"https:\\\/\\\/www.coeurssansfrontieres.com\\\/fr\\\/recherches\\\/retrouvailles\\\/soeurs-se-rencontrent-a-plus-de-65-ans\\\/\",\"url\":\"https:\\\/\\\/www.coeurssansfrontieres.com\\\/fr\\\/recherches\\\/retrouvailles\\\/soeurs-se-rencontrent-a-plus-de-65-ans\\\/\",\"name\":\"Deux soeurs se rencontrent \u00e0 plus de 65 ans - CSF - HOG\",\"isPartOf\":{\"@id\":\"https:\\\/\\\/www.coeurssansfrontieres.com\\\/fr\\\/#website\"},\"primaryImageOfPage\":{\"@id\":\"https:\\\/\\\/www.coeurssansfrontieres.com\\\/fr\\\/recherches\\\/retrouvailles\\\/soeurs-se-rencontrent-a-plus-de-65-ans\\\/#primaryimage\"},\"image\":{\"@id\":\"https:\\\/\\\/www.coeurssansfrontieres.com\\\/fr\\\/recherches\\\/retrouvailles\\\/soeurs-se-rencontrent-a-plus-de-65-ans\\\/#primaryimage\"},\"thumbnailUrl\":\"https:\\\/\\\/www.coeurssansfrontieres.com\\\/wp-content\\\/uploads\\\/2013\\\/10\\\/130921JT95C.jpg\",\"datePublished\":\"2013-10-25T10:41:06+00:00\",\"dateModified\":\"2017-10-09T16:29:46+00:00\",\"author\":{\"@id\":\"https:\\\/\\\/www.coeurssansfrontieres.com\\\/fr\\\/#\\\/schema\\\/person\\\/19507754554eb5218427fc31038cac56\"},\"breadcrumb\":{\"@id\":\"https:\\\/\\\/www.coeurssansfrontieres.com\\\/fr\\\/recherches\\\/retrouvailles\\\/soeurs-se-rencontrent-a-plus-de-65-ans\\\/#breadcrumb\"},\"inLanguage\":\"fr-FR\",\"potentialAction\":[{\"@type\":\"ReadAction\",\"target\":[\"https:\\\/\\\/www.coeurssansfrontieres.com\\\/fr\\\/recherches\\\/retrouvailles\\\/soeurs-se-rencontrent-a-plus-de-65-ans\\\/\"]}]},{\"@type\":\"ImageObject\",\"inLanguage\":\"fr-FR\",\"@id\":\"https:\\\/\\\/www.coeurssansfrontieres.com\\\/fr\\\/recherches\\\/retrouvailles\\\/soeurs-se-rencontrent-a-plus-de-65-ans\\\/#primaryimage\",\"url\":\"https:\\\/\\\/www.coeurssansfrontieres.com\\\/wp-content\\\/uploads\\\/2013\\\/10\\\/130921JT95C.jpg\",\"contentUrl\":\"https:\\\/\\\/www.coeurssansfrontieres.com\\\/wp-content\\\/uploads\\\/2013\\\/10\\\/130921JT95C.jpg\",\"width\":828,\"height\":834,\"caption\":\"OF\"},{\"@type\":\"BreadcrumbList\",\"@id\":\"https:\\\/\\\/www.coeurssansfrontieres.com\\\/fr\\\/recherches\\\/retrouvailles\\\/soeurs-se-rencontrent-a-plus-de-65-ans\\\/#breadcrumb\",\"itemListElement\":[{\"@type\":\"ListItem\",\"position\":1,\"name\":\"Accueil\",\"item\":\"https:\\\/\\\/www.coeurssansfrontieres.com\\\/fr\\\/\"},{\"@type\":\"ListItem\",\"position\":2,\"name\":\"Deux soeurs se rencontrent \u00e0 plus de 65 ans\"}]},{\"@type\":\"WebSite\",\"@id\":\"https:\\\/\\\/www.coeurssansfrontieres.com\\\/fr\\\/#website\",\"url\":\"https:\\\/\\\/www.coeurssansfrontieres.com\\\/fr\\\/\",\"name\":\"C\u0153urs sans fronti\u00e8res\",\"description\":\"Association franco-allemande des Enfants de la Seconde Guerre Mondiale\",\"potentialAction\":[{\"@type\":\"SearchAction\",\"target\":{\"@type\":\"EntryPoint\",\"urlTemplate\":\"https:\\\/\\\/www.coeurssansfrontieres.com\\\/fr\\\/?s={search_term_string}\"},\"query-input\":{\"@type\":\"PropertyValueSpecification\",\"valueRequired\":true,\"valueName\":\"search_term_string\"}}],\"inLanguage\":\"fr-FR\"},{\"@type\":\"Person\",\"@id\":\"https:\\\/\\\/www.coeurssansfrontieres.com\\\/fr\\\/#\\\/schema\\\/person\\\/19507754554eb5218427fc31038cac56\",\"name\":\"GOFFIN Alexandre\"}]}<\/script>\n<!-- \/ Yoast SEO plugin. -->","yoast_head_json":{"title":"Deux soeurs se rencontrent \u00e0 plus de 65 ans - CSF - HOG","robots":{"index":"index","follow":"follow","max-snippet":"max-snippet:-1","max-image-preview":"max-image-preview:large","max-video-preview":"max-video-preview:-1"},"canonical":"https:\/\/www.coeurssansfrontieres.com\/fr\/recherches\/retrouvailles\/soeurs-se-rencontrent-a-plus-de-65-ans\/","og_locale":"fr_FR","og_type":"article","og_title":"Deux soeurs se rencontrent \u00e0 plus de 65 ans - CSF - HOG","og_description":"Article paru dans \u00ab OUEST FRANCE \u00bb du 6.8.2013 &nbsp; Annah a traduit ce texte en allemand pour le site de CSF et fait quelques commentaires et\/ou rectifications, en gras les passages comment\u00e9s, en italique les commentaires : On lui dira qu'il \u00e9tait pilote. ... et s'\u00e9tait \u00e9cras\u00e9 avant sa naissance ... a disparu du [&hellip;]","og_url":"https:\/\/www.coeurssansfrontieres.com\/fr\/recherches\/retrouvailles\/soeurs-se-rencontrent-a-plus-de-65-ans\/","og_site_name":"CSF - HOG","article_published_time":"2013-10-25T10:41:06+00:00","article_modified_time":"2017-10-09T16:29:46+00:00","og_image":[{"width":828,"height":834,"url":"https:\/\/www.coeurssansfrontieres.com\/wp-content\/uploads\/2013\/10\/130921JT95C.jpg","type":"image\/jpeg"}],"author":"GOFFIN Alexandre","twitter_card":"summary_large_image","twitter_misc":{"\u00c9crit par":"GOFFIN Alexandre","Dur\u00e9e de lecture estim\u00e9e":"2 minutes"},"schema":{"@context":"https:\/\/schema.org","@graph":[{"@type":"Article","@id":"https:\/\/www.coeurssansfrontieres.com\/fr\/recherches\/retrouvailles\/soeurs-se-rencontrent-a-plus-de-65-ans\/#article","isPartOf":{"@id":"https:\/\/www.coeurssansfrontieres.com\/fr\/recherches\/retrouvailles\/soeurs-se-rencontrent-a-plus-de-65-ans\/"},"author":{"name":"GOFFIN Alexandre","@id":"https:\/\/www.coeurssansfrontieres.com\/fr\/#\/schema\/person\/19507754554eb5218427fc31038cac56"},"headline":"Deux soeurs se rencontrent \u00e0 plus de 65 ans","datePublished":"2013-10-25T10:41:06+00:00","dateModified":"2017-10-09T16:29:46+00:00","mainEntityOfPage":{"@id":"https:\/\/www.coeurssansfrontieres.com\/fr\/recherches\/retrouvailles\/soeurs-se-rencontrent-a-plus-de-65-ans\/"},"wordCount":452,"commentCount":0,"image":{"@id":"https:\/\/www.coeurssansfrontieres.com\/fr\/recherches\/retrouvailles\/soeurs-se-rencontrent-a-plus-de-65-ans\/#primaryimage"},"thumbnailUrl":"https:\/\/www.coeurssansfrontieres.com\/wp-content\/uploads\/2013\/10\/130921JT95C.jpg","articleSection":["Recherches","Retrouvailles"],"inLanguage":"fr-FR","potentialAction":[{"@type":"CommentAction","name":"Comment","target":["https:\/\/www.coeurssansfrontieres.com\/fr\/recherches\/retrouvailles\/soeurs-se-rencontrent-a-plus-de-65-ans\/#respond"]}]},{"@type":"WebPage","@id":"https:\/\/www.coeurssansfrontieres.com\/fr\/recherches\/retrouvailles\/soeurs-se-rencontrent-a-plus-de-65-ans\/","url":"https:\/\/www.coeurssansfrontieres.com\/fr\/recherches\/retrouvailles\/soeurs-se-rencontrent-a-plus-de-65-ans\/","name":"Deux soeurs se rencontrent \u00e0 plus de 65 ans - CSF - HOG","isPartOf":{"@id":"https:\/\/www.coeurssansfrontieres.com\/fr\/#website"},"primaryImageOfPage":{"@id":"https:\/\/www.coeurssansfrontieres.com\/fr\/recherches\/retrouvailles\/soeurs-se-rencontrent-a-plus-de-65-ans\/#primaryimage"},"image":{"@id":"https:\/\/www.coeurssansfrontieres.com\/fr\/recherches\/retrouvailles\/soeurs-se-rencontrent-a-plus-de-65-ans\/#primaryimage"},"thumbnailUrl":"https:\/\/www.coeurssansfrontieres.com\/wp-content\/uploads\/2013\/10\/130921JT95C.jpg","datePublished":"2013-10-25T10:41:06+00:00","dateModified":"2017-10-09T16:29:46+00:00","author":{"@id":"https:\/\/www.coeurssansfrontieres.com\/fr\/#\/schema\/person\/19507754554eb5218427fc31038cac56"},"breadcrumb":{"@id":"https:\/\/www.coeurssansfrontieres.com\/fr\/recherches\/retrouvailles\/soeurs-se-rencontrent-a-plus-de-65-ans\/#breadcrumb"},"inLanguage":"fr-FR","potentialAction":[{"@type":"ReadAction","target":["https:\/\/www.coeurssansfrontieres.com\/fr\/recherches\/retrouvailles\/soeurs-se-rencontrent-a-plus-de-65-ans\/"]}]},{"@type":"ImageObject","inLanguage":"fr-FR","@id":"https:\/\/www.coeurssansfrontieres.com\/fr\/recherches\/retrouvailles\/soeurs-se-rencontrent-a-plus-de-65-ans\/#primaryimage","url":"https:\/\/www.coeurssansfrontieres.com\/wp-content\/uploads\/2013\/10\/130921JT95C.jpg","contentUrl":"https:\/\/www.coeurssansfrontieres.com\/wp-content\/uploads\/2013\/10\/130921JT95C.jpg","width":828,"height":834,"caption":"OF"},{"@type":"BreadcrumbList","@id":"https:\/\/www.coeurssansfrontieres.com\/fr\/recherches\/retrouvailles\/soeurs-se-rencontrent-a-plus-de-65-ans\/#breadcrumb","itemListElement":[{"@type":"ListItem","position":1,"name":"Accueil","item":"https:\/\/www.coeurssansfrontieres.com\/fr\/"},{"@type":"ListItem","position":2,"name":"Deux soeurs se rencontrent \u00e0 plus de 65 ans"}]},{"@type":"WebSite","@id":"https:\/\/www.coeurssansfrontieres.com\/fr\/#website","url":"https:\/\/www.coeurssansfrontieres.com\/fr\/","name":"C\u0153urs sans fronti\u00e8res","description":"Association franco-allemande des Enfants de la Seconde Guerre Mondiale","potentialAction":[{"@type":"SearchAction","target":{"@type":"EntryPoint","urlTemplate":"https:\/\/www.coeurssansfrontieres.com\/fr\/?s={search_term_string}"},"query-input":{"@type":"PropertyValueSpecification","valueRequired":true,"valueName":"search_term_string"}}],"inLanguage":"fr-FR"},{"@type":"Person","@id":"https:\/\/www.coeurssansfrontieres.com\/fr\/#\/schema\/person\/19507754554eb5218427fc31038cac56","name":"GOFFIN Alexandre"}]}},"_links":{"self":[{"href":"https:\/\/www.coeurssansfrontieres.com\/fr\/wp-json\/wp\/v2\/posts\/879","targetHints":{"allow":["GET"]}}],"collection":[{"href":"https:\/\/www.coeurssansfrontieres.com\/fr\/wp-json\/wp\/v2\/posts"}],"about":[{"href":"https:\/\/www.coeurssansfrontieres.com\/fr\/wp-json\/wp\/v2\/types\/post"}],"author":[{"embeddable":true,"href":"https:\/\/www.coeurssansfrontieres.com\/fr\/wp-json\/wp\/v2\/users\/249"}],"replies":[{"embeddable":true,"href":"https:\/\/www.coeurssansfrontieres.com\/fr\/wp-json\/wp\/v2\/comments?post=879"}],"version-history":[{"count":0,"href":"https:\/\/www.coeurssansfrontieres.com\/fr\/wp-json\/wp\/v2\/posts\/879\/revisions"}],"wp:featuredmedia":[{"embeddable":true,"href":"https:\/\/www.coeurssansfrontieres.com\/fr\/wp-json\/wp\/v2\/media\/878"}],"wp:attachment":[{"href":"https:\/\/www.coeurssansfrontieres.com\/fr\/wp-json\/wp\/v2\/media?parent=879"}],"wp:term":[{"taxonomy":"category","embeddable":true,"href":"https:\/\/www.coeurssansfrontieres.com\/fr\/wp-json\/wp\/v2\/categories?post=879"},{"taxonomy":"post_tag","embeddable":true,"href":"https:\/\/www.coeurssansfrontieres.com\/fr\/wp-json\/wp\/v2\/tags?post=879"}],"curies":[{"name":"wp","href":"https:\/\/api.w.org\/{rel}","templated":true}]}}