{"id":926,"date":"2014-04-28T17:17:35","date_gmt":"2014-04-28T15:17:35","guid":{"rendered":"http:\/\/www.coeurssansfrontieres.com\/zone-privee\/evenementiels-zone-privee\/voyage-csf-2014\/"},"modified":"2017-10-11T17:46:42","modified_gmt":"2017-10-11T15:46:42","slug":"voyage-csf-2014","status":"publish","type":"post","link":"https:\/\/www.coeurssansfrontieres.com\/fr\/vie-de-lassociation\/annoncesnouvelles\/voyage-csf-2014\/","title":{"rendered":"Voyage CSF 2014"},"content":{"rendered":"<p>[et_pb_section admin_label=\u00a0\u00bbsection\u00a0\u00bb][et_pb_row admin_label=\u00a0\u00bbrow\u00a0\u00bb][et_pb_column type=\u00a0\u00bb4_4&Prime;][et_pb_text admin_label=\u00a0\u00bbTexte\u00a0\u00bb]<\/p>\n<p style=\"text-align: center;\"><strong><span style=\"font-size: 14pt;\">Programme<\/span><\/strong><\/p>\n<p>Cette ann\u00e9e, 12 adh\u00e9rents de \u00ab C\u0153urs sans fronti\u00e8res \u00bb s\u00e9journeront \u00e0 Prague du 11 au 16 juin.<\/p>\n<p>Apr\u00e8s le traditionnel repas en commun du premier soir, nous pr\u00e9voyons quatre journ\u00e9es bien remplies<\/p>\n<p><img loading=\"lazy\" decoding=\"async\" class=\" size-full wp-image-924\" src=\"https:\/\/www.coeurssansfrontieres.com\/wp-content\/uploads\/2014\/04\/140427lq004b.jpg\" width=\"450\" height=\"301\" border=\"0\" srcset=\"https:\/\/www.coeurssansfrontieres.com\/wp-content\/uploads\/2014\/04\/140427lq004b.jpg 450w, https:\/\/www.coeurssansfrontieres.com\/wp-content\/uploads\/2014\/04\/140427lq004b-300x201.jpg 300w\" sizes=\"(max-width: 450px) 100vw, 450px\" \/><\/p>\n<p><strong>Jeudi 12 : STARE MESTO<\/strong><\/p>\n<p>Direction le c\u0153ur de la Vieille Ville, pour une plong\u00e9e dans l\u2019Histoire omnipr\u00e9sente et la d\u00e9couverte des styles.<\/p>\n<p>La Place, domin\u00e9e par les tours de l\u2018H\u00f4tel de Ville et de Notre-Dame de Tyn, deviendra vite, avec son horloge astronomique et la statue de Jan Hus, un point de rep\u00e8re, apr\u00e8s les promenades rue Celetna et Karlova.<\/p>\n<p>Les nostalgiques des Sacher Torte viennoises sauront trouver la p\u00e2tisserie Odkolek ou feront halte \u00e0 la magnifique Maison de la Municipalit\u00e9.<\/p>\n<p><strong>Vendredi 13 : HRADCANY<\/strong><\/p>\n<p>Une journ\u00e9e sera consacr\u00e9e \u00e0 la Citadelle, si\u00e8ge du pouvoir de Boh\u00e8me.<\/p>\n<p>Ch\u00e2teau, mais aussi Cath\u00e9drale St Guy, jardins Renaissance, \u00e9glises baroques, Ruelle d\u2019Or, place Notre-Dame-de-Lorette\u2026<\/p>\n<p><strong>Samedi 14 : MALA STRANA<\/strong><\/p>\n<p>Travers\u00e9e du Pont Charles qui, plus qu\u2019un simple trait d\u2019union entre deux rives, constitue en lui-m\u00eame un monument, avec ses tours et ses groupes de statues.<\/p>\n<p>Pour d\u00e9couvrir Mala Strana, il faut se promener sans itin\u00e9raire fixe dans l\u2019\u00eele Kampa, s\u2019arr\u00eater Place de Malte et Malostransk\u00e9 Namesti, fl\u00e2ner dans les jardins de Vrtba, jusqu\u2019\u00e0 Ujezd, d\u2019o\u00f9 part le funiculaire qui permet d\u2019acc\u00e9der \u00e0 la colline de P\u00e9trin et au monast\u00e8re STRAHOV.<\/p>\n<p><strong>Dimanche 15 : JOSEFOV<\/strong><\/p>\n<p>De l\u2019histoire tourment\u00e9e de la communaut\u00e9 juive de Prague ne subsistent que l\u2019ancien cimeti\u00e8re et six synagogues, notamment la synagogue Pinkas, transform\u00e9e en M\u00e9morial, la synagogue espagnole de style n\u00e9o-mauresque qui abrite une exposition sur l\u2019histoire de la communaut\u00e9 juive de Boh\u00e8me et Moravie, ou encore la Vieille-Nouvelle, l\u2019un des plus anciens lieux de culte de la communaut\u00e9 juive d\u2019Europe.<\/p>\n<p>L\u2019ancien ghetto a laiss\u00e9 place \u00e0 de larges avenues jalonn\u00e9es d\u2019\u00e9difices Art Nouveau du d\u00e9but du 20\u00e8me si\u00e8cle.<\/p>\n<p><strong>Et pour la derni\u00e8re demi-journ\u00e9e<\/strong>, il restera \u00e0 choisir selon son envie : la Place Venceslas et le souvenir de Jan Palach, Nov\u00e9 Mesto et Vysehrad, les maisons cubistes, un mus\u00e9e (Dvorak, Mucha, Kafka par exemple), les magasins, un dernier verre dans un bar \u00e0 bi\u00e8re, d\u2019autres \u00e9glises de la \u00ab ville aux cent clochers \u00bb\u2026<\/p>\n<p><img loading=\"lazy\" decoding=\"async\" class=\" size-full wp-image-925\" src=\"https:\/\/www.coeurssansfrontieres.com\/wp-content\/uploads\/2014\/04\/140427lq004aa.jpg\" width=\"208\" height=\"138\" border=\"0\" \/><\/p>\n<p>Gageons que ceux qui connaissent d\u00e9j\u00e0 Prague auront plaisir \u00e0 partager cette nouvelle visite et que les autres appr\u00e9cieront cette premi\u00e8re approche, dans la convivialit\u00e9 C.S.F.<\/p>\n<p>&nbsp;<\/p>\n<p>&nbsp;<\/p>\n<p>[\/et_pb_text][\/et_pb_column][\/et_pb_row][\/et_pb_section]<\/p>\n","protected":false},"excerpt":{"rendered":"<p>Programme Cette ann\u00e9e, 12 adh\u00e9rents de \u00ab C\u0153urs sans fronti\u00e8res \u00bb s\u00e9journeront \u00e0 Prague du 11 au 16 juin. Apr\u00e8s le traditionnel repas en commun du premier soir, nous pr\u00e9voyons quatre journ\u00e9es bien remplies Jeudi 12 : STARE MESTO Direction le c\u0153ur de la Vieille Ville, pour une plong\u00e9e dans l\u2019Histoire omnipr\u00e9sente et la d\u00e9couverte [&hellip;]<\/p>\n","protected":false},"author":249,"featured_media":924,"comment_status":"open","ping_status":"open","sticky":false,"template":"","format":"standard","meta":{"_et_pb_use_builder":"on","_et_pb_old_content":"<p style=\"text-align: center;\">\u00a0<\/p><p style=\"text-align: center;\"><strong><span style=\"font-size: 14pt;\">Programme<\/span><\/strong><\/p><p>Cette ann\u00e9e, 12 adh\u00e9rents de \u00ab C\u0153urs sans fronti\u00e8res \u00bb s\u00e9journeront \u00e0 Prague du 11 au 16 juin.<\/p><p>Apr\u00e8s le traditionnel repas en commun du premier soir, nous pr\u00e9voyons quatre journ\u00e9es bien remplies<\/p><p><img class=\" size-full wp-image-924\" src=\"https:\/\/www.coeurssansfrontieres.com\/wp-content\/uploads\/2014\/04\/140427lq004b.jpg\" width=\"450\" height=\"301\" border=\"0\" \/><\/p><p><strong>Jeudi 12 : STARE MESTO<\/strong><\/p><p>Direction le c\u0153ur de la Vieille Ville, pour une plong\u00e9e dans l\u2019Histoire omnipr\u00e9sente et la d\u00e9couverte des styles.<\/p><p>La Place, domin\u00e9e par les tours de l\u2018H\u00f4tel de Ville et de Notre-Dame de Tyn, deviendra vite, avec son horloge astronomique et la statue de Jan Hus, un point de rep\u00e8re, apr\u00e8s les promenades rue Celetna et Karlova.<\/p><p>Les nostalgiques des Sacher Torte viennoises sauront trouver la p\u00e2tisserie Odkolek ou feront halte \u00e0 la magnifique Maison de la Municipalit\u00e9.<\/p><p><strong>Vendredi 13 : HRADCANY<\/strong><\/p><p>Une journ\u00e9e sera consacr\u00e9e \u00e0 la Citadelle, si\u00e8ge du pouvoir de Boh\u00e8me.<\/p><p>Ch\u00e2teau, mais aussi Cath\u00e9drale St Guy, jardins Renaissance, \u00e9glises baroques, Ruelle d\u2019Or, place Notre-Dame-de-Lorette\u2026<\/p><p><strong>Samedi 14 : MALA STRANA<\/strong><\/p><p>Travers\u00e9e du Pont Charles qui, plus qu\u2019un simple trait d\u2019union entre deux rives, constitue en lui-m\u00eame un monument, avec ses tours et ses groupes de statues.<\/p><p>Pour d\u00e9couvrir Mala Strana, il faut se promener sans itin\u00e9raire fixe dans l\u2019\u00eele Kampa, s\u2019arr\u00eater Place de Malte et Malostransk\u00e9 Namesti, fl\u00e2ner dans les jardins de Vrtba, jusqu\u2019\u00e0 Ujezd, d\u2019o\u00f9 part le funiculaire qui permet d\u2019acc\u00e9der \u00e0 la colline de P\u00e9trin et au monast\u00e8re STRAHOV.<\/p><p><strong>Dimanche 15 : JOSEFOV<\/strong><\/p><p>De l\u2019histoire tourment\u00e9e de la communaut\u00e9 juive de Prague ne subsistent que l\u2019ancien cimeti\u00e8re et six synagogues, notamment la synagogue Pinkas, transform\u00e9e en M\u00e9morial, la synagogue espagnole de style n\u00e9o-mauresque qui abrite une exposition sur l\u2019histoire de la communaut\u00e9 juive de Boh\u00e8me et Moravie, ou encore la Vieille-Nouvelle, l\u2019un des plus anciens lieux de culte de la communaut\u00e9 juive d\u2019Europe.<\/p><p>L\u2019ancien ghetto a laiss\u00e9 place \u00e0 de larges avenues jalonn\u00e9es d\u2019\u00e9difices Art Nouveau du d\u00e9but du 20\u00e8me si\u00e8cle.<\/p><p><strong>Et pour la derni\u00e8re demi-journ\u00e9e<\/strong>, il restera \u00e0 choisir selon son envie : la Place Venceslas et le souvenir de Jan Palach, Nov\u00e9 Mesto et Vysehrad, les maisons cubistes, un mus\u00e9e (Dvorak, Mucha, Kafka par exemple), les magasins, un dernier verre dans un bar \u00e0 bi\u00e8re, d\u2019autres \u00e9glises de la \u00ab ville aux cent clochers \u00bb\u2026<\/p><p><img class=\" size-full wp-image-925\" src=\"https:\/\/www.coeurssansfrontieres.com\/wp-content\/uploads\/2014\/04\/140427lq004aa.jpg\" width=\"208\" height=\"138\" border=\"0\" \/><\/p><p>Gageons que ceux qui connaissent d\u00e9j\u00e0 Prague auront plaisir \u00e0 partager cette nouvelle visite et que les autres appr\u00e9cieront cette premi\u00e8re approche, dans la convivialit\u00e9 C.S.F.<\/p><p>\u00a0<\/p><p>\u00a0<\/p>","_et_gb_content_width":"","footnotes":""},"categories":[183,13],"tags":[],"class_list":["post-926","post","type-post","status-publish","format-standard","has-post-thumbnail","hentry","category-annoncesnouvelles","category-vie-de-lassociation"],"yoast_head":"<!-- This site is optimized with the Yoast SEO plugin v27.5 - https:\/\/yoast.com\/product\/yoast-seo-wordpress\/ -->\n<title>Voyage CSF 2014 - CSF - HOG<\/title>\n<meta name=\"robots\" content=\"index, follow, max-snippet:-1, max-image-preview:large, max-video-preview:-1\" \/>\n<link rel=\"canonical\" href=\"https:\/\/www.coeurssansfrontieres.com\/fr\/vie-de-lassociation\/annoncesnouvelles\/voyage-csf-2014\/\" \/>\n<meta property=\"og:locale\" content=\"fr_FR\" \/>\n<meta property=\"og:type\" content=\"article\" \/>\n<meta property=\"og:title\" content=\"Voyage CSF 2014 - CSF - HOG\" \/>\n<meta property=\"og:description\" content=\"Programme Cette ann\u00e9e, 12 adh\u00e9rents de \u00ab C\u0153urs sans fronti\u00e8res \u00bb s\u00e9journeront \u00e0 Prague du 11 au 16 juin. Apr\u00e8s le traditionnel repas en commun du premier soir, nous pr\u00e9voyons quatre journ\u00e9es bien remplies Jeudi 12 : STARE MESTO Direction le c\u0153ur de la Vieille Ville, pour une plong\u00e9e dans l\u2019Histoire omnipr\u00e9sente et la d\u00e9couverte [&hellip;]\" \/>\n<meta property=\"og:url\" content=\"https:\/\/www.coeurssansfrontieres.com\/fr\/vie-de-lassociation\/annoncesnouvelles\/voyage-csf-2014\/\" \/>\n<meta property=\"og:site_name\" content=\"CSF - HOG\" \/>\n<meta property=\"article:published_time\" content=\"2014-04-28T15:17:35+00:00\" \/>\n<meta property=\"article:modified_time\" content=\"2017-10-11T15:46:42+00:00\" \/>\n<meta property=\"og:image\" content=\"https:\/\/www.coeurssansfrontieres.com\/wp-content\/uploads\/2014\/04\/140427lq004b.jpg\" \/>\n\t<meta property=\"og:image:width\" content=\"450\" \/>\n\t<meta property=\"og:image:height\" content=\"301\" \/>\n\t<meta property=\"og:image:type\" content=\"image\/jpeg\" \/>\n<meta name=\"author\" content=\"GOFFIN Alexandre\" \/>\n<meta name=\"twitter:card\" content=\"summary_large_image\" \/>\n<meta name=\"twitter:label1\" content=\"\u00c9crit par\" \/>\n\t<meta name=\"twitter:data1\" content=\"GOFFIN Alexandre\" \/>\n\t<meta name=\"twitter:label2\" content=\"Dur\u00e9e de lecture estim\u00e9e\" \/>\n\t<meta name=\"twitter:data2\" content=\"2 minutes\" \/>\n<script type=\"application\/ld+json\" class=\"yoast-schema-graph\">{\"@context\":\"https:\\\/\\\/schema.org\",\"@graph\":[{\"@type\":\"Article\",\"@id\":\"https:\\\/\\\/www.coeurssansfrontieres.com\\\/fr\\\/vie-de-lassociation\\\/annoncesnouvelles\\\/voyage-csf-2014\\\/#article\",\"isPartOf\":{\"@id\":\"https:\\\/\\\/www.coeurssansfrontieres.com\\\/fr\\\/vie-de-lassociation\\\/annoncesnouvelles\\\/voyage-csf-2014\\\/\"},\"author\":{\"name\":\"GOFFIN Alexandre\",\"@id\":\"https:\\\/\\\/www.coeurssansfrontieres.com\\\/fr\\\/#\\\/schema\\\/person\\\/19507754554eb5218427fc31038cac56\"},\"headline\":\"Voyage CSF 2014\",\"datePublished\":\"2014-04-28T15:17:35+00:00\",\"dateModified\":\"2017-10-11T15:46:42+00:00\",\"mainEntityOfPage\":{\"@id\":\"https:\\\/\\\/www.coeurssansfrontieres.com\\\/fr\\\/vie-de-lassociation\\\/annoncesnouvelles\\\/voyage-csf-2014\\\/\"},\"wordCount\":467,\"commentCount\":0,\"image\":{\"@id\":\"https:\\\/\\\/www.coeurssansfrontieres.com\\\/fr\\\/vie-de-lassociation\\\/annoncesnouvelles\\\/voyage-csf-2014\\\/#primaryimage\"},\"thumbnailUrl\":\"https:\\\/\\\/www.coeurssansfrontieres.com\\\/wp-content\\\/uploads\\\/2014\\\/04\\\/140427lq004b.jpg\",\"articleSection\":[\"AnnoncesNouvelles\",\"Vie de l'Association\"],\"inLanguage\":\"fr-FR\",\"potentialAction\":[{\"@type\":\"CommentAction\",\"name\":\"Comment\",\"target\":[\"https:\\\/\\\/www.coeurssansfrontieres.com\\\/fr\\\/vie-de-lassociation\\\/annoncesnouvelles\\\/voyage-csf-2014\\\/#respond\"]}]},{\"@type\":\"WebPage\",\"@id\":\"https:\\\/\\\/www.coeurssansfrontieres.com\\\/fr\\\/vie-de-lassociation\\\/annoncesnouvelles\\\/voyage-csf-2014\\\/\",\"url\":\"https:\\\/\\\/www.coeurssansfrontieres.com\\\/fr\\\/vie-de-lassociation\\\/annoncesnouvelles\\\/voyage-csf-2014\\\/\",\"name\":\"Voyage CSF 2014 - CSF - HOG\",\"isPartOf\":{\"@id\":\"https:\\\/\\\/www.coeurssansfrontieres.com\\\/fr\\\/#website\"},\"primaryImageOfPage\":{\"@id\":\"https:\\\/\\\/www.coeurssansfrontieres.com\\\/fr\\\/vie-de-lassociation\\\/annoncesnouvelles\\\/voyage-csf-2014\\\/#primaryimage\"},\"image\":{\"@id\":\"https:\\\/\\\/www.coeurssansfrontieres.com\\\/fr\\\/vie-de-lassociation\\\/annoncesnouvelles\\\/voyage-csf-2014\\\/#primaryimage\"},\"thumbnailUrl\":\"https:\\\/\\\/www.coeurssansfrontieres.com\\\/wp-content\\\/uploads\\\/2014\\\/04\\\/140427lq004b.jpg\",\"datePublished\":\"2014-04-28T15:17:35+00:00\",\"dateModified\":\"2017-10-11T15:46:42+00:00\",\"author\":{\"@id\":\"https:\\\/\\\/www.coeurssansfrontieres.com\\\/fr\\\/#\\\/schema\\\/person\\\/19507754554eb5218427fc31038cac56\"},\"breadcrumb\":{\"@id\":\"https:\\\/\\\/www.coeurssansfrontieres.com\\\/fr\\\/vie-de-lassociation\\\/annoncesnouvelles\\\/voyage-csf-2014\\\/#breadcrumb\"},\"inLanguage\":\"fr-FR\",\"potentialAction\":[{\"@type\":\"ReadAction\",\"target\":[\"https:\\\/\\\/www.coeurssansfrontieres.com\\\/fr\\\/vie-de-lassociation\\\/annoncesnouvelles\\\/voyage-csf-2014\\\/\"]}]},{\"@type\":\"ImageObject\",\"inLanguage\":\"fr-FR\",\"@id\":\"https:\\\/\\\/www.coeurssansfrontieres.com\\\/fr\\\/vie-de-lassociation\\\/annoncesnouvelles\\\/voyage-csf-2014\\\/#primaryimage\",\"url\":\"https:\\\/\\\/www.coeurssansfrontieres.com\\\/wp-content\\\/uploads\\\/2014\\\/04\\\/140427lq004b.jpg\",\"contentUrl\":\"https:\\\/\\\/www.coeurssansfrontieres.com\\\/wp-content\\\/uploads\\\/2014\\\/04\\\/140427lq004b.jpg\",\"width\":450,\"height\":301},{\"@type\":\"BreadcrumbList\",\"@id\":\"https:\\\/\\\/www.coeurssansfrontieres.com\\\/fr\\\/vie-de-lassociation\\\/annoncesnouvelles\\\/voyage-csf-2014\\\/#breadcrumb\",\"itemListElement\":[{\"@type\":\"ListItem\",\"position\":1,\"name\":\"Accueil\",\"item\":\"https:\\\/\\\/www.coeurssansfrontieres.com\\\/fr\\\/\"},{\"@type\":\"ListItem\",\"position\":2,\"name\":\"Voyage CSF 2014\"}]},{\"@type\":\"WebSite\",\"@id\":\"https:\\\/\\\/www.coeurssansfrontieres.com\\\/fr\\\/#website\",\"url\":\"https:\\\/\\\/www.coeurssansfrontieres.com\\\/fr\\\/\",\"name\":\"C\u0153urs sans fronti\u00e8res\",\"description\":\"Association franco-allemande des Enfants de la Seconde Guerre Mondiale\",\"potentialAction\":[{\"@type\":\"SearchAction\",\"target\":{\"@type\":\"EntryPoint\",\"urlTemplate\":\"https:\\\/\\\/www.coeurssansfrontieres.com\\\/fr\\\/?s={search_term_string}\"},\"query-input\":{\"@type\":\"PropertyValueSpecification\",\"valueRequired\":true,\"valueName\":\"search_term_string\"}}],\"inLanguage\":\"fr-FR\"},{\"@type\":\"Person\",\"@id\":\"https:\\\/\\\/www.coeurssansfrontieres.com\\\/fr\\\/#\\\/schema\\\/person\\\/19507754554eb5218427fc31038cac56\",\"name\":\"GOFFIN Alexandre\"}]}<\/script>\n<!-- \/ Yoast SEO plugin. -->","yoast_head_json":{"title":"Voyage CSF 2014 - CSF - HOG","robots":{"index":"index","follow":"follow","max-snippet":"max-snippet:-1","max-image-preview":"max-image-preview:large","max-video-preview":"max-video-preview:-1"},"canonical":"https:\/\/www.coeurssansfrontieres.com\/fr\/vie-de-lassociation\/annoncesnouvelles\/voyage-csf-2014\/","og_locale":"fr_FR","og_type":"article","og_title":"Voyage CSF 2014 - CSF - HOG","og_description":"Programme Cette ann\u00e9e, 12 adh\u00e9rents de \u00ab C\u0153urs sans fronti\u00e8res \u00bb s\u00e9journeront \u00e0 Prague du 11 au 16 juin. Apr\u00e8s le traditionnel repas en commun du premier soir, nous pr\u00e9voyons quatre journ\u00e9es bien remplies Jeudi 12 : STARE MESTO Direction le c\u0153ur de la Vieille Ville, pour une plong\u00e9e dans l\u2019Histoire omnipr\u00e9sente et la d\u00e9couverte [&hellip;]","og_url":"https:\/\/www.coeurssansfrontieres.com\/fr\/vie-de-lassociation\/annoncesnouvelles\/voyage-csf-2014\/","og_site_name":"CSF - HOG","article_published_time":"2014-04-28T15:17:35+00:00","article_modified_time":"2017-10-11T15:46:42+00:00","og_image":[{"width":450,"height":301,"url":"https:\/\/www.coeurssansfrontieres.com\/wp-content\/uploads\/2014\/04\/140427lq004b.jpg","type":"image\/jpeg"}],"author":"GOFFIN Alexandre","twitter_card":"summary_large_image","twitter_misc":{"\u00c9crit par":"GOFFIN Alexandre","Dur\u00e9e de lecture estim\u00e9e":"2 minutes"},"schema":{"@context":"https:\/\/schema.org","@graph":[{"@type":"Article","@id":"https:\/\/www.coeurssansfrontieres.com\/fr\/vie-de-lassociation\/annoncesnouvelles\/voyage-csf-2014\/#article","isPartOf":{"@id":"https:\/\/www.coeurssansfrontieres.com\/fr\/vie-de-lassociation\/annoncesnouvelles\/voyage-csf-2014\/"},"author":{"name":"GOFFIN Alexandre","@id":"https:\/\/www.coeurssansfrontieres.com\/fr\/#\/schema\/person\/19507754554eb5218427fc31038cac56"},"headline":"Voyage CSF 2014","datePublished":"2014-04-28T15:17:35+00:00","dateModified":"2017-10-11T15:46:42+00:00","mainEntityOfPage":{"@id":"https:\/\/www.coeurssansfrontieres.com\/fr\/vie-de-lassociation\/annoncesnouvelles\/voyage-csf-2014\/"},"wordCount":467,"commentCount":0,"image":{"@id":"https:\/\/www.coeurssansfrontieres.com\/fr\/vie-de-lassociation\/annoncesnouvelles\/voyage-csf-2014\/#primaryimage"},"thumbnailUrl":"https:\/\/www.coeurssansfrontieres.com\/wp-content\/uploads\/2014\/04\/140427lq004b.jpg","articleSection":["AnnoncesNouvelles","Vie de l'Association"],"inLanguage":"fr-FR","potentialAction":[{"@type":"CommentAction","name":"Comment","target":["https:\/\/www.coeurssansfrontieres.com\/fr\/vie-de-lassociation\/annoncesnouvelles\/voyage-csf-2014\/#respond"]}]},{"@type":"WebPage","@id":"https:\/\/www.coeurssansfrontieres.com\/fr\/vie-de-lassociation\/annoncesnouvelles\/voyage-csf-2014\/","url":"https:\/\/www.coeurssansfrontieres.com\/fr\/vie-de-lassociation\/annoncesnouvelles\/voyage-csf-2014\/","name":"Voyage CSF 2014 - CSF - HOG","isPartOf":{"@id":"https:\/\/www.coeurssansfrontieres.com\/fr\/#website"},"primaryImageOfPage":{"@id":"https:\/\/www.coeurssansfrontieres.com\/fr\/vie-de-lassociation\/annoncesnouvelles\/voyage-csf-2014\/#primaryimage"},"image":{"@id":"https:\/\/www.coeurssansfrontieres.com\/fr\/vie-de-lassociation\/annoncesnouvelles\/voyage-csf-2014\/#primaryimage"},"thumbnailUrl":"https:\/\/www.coeurssansfrontieres.com\/wp-content\/uploads\/2014\/04\/140427lq004b.jpg","datePublished":"2014-04-28T15:17:35+00:00","dateModified":"2017-10-11T15:46:42+00:00","author":{"@id":"https:\/\/www.coeurssansfrontieres.com\/fr\/#\/schema\/person\/19507754554eb5218427fc31038cac56"},"breadcrumb":{"@id":"https:\/\/www.coeurssansfrontieres.com\/fr\/vie-de-lassociation\/annoncesnouvelles\/voyage-csf-2014\/#breadcrumb"},"inLanguage":"fr-FR","potentialAction":[{"@type":"ReadAction","target":["https:\/\/www.coeurssansfrontieres.com\/fr\/vie-de-lassociation\/annoncesnouvelles\/voyage-csf-2014\/"]}]},{"@type":"ImageObject","inLanguage":"fr-FR","@id":"https:\/\/www.coeurssansfrontieres.com\/fr\/vie-de-lassociation\/annoncesnouvelles\/voyage-csf-2014\/#primaryimage","url":"https:\/\/www.coeurssansfrontieres.com\/wp-content\/uploads\/2014\/04\/140427lq004b.jpg","contentUrl":"https:\/\/www.coeurssansfrontieres.com\/wp-content\/uploads\/2014\/04\/140427lq004b.jpg","width":450,"height":301},{"@type":"BreadcrumbList","@id":"https:\/\/www.coeurssansfrontieres.com\/fr\/vie-de-lassociation\/annoncesnouvelles\/voyage-csf-2014\/#breadcrumb","itemListElement":[{"@type":"ListItem","position":1,"name":"Accueil","item":"https:\/\/www.coeurssansfrontieres.com\/fr\/"},{"@type":"ListItem","position":2,"name":"Voyage CSF 2014"}]},{"@type":"WebSite","@id":"https:\/\/www.coeurssansfrontieres.com\/fr\/#website","url":"https:\/\/www.coeurssansfrontieres.com\/fr\/","name":"C\u0153urs sans fronti\u00e8res","description":"Association franco-allemande des Enfants de la Seconde Guerre Mondiale","potentialAction":[{"@type":"SearchAction","target":{"@type":"EntryPoint","urlTemplate":"https:\/\/www.coeurssansfrontieres.com\/fr\/?s={search_term_string}"},"query-input":{"@type":"PropertyValueSpecification","valueRequired":true,"valueName":"search_term_string"}}],"inLanguage":"fr-FR"},{"@type":"Person","@id":"https:\/\/www.coeurssansfrontieres.com\/fr\/#\/schema\/person\/19507754554eb5218427fc31038cac56","name":"GOFFIN Alexandre"}]}},"_links":{"self":[{"href":"https:\/\/www.coeurssansfrontieres.com\/fr\/wp-json\/wp\/v2\/posts\/926","targetHints":{"allow":["GET"]}}],"collection":[{"href":"https:\/\/www.coeurssansfrontieres.com\/fr\/wp-json\/wp\/v2\/posts"}],"about":[{"href":"https:\/\/www.coeurssansfrontieres.com\/fr\/wp-json\/wp\/v2\/types\/post"}],"author":[{"embeddable":true,"href":"https:\/\/www.coeurssansfrontieres.com\/fr\/wp-json\/wp\/v2\/users\/249"}],"replies":[{"embeddable":true,"href":"https:\/\/www.coeurssansfrontieres.com\/fr\/wp-json\/wp\/v2\/comments?post=926"}],"version-history":[{"count":0,"href":"https:\/\/www.coeurssansfrontieres.com\/fr\/wp-json\/wp\/v2\/posts\/926\/revisions"}],"wp:featuredmedia":[{"embeddable":true,"href":"https:\/\/www.coeurssansfrontieres.com\/fr\/wp-json\/wp\/v2\/media\/924"}],"wp:attachment":[{"href":"https:\/\/www.coeurssansfrontieres.com\/fr\/wp-json\/wp\/v2\/media?parent=926"}],"wp:term":[{"taxonomy":"category","embeddable":true,"href":"https:\/\/www.coeurssansfrontieres.com\/fr\/wp-json\/wp\/v2\/categories?post=926"},{"taxonomy":"post_tag","embeddable":true,"href":"https:\/\/www.coeurssansfrontieres.com\/fr\/wp-json\/wp\/v2\/tags?post=926"}],"curies":[{"name":"wp","href":"https:\/\/api.w.org\/{rel}","templated":true}]}}