{"id":982,"date":"2014-08-03T11:00:54","date_gmt":"2014-08-03T09:00:54","guid":{"rendered":"http:\/\/www.coeurssansfrontieres.com\/zone-privee\/informations-ponctuelles\/juin-juillet-2014\/"},"modified":"2017-09-19T11:36:40","modified_gmt":"2017-09-19T09:36:40","slug":"juin-juillet-2014","status":"publish","type":"post","link":"https:\/\/www.coeurssansfrontieres.com\/fr\/vie-de-lassociation\/annoncesnouvelles\/juin-juillet-2014\/","title":{"rendered":"Juin \u2013 Juillet 2014"},"content":{"rendered":"<p>[et_pb_section admin_label=\u00a0\u00bbsection\u00a0\u00bb][et_pb_row admin_label=\u00a0\u00bbrow\u00a0\u00bb][et_pb_column type=\u00a0\u00bb4_4&Prime;][et_pb_text admin_label=\u00a0\u00bbTexte\u00a0\u00bb]<\/p>\n<p>&nbsp;<\/p>\n<p>&#8211; Les r\u00e9unions Sud-est et Ouest, ont \u00e9t\u00e9 de chaleureux moments de partage et d\u2019amiti\u00e9, voir dans \u00ab zone priv\u00e9e\/r\u00e9unions \u00bb quelques photos et commentaires.<\/p>\n<p>&#8211; Le voyage \u00e0 Prague est comment\u00e9 dans la partie publique\/Rencontre, nous ne doutons pas qu\u2019\u00e0 la lecture les participants revivront d\u2019agr\u00e9ables moments, les autres d\u00e9couvriront les merveilles pragoises.<\/p>\n<p>&#8211; Le temps va para\u00eetre bien long avant la prochaine occasion de se revoir, ce sera, comme chaque ann\u00e9e, lors de <strong style=\"color: #8080ff;\">la Rencontre Franco-allemande suivie de l\u2019Assembl\u00e9e g\u00e9n\u00e9rale les 22 et 23 novembre 2014.<\/strong> Merci de noter d\u00e8s \u00e0 pr\u00e9sent ces dates sur votre agenda.<\/p>\n<p>Le Conseil d\u2019administration s\u2019est r\u00e9uni le 28 juin \u00e0 Paris pour se concerter et pr\u00e9voir l\u2019organisation de ces belles journ\u00e9es.<\/p>\n<p>Ce sera dans la R\u00e9gion parisienne, le th\u00e8me retenu est le centenaire du d\u00e9but de la 1\u00e8re guerre mondiale. 100 ans apr\u00e8s ce conflit, qui a pr\u00e9par\u00e9 la Seconde Guerre mondiale g\u00e9n\u00e9ratrice de nos naissances, il est int\u00e9ressant de comprendre comment nos grands-parents ont v\u00e9cu cette triste p\u00e9riode et en quoi la soci\u00e9t\u00e9 en a \u00e9t\u00e9 transform\u00e9e. Le chemin parcouru nous permet de c\u00e9l\u00e9brer cette ann\u00e9e le 70\u00e8me anniversaire de la R\u00e9conciliation. Une guerre nous a fait na\u00eetre, mais nous avons eu la chance de vivre dans la Paix. Nos parents, nos familles et la Soci\u00e9t\u00e9 nous ont tenus \u00e0 l\u2019\u00e9cart de l\u2019Histoire, nos livres de classe ne mentionnaient que les batailles, les d\u00e9faites et les victoires, Maintenant, en tant qu\u2019association franco-allemande, ouvrons les yeux sur ce pass\u00e9 commun, il est important que nous sachions d\u2019o\u00f9 nous venons et que m\u00eame dans les pires circonstances l\u2019amour subsiste et fait fleurir des nouvelles pousses porteuses d\u2019espoir, nous sommes ces pousses.<\/p>\n<p>Ensemble nous sommes forts, nous le ressentons \u00e0 chaque rencontre, venez nombreux puiser \u00e0 notre \u00e9nergie commune.<\/p>\n<p>Pour satisfaire ce qui a \u00e9t\u00e9 exprim\u00e9 par un grand nombre, le maximum de temps sera consacr\u00e9 \u00e0 des excursions, ce qui facilite la communication entre nous.<\/p>\n<p>Nous tavaillons pendant l\u2019\u00e9t\u00e9, vous recevrez au cours de la 1\u00e8re quinzaine de septembre des pr\u00e9cisions quand au lieu d\u2019accueil : le Comfort H\u00f4tel au Mesnil-Amelot (d\u00e9j\u00e0 connu par ceux qui \u00e9taient pr\u00e9sents en 2012) et le programme.<\/p>\n<p style=\"margin-left: 4em;\"><em><strong style=\"font-size: 13pt;\">A tous, nous souhaitons un bel \u00e9t\u00e9.<\/strong><\/em><\/p>\n<p><img loading=\"lazy\" decoding=\"async\" class=\" size-full wp-image-981\" style=\"display: block; text-align: center; border: 1px solid black;\" src=\"https:\/\/www.coeurssansfrontieres.com\/wp-content\/uploads\/2014\/08\/140730lq040a.jpg\" alt=\"140730LQ040A\" width=\"540\" height=\"540\" border=\"0\" srcset=\"https:\/\/www.coeurssansfrontieres.com\/wp-content\/uploads\/2014\/08\/140730lq040a.jpg 540w, https:\/\/www.coeurssansfrontieres.com\/wp-content\/uploads\/2014\/08\/140730lq040a-480x480.jpg 480w\" sizes=\"(min-width: 0px) and (max-width: 480px) 480px, (min-width: 481px) 540px, 100vw\" \/><\/p>\n<p>[\/et_pb_text][\/et_pb_column][\/et_pb_row][\/et_pb_section]<\/p>\n","protected":false},"excerpt":{"rendered":"<p>&nbsp; &#8211; Les r\u00e9unions Sud-est et Ouest, ont \u00e9t\u00e9 de chaleureux moments de partage et d\u2019amiti\u00e9, voir dans \u00ab zone priv\u00e9e\/r\u00e9unions \u00bb quelques photos et commentaires. &#8211; Le voyage \u00e0 Prague est comment\u00e9 dans la partie publique\/Rencontre, nous ne doutons pas qu\u2019\u00e0 la lecture les participants revivront d\u2019agr\u00e9ables moments, les autres d\u00e9couvriront les merveilles pragoises. [&hellip;]<\/p>\n","protected":false},"author":249,"featured_media":5593,"comment_status":"open","ping_status":"open","sticky":false,"template":"","format":"standard","meta":{"_et_pb_use_builder":"on","_et_pb_old_content":"<p>\u00a0<\/p><p>- Les r\u00e9unions Sud-est et Ouest, ont \u00e9t\u00e9 de chaleureux moments de partage et d\u2019amiti\u00e9, voir dans \u00ab zone priv\u00e9e\/r\u00e9unions \u00bb quelques photos et commentaires.<\/p><p>- Le voyage \u00e0 Prague est comment\u00e9 dans la partie publique\/Rencontre, nous ne doutons pas qu\u2019\u00e0 la lecture les participants revivront d\u2019agr\u00e9ables moments, les autres d\u00e9couvriront les merveilles pragoises.<\/p><p>- Le temps va para\u00eetre bien long avant la prochaine occasion de se revoir, ce sera, comme chaque ann\u00e9e, lors de <strong style=\"color: #8080ff;\">la Rencontre Franco-allemande suivie de l\u2019Assembl\u00e9e g\u00e9n\u00e9rale les 22 et 23 novembre 2014.<\/strong> Merci de noter d\u00e8s \u00e0 pr\u00e9sent ces dates sur votre agenda.<\/p><p>Le Conseil d\u2019administration s\u2019est r\u00e9uni le 28 juin \u00e0 Paris pour se concerter et pr\u00e9voir l\u2019organisation de ces belles journ\u00e9es.<\/p><p>Ce sera dans la R\u00e9gion parisienne, le th\u00e8me retenu est le centenaire du d\u00e9but de la 1\u00e8re guerre mondiale. 100 ans apr\u00e8s ce conflit, qui a pr\u00e9par\u00e9 la Seconde Guerre mondiale g\u00e9n\u00e9ratrice de nos naissances, il est int\u00e9ressant de comprendre comment nos grands-parents ont v\u00e9cu cette triste p\u00e9riode et en quoi la soci\u00e9t\u00e9 en a \u00e9t\u00e9 transform\u00e9e. Le chemin parcouru nous permet de c\u00e9l\u00e9brer cette ann\u00e9e le 70\u00e8me anniversaire de la R\u00e9conciliation. Une guerre nous a fait na\u00eetre, mais nous avons eu la chance de vivre dans la Paix. Nos parents, nos familles et la Soci\u00e9t\u00e9 nous ont tenus \u00e0 l\u2019\u00e9cart de l\u2019Histoire, nos livres de classe ne mentionnaient que les batailles, les d\u00e9faites et les victoires, Maintenant, en tant qu\u2019association franco-allemande, ouvrons les yeux sur ce pass\u00e9 commun, il est important que nous sachions d\u2019o\u00f9 nous venons et que m\u00eame dans les pires circonstances l\u2019amour subsiste et fait fleurir des nouvelles pousses porteuses d\u2019espoir, nous sommes ces pousses.<\/p><p>Ensemble nous sommes forts, nous le ressentons \u00e0 chaque rencontre, venez nombreux puiser \u00e0 notre \u00e9nergie commune.<\/p><p>Pour satisfaire ce qui a \u00e9t\u00e9 exprim\u00e9 par un grand nombre, le maximum de temps sera consacr\u00e9 \u00e0 des excursions, ce qui facilite la communication entre nous.<\/p><p>Nous tavaillons pendant l\u2019\u00e9t\u00e9, vous recevrez au cours de la 1\u00e8re quinzaine de septembre des pr\u00e9cisions quand au lieu d\u2019accueil : le Comfort H\u00f4tel au Mesnil-Amelot (d\u00e9j\u00e0 connu par ceux qui \u00e9taient pr\u00e9sents en 2012) et le programme.<\/p><p style=\"margin-left: 4em;\"><em><strong style=\"font-size: 13pt;\">A tous, nous souhaitons un bel \u00e9t\u00e9.<\/strong><\/em><\/p><p><img class=\" size-full wp-image-981\" style=\"display: block; text-align: center; border: 1px solid black;\" src=\"https:\/\/www.coeurssansfrontieres.com\/wp-content\/uploads\/2014\/08\/140730lq040a.jpg\" alt=\"140730LQ040A\" width=\"540\" height=\"540\" border=\"0\" \/><\/p>","_et_gb_content_width":"","footnotes":""},"categories":[183,13],"tags":[],"class_list":["post-982","post","type-post","status-publish","format-standard","has-post-thumbnail","hentry","category-annoncesnouvelles","category-vie-de-lassociation"],"yoast_head":"<!-- This site is optimized with the Yoast SEO plugin v27.5 - https:\/\/yoast.com\/product\/yoast-seo-wordpress\/ -->\n<title>Juin \u2013 Juillet 2014 - CSF - HOG<\/title>\n<meta name=\"robots\" content=\"index, follow, max-snippet:-1, max-image-preview:large, max-video-preview:-1\" \/>\n<link rel=\"canonical\" href=\"https:\/\/www.coeurssansfrontieres.com\/fr\/vie-de-lassociation\/annoncesnouvelles\/juin-juillet-2014\/\" \/>\n<meta property=\"og:locale\" content=\"fr_FR\" \/>\n<meta property=\"og:type\" content=\"article\" \/>\n<meta property=\"og:title\" content=\"Juin \u2013 Juillet 2014 - CSF - HOG\" \/>\n<meta property=\"og:description\" content=\"&nbsp; - Les r\u00e9unions Sud-est et Ouest, ont \u00e9t\u00e9 de chaleureux moments de partage et d\u2019amiti\u00e9, voir dans \u00ab zone priv\u00e9e\/r\u00e9unions \u00bb quelques photos et commentaires. - Le voyage \u00e0 Prague est comment\u00e9 dans la partie publique\/Rencontre, nous ne doutons pas qu\u2019\u00e0 la lecture les participants revivront d\u2019agr\u00e9ables moments, les autres d\u00e9couvriront les merveilles pragoises. [&hellip;]\" \/>\n<meta property=\"og:url\" content=\"https:\/\/www.coeurssansfrontieres.com\/fr\/vie-de-lassociation\/annoncesnouvelles\/juin-juillet-2014\/\" \/>\n<meta property=\"og:site_name\" content=\"CSF - HOG\" \/>\n<meta property=\"article:published_time\" content=\"2014-08-03T09:00:54+00:00\" \/>\n<meta property=\"article:modified_time\" content=\"2017-09-19T09:36:40+00:00\" \/>\n<meta property=\"og:image\" content=\"https:\/\/www.coeurssansfrontieres.com\/wp-content\/uploads\/2014\/08\/140730lq040a-small.jpg\" \/>\n\t<meta property=\"og:image:width\" content=\"200\" \/>\n\t<meta property=\"og:image:height\" content=\"200\" \/>\n\t<meta property=\"og:image:type\" content=\"image\/jpeg\" \/>\n<meta name=\"author\" content=\"GOFFIN Alexandre\" \/>\n<meta name=\"twitter:card\" content=\"summary_large_image\" \/>\n<meta name=\"twitter:label1\" content=\"\u00c9crit par\" \/>\n\t<meta name=\"twitter:data1\" content=\"GOFFIN Alexandre\" \/>\n\t<meta name=\"twitter:label2\" content=\"Dur\u00e9e de lecture estim\u00e9e\" \/>\n\t<meta name=\"twitter:data2\" content=\"2 minutes\" \/>\n<script type=\"application\/ld+json\" class=\"yoast-schema-graph\">{\"@context\":\"https:\\\/\\\/schema.org\",\"@graph\":[{\"@type\":\"Article\",\"@id\":\"https:\\\/\\\/www.coeurssansfrontieres.com\\\/fr\\\/vie-de-lassociation\\\/annoncesnouvelles\\\/juin-juillet-2014\\\/#article\",\"isPartOf\":{\"@id\":\"https:\\\/\\\/www.coeurssansfrontieres.com\\\/fr\\\/vie-de-lassociation\\\/annoncesnouvelles\\\/juin-juillet-2014\\\/\"},\"author\":{\"name\":\"GOFFIN Alexandre\",\"@id\":\"https:\\\/\\\/www.coeurssansfrontieres.com\\\/fr\\\/#\\\/schema\\\/person\\\/19507754554eb5218427fc31038cac56\"},\"headline\":\"Juin \u2013 Juillet 2014\",\"datePublished\":\"2014-08-03T09:00:54+00:00\",\"dateModified\":\"2017-09-19T09:36:40+00:00\",\"mainEntityOfPage\":{\"@id\":\"https:\\\/\\\/www.coeurssansfrontieres.com\\\/fr\\\/vie-de-lassociation\\\/annoncesnouvelles\\\/juin-juillet-2014\\\/\"},\"wordCount\":443,\"commentCount\":0,\"image\":{\"@id\":\"https:\\\/\\\/www.coeurssansfrontieres.com\\\/fr\\\/vie-de-lassociation\\\/annoncesnouvelles\\\/juin-juillet-2014\\\/#primaryimage\"},\"thumbnailUrl\":\"https:\\\/\\\/www.coeurssansfrontieres.com\\\/wp-content\\\/uploads\\\/2014\\\/08\\\/140730lq040a-small.jpg\",\"articleSection\":[\"AnnoncesNouvelles\",\"Vie de l'Association\"],\"inLanguage\":\"fr-FR\",\"potentialAction\":[{\"@type\":\"CommentAction\",\"name\":\"Comment\",\"target\":[\"https:\\\/\\\/www.coeurssansfrontieres.com\\\/fr\\\/vie-de-lassociation\\\/annoncesnouvelles\\\/juin-juillet-2014\\\/#respond\"]}]},{\"@type\":\"WebPage\",\"@id\":\"https:\\\/\\\/www.coeurssansfrontieres.com\\\/fr\\\/vie-de-lassociation\\\/annoncesnouvelles\\\/juin-juillet-2014\\\/\",\"url\":\"https:\\\/\\\/www.coeurssansfrontieres.com\\\/fr\\\/vie-de-lassociation\\\/annoncesnouvelles\\\/juin-juillet-2014\\\/\",\"name\":\"Juin \u2013 Juillet 2014 - CSF - HOG\",\"isPartOf\":{\"@id\":\"https:\\\/\\\/www.coeurssansfrontieres.com\\\/fr\\\/#website\"},\"primaryImageOfPage\":{\"@id\":\"https:\\\/\\\/www.coeurssansfrontieres.com\\\/fr\\\/vie-de-lassociation\\\/annoncesnouvelles\\\/juin-juillet-2014\\\/#primaryimage\"},\"image\":{\"@id\":\"https:\\\/\\\/www.coeurssansfrontieres.com\\\/fr\\\/vie-de-lassociation\\\/annoncesnouvelles\\\/juin-juillet-2014\\\/#primaryimage\"},\"thumbnailUrl\":\"https:\\\/\\\/www.coeurssansfrontieres.com\\\/wp-content\\\/uploads\\\/2014\\\/08\\\/140730lq040a-small.jpg\",\"datePublished\":\"2014-08-03T09:00:54+00:00\",\"dateModified\":\"2017-09-19T09:36:40+00:00\",\"author\":{\"@id\":\"https:\\\/\\\/www.coeurssansfrontieres.com\\\/fr\\\/#\\\/schema\\\/person\\\/19507754554eb5218427fc31038cac56\"},\"breadcrumb\":{\"@id\":\"https:\\\/\\\/www.coeurssansfrontieres.com\\\/fr\\\/vie-de-lassociation\\\/annoncesnouvelles\\\/juin-juillet-2014\\\/#breadcrumb\"},\"inLanguage\":\"fr-FR\",\"potentialAction\":[{\"@type\":\"ReadAction\",\"target\":[\"https:\\\/\\\/www.coeurssansfrontieres.com\\\/fr\\\/vie-de-lassociation\\\/annoncesnouvelles\\\/juin-juillet-2014\\\/\"]}]},{\"@type\":\"ImageObject\",\"inLanguage\":\"fr-FR\",\"@id\":\"https:\\\/\\\/www.coeurssansfrontieres.com\\\/fr\\\/vie-de-lassociation\\\/annoncesnouvelles\\\/juin-juillet-2014\\\/#primaryimage\",\"url\":\"https:\\\/\\\/www.coeurssansfrontieres.com\\\/wp-content\\\/uploads\\\/2014\\\/08\\\/140730lq040a-small.jpg\",\"contentUrl\":\"https:\\\/\\\/www.coeurssansfrontieres.com\\\/wp-content\\\/uploads\\\/2014\\\/08\\\/140730lq040a-small.jpg\",\"width\":200,\"height\":200},{\"@type\":\"BreadcrumbList\",\"@id\":\"https:\\\/\\\/www.coeurssansfrontieres.com\\\/fr\\\/vie-de-lassociation\\\/annoncesnouvelles\\\/juin-juillet-2014\\\/#breadcrumb\",\"itemListElement\":[{\"@type\":\"ListItem\",\"position\":1,\"name\":\"Accueil\",\"item\":\"https:\\\/\\\/www.coeurssansfrontieres.com\\\/fr\\\/\"},{\"@type\":\"ListItem\",\"position\":2,\"name\":\"Juin \u2013 Juillet 2014\"}]},{\"@type\":\"WebSite\",\"@id\":\"https:\\\/\\\/www.coeurssansfrontieres.com\\\/fr\\\/#website\",\"url\":\"https:\\\/\\\/www.coeurssansfrontieres.com\\\/fr\\\/\",\"name\":\"C\u0153urs sans fronti\u00e8res\",\"description\":\"Association franco-allemande des Enfants de la Seconde Guerre Mondiale\",\"potentialAction\":[{\"@type\":\"SearchAction\",\"target\":{\"@type\":\"EntryPoint\",\"urlTemplate\":\"https:\\\/\\\/www.coeurssansfrontieres.com\\\/fr\\\/?s={search_term_string}\"},\"query-input\":{\"@type\":\"PropertyValueSpecification\",\"valueRequired\":true,\"valueName\":\"search_term_string\"}}],\"inLanguage\":\"fr-FR\"},{\"@type\":\"Person\",\"@id\":\"https:\\\/\\\/www.coeurssansfrontieres.com\\\/fr\\\/#\\\/schema\\\/person\\\/19507754554eb5218427fc31038cac56\",\"name\":\"GOFFIN Alexandre\"}]}<\/script>\n<!-- \/ Yoast SEO plugin. -->","yoast_head_json":{"title":"Juin \u2013 Juillet 2014 - CSF - HOG","robots":{"index":"index","follow":"follow","max-snippet":"max-snippet:-1","max-image-preview":"max-image-preview:large","max-video-preview":"max-video-preview:-1"},"canonical":"https:\/\/www.coeurssansfrontieres.com\/fr\/vie-de-lassociation\/annoncesnouvelles\/juin-juillet-2014\/","og_locale":"fr_FR","og_type":"article","og_title":"Juin \u2013 Juillet 2014 - CSF - HOG","og_description":"&nbsp; - Les r\u00e9unions Sud-est et Ouest, ont \u00e9t\u00e9 de chaleureux moments de partage et d\u2019amiti\u00e9, voir dans \u00ab zone priv\u00e9e\/r\u00e9unions \u00bb quelques photos et commentaires. - Le voyage \u00e0 Prague est comment\u00e9 dans la partie publique\/Rencontre, nous ne doutons pas qu\u2019\u00e0 la lecture les participants revivront d\u2019agr\u00e9ables moments, les autres d\u00e9couvriront les merveilles pragoises. [&hellip;]","og_url":"https:\/\/www.coeurssansfrontieres.com\/fr\/vie-de-lassociation\/annoncesnouvelles\/juin-juillet-2014\/","og_site_name":"CSF - HOG","article_published_time":"2014-08-03T09:00:54+00:00","article_modified_time":"2017-09-19T09:36:40+00:00","og_image":[{"width":200,"height":200,"url":"https:\/\/www.coeurssansfrontieres.com\/wp-content\/uploads\/2014\/08\/140730lq040a-small.jpg","type":"image\/jpeg"}],"author":"GOFFIN Alexandre","twitter_card":"summary_large_image","twitter_misc":{"\u00c9crit par":"GOFFIN Alexandre","Dur\u00e9e de lecture estim\u00e9e":"2 minutes"},"schema":{"@context":"https:\/\/schema.org","@graph":[{"@type":"Article","@id":"https:\/\/www.coeurssansfrontieres.com\/fr\/vie-de-lassociation\/annoncesnouvelles\/juin-juillet-2014\/#article","isPartOf":{"@id":"https:\/\/www.coeurssansfrontieres.com\/fr\/vie-de-lassociation\/annoncesnouvelles\/juin-juillet-2014\/"},"author":{"name":"GOFFIN Alexandre","@id":"https:\/\/www.coeurssansfrontieres.com\/fr\/#\/schema\/person\/19507754554eb5218427fc31038cac56"},"headline":"Juin \u2013 Juillet 2014","datePublished":"2014-08-03T09:00:54+00:00","dateModified":"2017-09-19T09:36:40+00:00","mainEntityOfPage":{"@id":"https:\/\/www.coeurssansfrontieres.com\/fr\/vie-de-lassociation\/annoncesnouvelles\/juin-juillet-2014\/"},"wordCount":443,"commentCount":0,"image":{"@id":"https:\/\/www.coeurssansfrontieres.com\/fr\/vie-de-lassociation\/annoncesnouvelles\/juin-juillet-2014\/#primaryimage"},"thumbnailUrl":"https:\/\/www.coeurssansfrontieres.com\/wp-content\/uploads\/2014\/08\/140730lq040a-small.jpg","articleSection":["AnnoncesNouvelles","Vie de l'Association"],"inLanguage":"fr-FR","potentialAction":[{"@type":"CommentAction","name":"Comment","target":["https:\/\/www.coeurssansfrontieres.com\/fr\/vie-de-lassociation\/annoncesnouvelles\/juin-juillet-2014\/#respond"]}]},{"@type":"WebPage","@id":"https:\/\/www.coeurssansfrontieres.com\/fr\/vie-de-lassociation\/annoncesnouvelles\/juin-juillet-2014\/","url":"https:\/\/www.coeurssansfrontieres.com\/fr\/vie-de-lassociation\/annoncesnouvelles\/juin-juillet-2014\/","name":"Juin \u2013 Juillet 2014 - CSF - HOG","isPartOf":{"@id":"https:\/\/www.coeurssansfrontieres.com\/fr\/#website"},"primaryImageOfPage":{"@id":"https:\/\/www.coeurssansfrontieres.com\/fr\/vie-de-lassociation\/annoncesnouvelles\/juin-juillet-2014\/#primaryimage"},"image":{"@id":"https:\/\/www.coeurssansfrontieres.com\/fr\/vie-de-lassociation\/annoncesnouvelles\/juin-juillet-2014\/#primaryimage"},"thumbnailUrl":"https:\/\/www.coeurssansfrontieres.com\/wp-content\/uploads\/2014\/08\/140730lq040a-small.jpg","datePublished":"2014-08-03T09:00:54+00:00","dateModified":"2017-09-19T09:36:40+00:00","author":{"@id":"https:\/\/www.coeurssansfrontieres.com\/fr\/#\/schema\/person\/19507754554eb5218427fc31038cac56"},"breadcrumb":{"@id":"https:\/\/www.coeurssansfrontieres.com\/fr\/vie-de-lassociation\/annoncesnouvelles\/juin-juillet-2014\/#breadcrumb"},"inLanguage":"fr-FR","potentialAction":[{"@type":"ReadAction","target":["https:\/\/www.coeurssansfrontieres.com\/fr\/vie-de-lassociation\/annoncesnouvelles\/juin-juillet-2014\/"]}]},{"@type":"ImageObject","inLanguage":"fr-FR","@id":"https:\/\/www.coeurssansfrontieres.com\/fr\/vie-de-lassociation\/annoncesnouvelles\/juin-juillet-2014\/#primaryimage","url":"https:\/\/www.coeurssansfrontieres.com\/wp-content\/uploads\/2014\/08\/140730lq040a-small.jpg","contentUrl":"https:\/\/www.coeurssansfrontieres.com\/wp-content\/uploads\/2014\/08\/140730lq040a-small.jpg","width":200,"height":200},{"@type":"BreadcrumbList","@id":"https:\/\/www.coeurssansfrontieres.com\/fr\/vie-de-lassociation\/annoncesnouvelles\/juin-juillet-2014\/#breadcrumb","itemListElement":[{"@type":"ListItem","position":1,"name":"Accueil","item":"https:\/\/www.coeurssansfrontieres.com\/fr\/"},{"@type":"ListItem","position":2,"name":"Juin \u2013 Juillet 2014"}]},{"@type":"WebSite","@id":"https:\/\/www.coeurssansfrontieres.com\/fr\/#website","url":"https:\/\/www.coeurssansfrontieres.com\/fr\/","name":"C\u0153urs sans fronti\u00e8res","description":"Association franco-allemande des Enfants de la Seconde Guerre Mondiale","potentialAction":[{"@type":"SearchAction","target":{"@type":"EntryPoint","urlTemplate":"https:\/\/www.coeurssansfrontieres.com\/fr\/?s={search_term_string}"},"query-input":{"@type":"PropertyValueSpecification","valueRequired":true,"valueName":"search_term_string"}}],"inLanguage":"fr-FR"},{"@type":"Person","@id":"https:\/\/www.coeurssansfrontieres.com\/fr\/#\/schema\/person\/19507754554eb5218427fc31038cac56","name":"GOFFIN Alexandre"}]}},"_links":{"self":[{"href":"https:\/\/www.coeurssansfrontieres.com\/fr\/wp-json\/wp\/v2\/posts\/982","targetHints":{"allow":["GET"]}}],"collection":[{"href":"https:\/\/www.coeurssansfrontieres.com\/fr\/wp-json\/wp\/v2\/posts"}],"about":[{"href":"https:\/\/www.coeurssansfrontieres.com\/fr\/wp-json\/wp\/v2\/types\/post"}],"author":[{"embeddable":true,"href":"https:\/\/www.coeurssansfrontieres.com\/fr\/wp-json\/wp\/v2\/users\/249"}],"replies":[{"embeddable":true,"href":"https:\/\/www.coeurssansfrontieres.com\/fr\/wp-json\/wp\/v2\/comments?post=982"}],"version-history":[{"count":0,"href":"https:\/\/www.coeurssansfrontieres.com\/fr\/wp-json\/wp\/v2\/posts\/982\/revisions"}],"wp:featuredmedia":[{"embeddable":true,"href":"https:\/\/www.coeurssansfrontieres.com\/fr\/wp-json\/wp\/v2\/media\/5593"}],"wp:attachment":[{"href":"https:\/\/www.coeurssansfrontieres.com\/fr\/wp-json\/wp\/v2\/media?parent=982"}],"wp:term":[{"taxonomy":"category","embeddable":true,"href":"https:\/\/www.coeurssansfrontieres.com\/fr\/wp-json\/wp\/v2\/categories?post=982"},{"taxonomy":"post_tag","embeddable":true,"href":"https:\/\/www.coeurssansfrontieres.com\/fr\/wp-json\/wp\/v2\/tags?post=982"}],"curies":[{"name":"wp","href":"https:\/\/api.w.org\/{rel}","templated":true}]}}