{"id":993,"date":"2014-12-20T15:47:16","date_gmt":"2014-12-20T14:47:16","guid":{"rendered":"http:\/\/www.coeurssansfrontieres.com\/vie-de-lassociation\/colloques\/rencontre-franco-allemande-2014-a-meaux\/"},"modified":"2017-10-12T10:25:16","modified_gmt":"2017-10-12T08:25:16","slug":"rencontre-franco-allemande-2014-a-meaux","status":"publish","type":"post","link":"https:\/\/www.coeurssansfrontieres.com\/fr\/vie-de-lassociation\/rencontres-annuelles\/rencontre-franco-allemande-2014-a-meaux\/","title":{"rendered":"Rencontre franco-allemande 2014 \u00e0 Meaux"},"content":{"rendered":"<p>[et_pb_section admin_label=\u00a0\u00bbsection\u00a0\u00bb][et_pb_row admin_label=\u00a0\u00bbrow\u00a0\u00bb][et_pb_column type=\u00a0\u00bb4_4&Prime;][et_pb_text admin_label=\u00a0\u00bbTexte\u00a0\u00bb]<\/p>\n<p>&nbsp;<\/p>\n<p>Notre Rencontre franco-allemande s\u2019est tenue pr\u00e8s de Meaux. Les membres de CSF-HOG et leurs invit\u00e9s ont effectu\u00e9 2 excursions.<\/p>\n<p>Le matin, Pays de Meaux oblige, la visite d\u2019une fromagerie et de sa cave d\u2019affinage a int\u00e9ress\u00e9 les gastronomes.<\/p>\n<p>L\u2019apr\u00e8s-midi en cette ann\u00e9e du centenaire de la d\u00e9claration de la guerre 1914-1918, la visite du Mus\u00e9e de la Grande guerre du Mus\u00e9e de Meaux s\u2019imposait.<\/p>\n<p>Nous ressentions comme une avanc\u00e9e significative de la civilisation europ\u00e9enne, que nous, Enfants de guerre fran\u00e7ais, allemands, autrichiens et belges visitions ensemble ce lieu rappelant combien nos a\u00efeux communs ont souffert.<\/p>\n<p>H\u00e9las, la le\u00e7on de cette guerre n\u2019ayant pas suffi \u00e0 calmer les esprits, un deuxi\u00e8me conflit a nouveau plong\u00e9 nos pays dans l\u2019horreur. Nous en sommes les fruits d\u00e9fendus.<\/p>\n<p>Nos parents ont su r\u00e9sister \u00e0 ces courants de haine, de cet immonde terreau a surgit une nouvelle g\u00e9n\u00e9ration que ceux qui ne pouvaient accepter que la vie triomphe sur l\u2019an\u00e9antissement. A travers toute l\u2019Europe ces enfants n\u00e9s de parents dont les pays \u00e9taient ennemis, ont r\u00e9ussi malgr\u00e9 tous les obstacles \u00e0 faire triompher la raison et continuent ensemble \u00e0 lutter pour que d\u2019autres enfants ne soient pas contraints au m\u00eame parcours qu\u2019eux pour trouver leurs p\u00e8res g\u00e9niteurs.<\/p>\n<p>Bien que par une approche novatrice ce Mus\u00e9e de la Grande guerre soit avant tout un mus\u00e9e d\u2019histoire et de soci\u00e9t\u00e9, t\u00e9moin des bouleversements sociaux, techniques, militaires, g\u00e9opolitiques du monde pendant cette p\u00e9riode, la tristesse s\u2019est install\u00e9e et a remplac\u00e9 la ga\u00eet\u00e9 matinale.<\/p>\n<p>La soir\u00e9e consacr\u00e9e \u00e0 une r\u00e9union amicale a permis \u00e0 chacun de chasser les id\u00e9es sombres et de se projeter vers l\u2019avenir.<\/p>\n<p>Le journal de la Marne, a relat\u00e9 dans son \u00e9dition du 3 d\u00e9cembre 2014 notre pr\u00e9sence au Mus\u00e9e de la grande guerre :<\/p>\n<p><span style=\"color: #8080ff;\"><span style=\"color: #0080ff;\"><strong>Journal de Meaux<\/strong><\/span><\/span><\/p>\n<p><strong><span style=\"font-size: 13pt;\">N\u00e9s durant la guerre\u2026 d\u2019un p\u00e8re inconnu<\/span><\/strong><\/p>\n<p><strong>Samedi 22 novembre, parmi les visiteurs du mus\u00e9e de la Grande Guerre, des hommes et des femmes qui sont n\u00e9s, durant la Seconde Guerre mondiale, de p\u00e8re inconnu&#8230;<br \/>\n<\/strong><\/p>\n<p style=\"text-align: center;\"><img loading=\"lazy\" decoding=\"async\" class=\" size-full wp-image-992\" src=\"https:\/\/www.coeurssansfrontieres.com\/wp-content\/uploads\/2014\/12\/141220LQ051A.jpg\" alt=\"141220LQ051A\" width=\"550\" height=\"336\" border=\"0\" srcset=\"https:\/\/www.coeurssansfrontieres.com\/wp-content\/uploads\/2014\/12\/141220LQ051A.jpg 550w, https:\/\/www.coeurssansfrontieres.com\/wp-content\/uploads\/2014\/12\/141220LQ051A-480x293.jpg 480w\" sizes=\"(min-width: 0px) and (max-width: 480px) 480px, (min-width: 481px) 550px, 100vw\" \/><\/p>\n<p>\u00ab Cette visite au mus\u00e9e de la Grande Guerre \u00e9tait organis\u00e9e pour les adh\u00e9rents de \u00ab C\u0153urs sans fronti\u00e8res \u00bb, une association cr\u00e9\u00e9e en 2005 \u00e0 la suite de la parution dans le Figaro du livre de Jean-Paul Picaper, Enfants maudits.<\/p>\n<p>L\u2019association, qui compte plus de 200 membres, s\u2019adresse aux Fran\u00e7ais, Allemands, Belges et Autrichiens n\u00e9s, pendant la Seconde Guerre mondiale, de p\u00e8re inconnu et de nationalit\u00e9 diff\u00e9rente de celle de la m\u00e8re. Beaucoup sont en qu\u00eate de leur g\u00e9niteur.<\/p>\n<p>Elle a pour objectif principal de promouvoir la tol\u00e9rance, la compr\u00e9hension, l\u2019entraide et les \u00e9changes culturels entre les peuples afin de favoriser la d\u00e9couverte d\u2019\u00e9ventuels contacts avec des demi-fr\u00e8res ou demi-s\u0153urs.<\/p>\n<p>Le bureau de l\u2019association, via le pr\u00e9sident Michel Blanc et la secr\u00e9taire Chantal Le Quentrec, se charge de faciliter, sous certaines conditions, l\u2019obtention par l\u2019Assembl\u00e9e nationale ou le Bundestag, de la double nationalit\u00e9. On estime en effet \u00e0 pr\u00e8s de 200 000 enfants n\u00e9s de p\u00e8re inconnu en Europe durant cette p\u00e9riode de notre histoire.<\/p>\n<p>L\u2019histoire est un \u00e9ternel recommencement et si la construction de l\u2019Europe a permis la r\u00e9conciliation, l\u2019association pr\u00e9f\u00e8re rester vigilante quant \u00e0 la reconnaissance, encore d\u2019actualit\u00e9, des enfants n\u00e9s des conflits arm\u00e9s dans le monde.<\/p>\n<p>Samedi, au mus\u00e9e de la Grande Guerre, Nicholas Bader, un jeune am\u00e9ricain qui accompagnait les 40 personnes de quatre nationalit\u00e9s diff\u00e9rentes, a re\u00e7u le prix Fran\u00e7ais 2014 d\u00e9cern\u00e9 par le Davidson Coll\u00e8ge (Caroline du Nord) pour sa th\u00e8se \u00abEmbryons de l\u2019Europe, enfants maudits. Il y d\u00e9crit, avec brio, le douloureux cheminement des enfants de la guerre et leurs difficult\u00e9s de la naissance \u00e0 leurs revendications d\u2019aujourd\u2019hui\u00bb.<\/p>\n<p>[\/et_pb_text][\/et_pb_column][\/et_pb_row][\/et_pb_section]<\/p>\n","protected":false},"excerpt":{"rendered":"<p>&nbsp; Notre Rencontre franco-allemande s\u2019est tenue pr\u00e8s de Meaux. Les membres de CSF-HOG et leurs invit\u00e9s ont effectu\u00e9 2 excursions. Le matin, Pays de Meaux oblige, la visite d\u2019une fromagerie et de sa cave d\u2019affinage a int\u00e9ress\u00e9 les gastronomes. L\u2019apr\u00e8s-midi en cette ann\u00e9e du centenaire de la d\u00e9claration de la guerre 1914-1918, la visite du [&hellip;]<\/p>\n","protected":false},"author":249,"featured_media":992,"comment_status":"open","ping_status":"open","sticky":false,"template":"","format":"standard","meta":{"_et_pb_use_builder":"on","_et_pb_old_content":"<p>\u00a0<\/p><p>Notre Rencontre franco-allemande s\u2019est tenue pr\u00e8s de Meaux. Les membres de CSF-HOG et leurs invit\u00e9s ont effectu\u00e9 2 excursions.<\/p><p>Le matin, Pays de Meaux oblige, la visite d\u2019une fromagerie et de sa cave d\u2019affinage a int\u00e9ress\u00e9 les gastronomes.<\/p><p>L\u2019apr\u00e8s-midi en cette ann\u00e9e du centenaire de la d\u00e9claration de la guerre 1914-1918, la visite du Mus\u00e9e de la Grande guerre du Mus\u00e9e de Meaux s\u2019imposait.<\/p><p>Nous ressentions comme une avanc\u00e9e significative de la civilisation europ\u00e9enne, que nous, Enfants de guerre fran\u00e7ais, allemands, autrichiens et belges visitions ensemble ce lieu rappelant combien nos a\u00efeux communs ont souffert.<\/p><p>H\u00e9las, la le\u00e7on de cette guerre n\u2019ayant pas suffi \u00e0 calmer les esprits, un deuxi\u00e8me conflit a nouveau plong\u00e9 nos pays dans l\u2019horreur. Nous en sommes les fruits d\u00e9fendus.<\/p><p>Nos parents ont su r\u00e9sister \u00e0 ces courants de haine, de cet immonde terreau a surgit une nouvelle g\u00e9n\u00e9ration que ceux qui ne pouvaient accepter que la vie triomphe sur l\u2019an\u00e9antissement. A travers toute l\u2019Europe ces enfants n\u00e9s de parents dont les pays \u00e9taient ennemis, ont r\u00e9ussi malgr\u00e9 tous les obstacles \u00e0 faire triompher la raison et continuent ensemble \u00e0 lutter pour que d\u2019autres enfants ne soient pas contraints au m\u00eame parcours qu\u2019eux pour trouver leurs p\u00e8res g\u00e9niteurs.<\/p><p>Bien que par une approche novatrice ce Mus\u00e9e de la Grande guerre soit avant tout un mus\u00e9e d\u2019histoire et de soci\u00e9t\u00e9, t\u00e9moin des bouleversements sociaux, techniques, militaires, g\u00e9opolitiques du monde pendant cette p\u00e9riode, la tristesse s\u2019est install\u00e9e et a remplac\u00e9 la ga\u00eet\u00e9 matinale.<\/p><p>La soir\u00e9e consacr\u00e9e \u00e0 une r\u00e9union amicale a permis \u00e0 chacun de chasser les id\u00e9es sombres et de se projeter vers l\u2019avenir.<\/p><p>Le journal de la Marne, a relat\u00e9 dans son \u00e9dition du 3 d\u00e9cembre 2014 notre pr\u00e9sence au Mus\u00e9e de la grande guerre :<\/p><p><span style=\"color: #8080ff;\"><span style=\"color: #0080ff;\"><strong>Journal de Meaux<\/strong><\/span><\/span><\/p><p><strong><span style=\"font-size: 13pt;\">N\u00e9s durant la guerre\u2026 d\u2019un p\u00e8re inconnu<\/span><\/strong><\/p><p><strong>Samedi 22 novembre, parmi les visiteurs du mus\u00e9e de la Grande Guerre, des hommes et des femmes qui sont n\u00e9s, durant la Seconde Guerre mondiale, de p\u00e8re inconnu...<br \/><\/strong><\/p><p style=\"text-align: center;\"><img class=\" size-full wp-image-992\" src=\"https:\/\/www.coeurssansfrontieres.com\/wp-content\/uploads\/2014\/12\/141220LQ051A.jpg\" alt=\"141220LQ051A\" width=\"550\" height=\"336\" border=\"0\" \/><\/p><p><br \/>\u00ab Cette visite au mus\u00e9e de la Grande Guerre \u00e9tait organis\u00e9e pour les adh\u00e9rents de \u00ab C\u0153urs sans fronti\u00e8res \u00bb, une association cr\u00e9\u00e9e en 2005 \u00e0 la suite de la parution dans le Figaro du livre de Jean-Paul Picaper, Enfants maudits.<\/p><p>L\u2019association, qui compte plus de 200 membres, s\u2019adresse aux Fran\u00e7ais, Allemands, Belges et Autrichiens n\u00e9s, pendant la Seconde Guerre mondiale, de p\u00e8re inconnu et de nationalit\u00e9 diff\u00e9rente de celle de la m\u00e8re. Beaucoup sont en qu\u00eate de leur g\u00e9niteur.<\/p><p>Elle a pour objectif principal de promouvoir la tol\u00e9rance, la compr\u00e9hension, l\u2019entraide et les \u00e9changes culturels entre les peuples afin de favoriser la d\u00e9couverte d\u2019\u00e9ventuels contacts avec des demi-fr\u00e8res ou demi-s\u0153urs.<\/p><p>Le bureau de l\u2019association, via le pr\u00e9sident Michel Blanc et la secr\u00e9taire Chantal Le Quentrec, se charge de faciliter, sous certaines conditions, l\u2019obtention par l\u2019Assembl\u00e9e nationale ou le Bundestag, de la double nationalit\u00e9. On estime en effet \u00e0 pr\u00e8s de 200 000 enfants n\u00e9s de p\u00e8re inconnu en Europe durant cette p\u00e9riode de notre histoire.<\/p><p>L\u2019histoire est un \u00e9ternel recommencement et si la construction de l\u2019Europe a permis la r\u00e9conciliation, l\u2019association pr\u00e9f\u00e8re rester vigilante quant \u00e0 la reconnaissance, encore d\u2019actualit\u00e9, des enfants n\u00e9s des conflits arm\u00e9s dans le monde.<\/p><p>Samedi, au mus\u00e9e de la Grande Guerre, Nicholas Bader, un jeune am\u00e9ricain qui accompagnait les 40 personnes de quatre nationalit\u00e9s diff\u00e9rentes, a re\u00e7u le prix Fran\u00e7ais 2014 d\u00e9cern\u00e9 par le Davidson Coll\u00e8ge (Caroline du Nord) pour sa th\u00e8se \u00abEmbryons de l\u2019Europe, enfants maudits. Il y d\u00e9crit, avec brio, le douloureux cheminement des enfants de la guerre et leurs difficult\u00e9s de la naissance \u00e0 leurs revendications d\u2019aujourd\u2019hui\u00bb.<\/p>","_et_gb_content_width":"","footnotes":""},"categories":[210,13],"tags":[],"class_list":["post-993","post","type-post","status-publish","format-standard","has-post-thumbnail","hentry","category-rencontres-annuelles","category-vie-de-lassociation"],"yoast_head":"<!-- This site is optimized with the Yoast SEO plugin v27.5 - https:\/\/yoast.com\/product\/yoast-seo-wordpress\/ -->\n<title>Rencontre franco-allemande 2014 \u00e0 Meaux - CSF - HOG<\/title>\n<meta name=\"robots\" content=\"index, follow, max-snippet:-1, max-image-preview:large, max-video-preview:-1\" \/>\n<link rel=\"canonical\" href=\"https:\/\/www.coeurssansfrontieres.com\/fr\/vie-de-lassociation\/rencontres-annuelles\/rencontre-franco-allemande-2014-a-meaux\/\" \/>\n<meta property=\"og:locale\" content=\"fr_FR\" \/>\n<meta property=\"og:type\" content=\"article\" \/>\n<meta property=\"og:title\" content=\"Rencontre franco-allemande 2014 \u00e0 Meaux - CSF - HOG\" \/>\n<meta property=\"og:description\" content=\"&nbsp; Notre Rencontre franco-allemande s\u2019est tenue pr\u00e8s de Meaux. Les membres de CSF-HOG et leurs invit\u00e9s ont effectu\u00e9 2 excursions. Le matin, Pays de Meaux oblige, la visite d\u2019une fromagerie et de sa cave d\u2019affinage a int\u00e9ress\u00e9 les gastronomes. L\u2019apr\u00e8s-midi en cette ann\u00e9e du centenaire de la d\u00e9claration de la guerre 1914-1918, la visite du [&hellip;]\" \/>\n<meta property=\"og:url\" content=\"https:\/\/www.coeurssansfrontieres.com\/fr\/vie-de-lassociation\/rencontres-annuelles\/rencontre-franco-allemande-2014-a-meaux\/\" \/>\n<meta property=\"og:site_name\" content=\"CSF - HOG\" \/>\n<meta property=\"article:published_time\" content=\"2014-12-20T14:47:16+00:00\" \/>\n<meta property=\"article:modified_time\" content=\"2017-10-12T08:25:16+00:00\" \/>\n<meta property=\"og:image\" content=\"https:\/\/www.coeurssansfrontieres.com\/wp-content\/uploads\/2014\/12\/141220LQ051A.jpg\" \/>\n\t<meta property=\"og:image:width\" content=\"550\" \/>\n\t<meta property=\"og:image:height\" content=\"336\" \/>\n\t<meta property=\"og:image:type\" content=\"image\/jpeg\" \/>\n<meta name=\"author\" content=\"GOFFIN Alexandre\" \/>\n<meta name=\"twitter:card\" content=\"summary_large_image\" \/>\n<meta name=\"twitter:label1\" content=\"\u00c9crit par\" \/>\n\t<meta name=\"twitter:data1\" content=\"GOFFIN Alexandre\" \/>\n\t<meta name=\"twitter:label2\" content=\"Dur\u00e9e de lecture estim\u00e9e\" \/>\n\t<meta name=\"twitter:data2\" content=\"4 minutes\" \/>\n<script type=\"application\/ld+json\" class=\"yoast-schema-graph\">{\"@context\":\"https:\\\/\\\/schema.org\",\"@graph\":[{\"@type\":\"Article\",\"@id\":\"https:\\\/\\\/www.coeurssansfrontieres.com\\\/fr\\\/vie-de-lassociation\\\/rencontres-annuelles\\\/rencontre-franco-allemande-2014-a-meaux\\\/#article\",\"isPartOf\":{\"@id\":\"https:\\\/\\\/www.coeurssansfrontieres.com\\\/fr\\\/vie-de-lassociation\\\/rencontres-annuelles\\\/rencontre-franco-allemande-2014-a-meaux\\\/\"},\"author\":{\"name\":\"GOFFIN Alexandre\",\"@id\":\"https:\\\/\\\/www.coeurssansfrontieres.com\\\/fr\\\/#\\\/schema\\\/person\\\/19507754554eb5218427fc31038cac56\"},\"headline\":\"Rencontre franco-allemande 2014 \u00e0 Meaux\",\"datePublished\":\"2014-12-20T14:47:16+00:00\",\"dateModified\":\"2017-10-12T08:25:16+00:00\",\"mainEntityOfPage\":{\"@id\":\"https:\\\/\\\/www.coeurssansfrontieres.com\\\/fr\\\/vie-de-lassociation\\\/rencontres-annuelles\\\/rencontre-franco-allemande-2014-a-meaux\\\/\"},\"wordCount\":723,\"commentCount\":0,\"image\":{\"@id\":\"https:\\\/\\\/www.coeurssansfrontieres.com\\\/fr\\\/vie-de-lassociation\\\/rencontres-annuelles\\\/rencontre-franco-allemande-2014-a-meaux\\\/#primaryimage\"},\"thumbnailUrl\":\"https:\\\/\\\/www.coeurssansfrontieres.com\\\/wp-content\\\/uploads\\\/2014\\\/12\\\/141220LQ051A.jpg\",\"articleSection\":[\"Rencontres annuelles\",\"Vie de l'Association\"],\"inLanguage\":\"fr-FR\",\"potentialAction\":[{\"@type\":\"CommentAction\",\"name\":\"Comment\",\"target\":[\"https:\\\/\\\/www.coeurssansfrontieres.com\\\/fr\\\/vie-de-lassociation\\\/rencontres-annuelles\\\/rencontre-franco-allemande-2014-a-meaux\\\/#respond\"]}]},{\"@type\":\"WebPage\",\"@id\":\"https:\\\/\\\/www.coeurssansfrontieres.com\\\/fr\\\/vie-de-lassociation\\\/rencontres-annuelles\\\/rencontre-franco-allemande-2014-a-meaux\\\/\",\"url\":\"https:\\\/\\\/www.coeurssansfrontieres.com\\\/fr\\\/vie-de-lassociation\\\/rencontres-annuelles\\\/rencontre-franco-allemande-2014-a-meaux\\\/\",\"name\":\"Rencontre franco-allemande 2014 \u00e0 Meaux - CSF - HOG\",\"isPartOf\":{\"@id\":\"https:\\\/\\\/www.coeurssansfrontieres.com\\\/fr\\\/#website\"},\"primaryImageOfPage\":{\"@id\":\"https:\\\/\\\/www.coeurssansfrontieres.com\\\/fr\\\/vie-de-lassociation\\\/rencontres-annuelles\\\/rencontre-franco-allemande-2014-a-meaux\\\/#primaryimage\"},\"image\":{\"@id\":\"https:\\\/\\\/www.coeurssansfrontieres.com\\\/fr\\\/vie-de-lassociation\\\/rencontres-annuelles\\\/rencontre-franco-allemande-2014-a-meaux\\\/#primaryimage\"},\"thumbnailUrl\":\"https:\\\/\\\/www.coeurssansfrontieres.com\\\/wp-content\\\/uploads\\\/2014\\\/12\\\/141220LQ051A.jpg\",\"datePublished\":\"2014-12-20T14:47:16+00:00\",\"dateModified\":\"2017-10-12T08:25:16+00:00\",\"author\":{\"@id\":\"https:\\\/\\\/www.coeurssansfrontieres.com\\\/fr\\\/#\\\/schema\\\/person\\\/19507754554eb5218427fc31038cac56\"},\"breadcrumb\":{\"@id\":\"https:\\\/\\\/www.coeurssansfrontieres.com\\\/fr\\\/vie-de-lassociation\\\/rencontres-annuelles\\\/rencontre-franco-allemande-2014-a-meaux\\\/#breadcrumb\"},\"inLanguage\":\"fr-FR\",\"potentialAction\":[{\"@type\":\"ReadAction\",\"target\":[\"https:\\\/\\\/www.coeurssansfrontieres.com\\\/fr\\\/vie-de-lassociation\\\/rencontres-annuelles\\\/rencontre-franco-allemande-2014-a-meaux\\\/\"]}]},{\"@type\":\"ImageObject\",\"inLanguage\":\"fr-FR\",\"@id\":\"https:\\\/\\\/www.coeurssansfrontieres.com\\\/fr\\\/vie-de-lassociation\\\/rencontres-annuelles\\\/rencontre-franco-allemande-2014-a-meaux\\\/#primaryimage\",\"url\":\"https:\\\/\\\/www.coeurssansfrontieres.com\\\/wp-content\\\/uploads\\\/2014\\\/12\\\/141220LQ051A.jpg\",\"contentUrl\":\"https:\\\/\\\/www.coeurssansfrontieres.com\\\/wp-content\\\/uploads\\\/2014\\\/12\\\/141220LQ051A.jpg\",\"width\":550,\"height\":336,\"caption\":\"141220LQ051A\"},{\"@type\":\"BreadcrumbList\",\"@id\":\"https:\\\/\\\/www.coeurssansfrontieres.com\\\/fr\\\/vie-de-lassociation\\\/rencontres-annuelles\\\/rencontre-franco-allemande-2014-a-meaux\\\/#breadcrumb\",\"itemListElement\":[{\"@type\":\"ListItem\",\"position\":1,\"name\":\"Accueil\",\"item\":\"https:\\\/\\\/www.coeurssansfrontieres.com\\\/fr\\\/\"},{\"@type\":\"ListItem\",\"position\":2,\"name\":\"Rencontre franco-allemande 2014 \u00e0 Meaux\"}]},{\"@type\":\"WebSite\",\"@id\":\"https:\\\/\\\/www.coeurssansfrontieres.com\\\/fr\\\/#website\",\"url\":\"https:\\\/\\\/www.coeurssansfrontieres.com\\\/fr\\\/\",\"name\":\"C\u0153urs sans fronti\u00e8res\",\"description\":\"Association franco-allemande des Enfants de la Seconde Guerre Mondiale\",\"potentialAction\":[{\"@type\":\"SearchAction\",\"target\":{\"@type\":\"EntryPoint\",\"urlTemplate\":\"https:\\\/\\\/www.coeurssansfrontieres.com\\\/fr\\\/?s={search_term_string}\"},\"query-input\":{\"@type\":\"PropertyValueSpecification\",\"valueRequired\":true,\"valueName\":\"search_term_string\"}}],\"inLanguage\":\"fr-FR\"},{\"@type\":\"Person\",\"@id\":\"https:\\\/\\\/www.coeurssansfrontieres.com\\\/fr\\\/#\\\/schema\\\/person\\\/19507754554eb5218427fc31038cac56\",\"name\":\"GOFFIN Alexandre\"}]}<\/script>\n<!-- \/ Yoast SEO plugin. -->","yoast_head_json":{"title":"Rencontre franco-allemande 2014 \u00e0 Meaux - CSF - HOG","robots":{"index":"index","follow":"follow","max-snippet":"max-snippet:-1","max-image-preview":"max-image-preview:large","max-video-preview":"max-video-preview:-1"},"canonical":"https:\/\/www.coeurssansfrontieres.com\/fr\/vie-de-lassociation\/rencontres-annuelles\/rencontre-franco-allemande-2014-a-meaux\/","og_locale":"fr_FR","og_type":"article","og_title":"Rencontre franco-allemande 2014 \u00e0 Meaux - CSF - HOG","og_description":"&nbsp; Notre Rencontre franco-allemande s\u2019est tenue pr\u00e8s de Meaux. Les membres de CSF-HOG et leurs invit\u00e9s ont effectu\u00e9 2 excursions. Le matin, Pays de Meaux oblige, la visite d\u2019une fromagerie et de sa cave d\u2019affinage a int\u00e9ress\u00e9 les gastronomes. L\u2019apr\u00e8s-midi en cette ann\u00e9e du centenaire de la d\u00e9claration de la guerre 1914-1918, la visite du [&hellip;]","og_url":"https:\/\/www.coeurssansfrontieres.com\/fr\/vie-de-lassociation\/rencontres-annuelles\/rencontre-franco-allemande-2014-a-meaux\/","og_site_name":"CSF - HOG","article_published_time":"2014-12-20T14:47:16+00:00","article_modified_time":"2017-10-12T08:25:16+00:00","og_image":[{"width":550,"height":336,"url":"https:\/\/www.coeurssansfrontieres.com\/wp-content\/uploads\/2014\/12\/141220LQ051A.jpg","type":"image\/jpeg"}],"author":"GOFFIN Alexandre","twitter_card":"summary_large_image","twitter_misc":{"\u00c9crit par":"GOFFIN Alexandre","Dur\u00e9e de lecture estim\u00e9e":"4 minutes"},"schema":{"@context":"https:\/\/schema.org","@graph":[{"@type":"Article","@id":"https:\/\/www.coeurssansfrontieres.com\/fr\/vie-de-lassociation\/rencontres-annuelles\/rencontre-franco-allemande-2014-a-meaux\/#article","isPartOf":{"@id":"https:\/\/www.coeurssansfrontieres.com\/fr\/vie-de-lassociation\/rencontres-annuelles\/rencontre-franco-allemande-2014-a-meaux\/"},"author":{"name":"GOFFIN Alexandre","@id":"https:\/\/www.coeurssansfrontieres.com\/fr\/#\/schema\/person\/19507754554eb5218427fc31038cac56"},"headline":"Rencontre franco-allemande 2014 \u00e0 Meaux","datePublished":"2014-12-20T14:47:16+00:00","dateModified":"2017-10-12T08:25:16+00:00","mainEntityOfPage":{"@id":"https:\/\/www.coeurssansfrontieres.com\/fr\/vie-de-lassociation\/rencontres-annuelles\/rencontre-franco-allemande-2014-a-meaux\/"},"wordCount":723,"commentCount":0,"image":{"@id":"https:\/\/www.coeurssansfrontieres.com\/fr\/vie-de-lassociation\/rencontres-annuelles\/rencontre-franco-allemande-2014-a-meaux\/#primaryimage"},"thumbnailUrl":"https:\/\/www.coeurssansfrontieres.com\/wp-content\/uploads\/2014\/12\/141220LQ051A.jpg","articleSection":["Rencontres annuelles","Vie de l'Association"],"inLanguage":"fr-FR","potentialAction":[{"@type":"CommentAction","name":"Comment","target":["https:\/\/www.coeurssansfrontieres.com\/fr\/vie-de-lassociation\/rencontres-annuelles\/rencontre-franco-allemande-2014-a-meaux\/#respond"]}]},{"@type":"WebPage","@id":"https:\/\/www.coeurssansfrontieres.com\/fr\/vie-de-lassociation\/rencontres-annuelles\/rencontre-franco-allemande-2014-a-meaux\/","url":"https:\/\/www.coeurssansfrontieres.com\/fr\/vie-de-lassociation\/rencontres-annuelles\/rencontre-franco-allemande-2014-a-meaux\/","name":"Rencontre franco-allemande 2014 \u00e0 Meaux - CSF - HOG","isPartOf":{"@id":"https:\/\/www.coeurssansfrontieres.com\/fr\/#website"},"primaryImageOfPage":{"@id":"https:\/\/www.coeurssansfrontieres.com\/fr\/vie-de-lassociation\/rencontres-annuelles\/rencontre-franco-allemande-2014-a-meaux\/#primaryimage"},"image":{"@id":"https:\/\/www.coeurssansfrontieres.com\/fr\/vie-de-lassociation\/rencontres-annuelles\/rencontre-franco-allemande-2014-a-meaux\/#primaryimage"},"thumbnailUrl":"https:\/\/www.coeurssansfrontieres.com\/wp-content\/uploads\/2014\/12\/141220LQ051A.jpg","datePublished":"2014-12-20T14:47:16+00:00","dateModified":"2017-10-12T08:25:16+00:00","author":{"@id":"https:\/\/www.coeurssansfrontieres.com\/fr\/#\/schema\/person\/19507754554eb5218427fc31038cac56"},"breadcrumb":{"@id":"https:\/\/www.coeurssansfrontieres.com\/fr\/vie-de-lassociation\/rencontres-annuelles\/rencontre-franco-allemande-2014-a-meaux\/#breadcrumb"},"inLanguage":"fr-FR","potentialAction":[{"@type":"ReadAction","target":["https:\/\/www.coeurssansfrontieres.com\/fr\/vie-de-lassociation\/rencontres-annuelles\/rencontre-franco-allemande-2014-a-meaux\/"]}]},{"@type":"ImageObject","inLanguage":"fr-FR","@id":"https:\/\/www.coeurssansfrontieres.com\/fr\/vie-de-lassociation\/rencontres-annuelles\/rencontre-franco-allemande-2014-a-meaux\/#primaryimage","url":"https:\/\/www.coeurssansfrontieres.com\/wp-content\/uploads\/2014\/12\/141220LQ051A.jpg","contentUrl":"https:\/\/www.coeurssansfrontieres.com\/wp-content\/uploads\/2014\/12\/141220LQ051A.jpg","width":550,"height":336,"caption":"141220LQ051A"},{"@type":"BreadcrumbList","@id":"https:\/\/www.coeurssansfrontieres.com\/fr\/vie-de-lassociation\/rencontres-annuelles\/rencontre-franco-allemande-2014-a-meaux\/#breadcrumb","itemListElement":[{"@type":"ListItem","position":1,"name":"Accueil","item":"https:\/\/www.coeurssansfrontieres.com\/fr\/"},{"@type":"ListItem","position":2,"name":"Rencontre franco-allemande 2014 \u00e0 Meaux"}]},{"@type":"WebSite","@id":"https:\/\/www.coeurssansfrontieres.com\/fr\/#website","url":"https:\/\/www.coeurssansfrontieres.com\/fr\/","name":"C\u0153urs sans fronti\u00e8res","description":"Association franco-allemande des Enfants de la Seconde Guerre Mondiale","potentialAction":[{"@type":"SearchAction","target":{"@type":"EntryPoint","urlTemplate":"https:\/\/www.coeurssansfrontieres.com\/fr\/?s={search_term_string}"},"query-input":{"@type":"PropertyValueSpecification","valueRequired":true,"valueName":"search_term_string"}}],"inLanguage":"fr-FR"},{"@type":"Person","@id":"https:\/\/www.coeurssansfrontieres.com\/fr\/#\/schema\/person\/19507754554eb5218427fc31038cac56","name":"GOFFIN Alexandre"}]}},"_links":{"self":[{"href":"https:\/\/www.coeurssansfrontieres.com\/fr\/wp-json\/wp\/v2\/posts\/993","targetHints":{"allow":["GET"]}}],"collection":[{"href":"https:\/\/www.coeurssansfrontieres.com\/fr\/wp-json\/wp\/v2\/posts"}],"about":[{"href":"https:\/\/www.coeurssansfrontieres.com\/fr\/wp-json\/wp\/v2\/types\/post"}],"author":[{"embeddable":true,"href":"https:\/\/www.coeurssansfrontieres.com\/fr\/wp-json\/wp\/v2\/users\/249"}],"replies":[{"embeddable":true,"href":"https:\/\/www.coeurssansfrontieres.com\/fr\/wp-json\/wp\/v2\/comments?post=993"}],"version-history":[{"count":0,"href":"https:\/\/www.coeurssansfrontieres.com\/fr\/wp-json\/wp\/v2\/posts\/993\/revisions"}],"wp:featuredmedia":[{"embeddable":true,"href":"https:\/\/www.coeurssansfrontieres.com\/fr\/wp-json\/wp\/v2\/media\/992"}],"wp:attachment":[{"href":"https:\/\/www.coeurssansfrontieres.com\/fr\/wp-json\/wp\/v2\/media?parent=993"}],"wp:term":[{"taxonomy":"category","embeddable":true,"href":"https:\/\/www.coeurssansfrontieres.com\/fr\/wp-json\/wp\/v2\/categories?post=993"},{"taxonomy":"post_tag","embeddable":true,"href":"https:\/\/www.coeurssansfrontieres.com\/fr\/wp-json\/wp\/v2\/tags?post=993"}],"curies":[{"name":"wp","href":"https:\/\/api.w.org\/{rel}","templated":true}]}}